{"id":1213,"date":"2020-06-18T10:01:54","date_gmt":"2020-06-18T10:01:54","guid":{"rendered":"https:\/\/emadridnet.uc3m.es\/?p=1213"},"modified":"2021-11-24T09:38:59","modified_gmt":"2021-11-24T09:38:59","slug":"estos-son-los-ganadores-de-los-premios-emadrid-2020","status":"publish","type":"post","link":"https:\/\/emadridnet.uc3m.es\/en\/2020\/06\/18\/estos-son-los-ganadores-de-los-premios-emadrid-2020\/","title":{"rendered":"Estos son los ganadores de los Premios eMadrid 2020"},"content":{"rendered":"<p>[et_pb_section fb_built=&#8221;1&#8243; fullwidth=&#8221;on&#8221; admin_label=&#8221;Header&#8221; _builder_version=&#8221;4.9.4&#8243; background_image=&#8221;https:\/\/storage.googleapis.com\/wp-uploads.bucket.wp.uc3m.es\/wp-content\/uploads\/sites\/40\/2021\/06\/02084601\/pexels-julia-m-cameron-4144294.jpg&#8221; parallax=&#8221;on&#8221; custom_padding=&#8221;|||&#8221; animation_style=&#8221;slide&#8221; animation_direction=&#8221;top&#8221; animation_intensity_slide=&#8221;2%&#8221; link_option_url_new_window=&#8221;on&#8221; global_colors_info=&#8221;{}&#8221;][et_pb_fullwidth_header title=&#8221;Estos son los ganadores de los Premios eMadrid 2020&#8243; button_one_url=&#8221;https:\/\/docs.google.com\/forms\/d\/e\/1FAIpQLSelJDv1KKVh6radHnahAkDmbmP__0i2QoT7NpRRfeKDNXCCNQ\/viewform&#8221; background_overlay_color=&#8221;rgba(255,255,255,0.6)&#8221; content_max_width=&#8221;700px&#8221; content_max_width_tablet=&#8221;100%&#8221; content_max_width_phone=&#8221;&#8221; content_max_width_last_edited=&#8221;on|desktop&#8221; _builder_version=&#8221;4.13.1&#8243; title_font=&#8221;Roboto|300|||||||&#8221; title_font_size=&#8221;60px&#8221; title_line_height=&#8221;1.4em&#8221; content_font=&#8221;||||||||&#8221; content_font_size=&#8221;17px&#8221; content_line_height=&#8221;1.9em&#8221; subhead_font=&#8221;|600|||||||&#8221; subhead_font_size=&#8221;20px&#8221; subhead_line_height=&#8221;1.8em&#8221; background_color=&#8221;rgba(76,76,76,0.3)&#8221; background_image=&#8221;https:\/\/storage.googleapis.com\/wp-uploads.bucket.wp.uc3m.es\/wp-content\/uploads\/sites\/40\/2021\/11\/18074535\/premio_emadrid_2012.jpg&#8221; custom_button_one=&#8221;on&#8221; button_one_text_size=&#8221;14px&#8221; button_one_text_color=&#8221;#ffffff&#8221; button_one_bg_color=&#8221;#8300e9&#8243; button_one_bg_color_gradient_start=&#8221;#d883f8&#8243; button_one_bg_color_gradient_end=&#8221;#352DBE&#8221; button_one_bg_color_gradient_direction=&#8221;90deg&#8221; button_one_border_width=&#8221;10px&#8221; button_one_border_color=&#8221;rgba(0,0,0,0)&#8221; button_one_border_radius=&#8221;100px&#8221; button_one_letter_spacing=&#8221;3px&#8221; button_one_font=&#8221;Roboto|700||on|||||&#8221; custom_button_two=&#8221;on&#8221; button_two_text_size=&#8221;14px&#8221; button_two_text_color=&#8221;#ffffff&#8221; button_two_bg_color=&#8221;#06c8ff&#8221; button_two_border_width=&#8221;10px&#8221; button_two_border_color=&#8221;rgba(0,0,0,0)&#8221; button_two_border_radius=&#8221;100px&#8221; button_two_letter_spacing=&#8221;3px&#8221; button_two_font=&#8221;Roboto|700||on|||||&#8221; background_layout=&#8221;light&#8221; custom_margin=&#8221;||||false&#8221; custom_padding=&#8221;12vw||12vw||true&#8221; custom_padding_tablet=&#8221;250px||250px||true&#8221; custom_padding_last_edited=&#8221;off|desktop&#8221; title_font_size_tablet=&#8221;40px&#8221; title_font_size_phone=&#8221;32px&#8221; title_font_size_last_edited=&#8221;on|desktop&#8221; button_one_text_color_hover=&#8221;#ffffff&#8221; button_two_text_color_hover=&#8221;#ffffff&#8221; button_one_letter_spacing_hover=&#8221;3px&#8221; button_two_letter_spacing_hover=&#8221;3px&#8221; global_colors_info=&#8221;{}&#8221; button_one_text_size__hover_enabled=&#8221;off&#8221; button_two_text_size__hover_enabled=&#8221;off&#8221; button_one_text_color__hover_enabled=&#8221;on&#8221; button_one_text_color__hover=&#8221;#ffffff&#8221; button_two_text_color__hover_enabled=&#8221;on&#8221; button_two_text_color__hover=&#8221;#ffffff&#8221; button_one_border_width__hover_enabled=&#8221;off&#8221; button_two_border_width__hover_enabled=&#8221;off&#8221; button_one_border_color__hover_enabled=&#8221;off&#8221; button_two_border_color__hover_enabled=&#8221;off&#8221; button_one_border_radius__hover_enabled=&#8221;off&#8221; button_two_border_radius__hover_enabled=&#8221;off&#8221; button_one_letter_spacing__hover_enabled=&#8221;on&#8221; button_one_letter_spacing__hover=&#8221;3px&#8221; button_two_letter_spacing__hover_enabled=&#8221;on&#8221; button_two_letter_spacing__hover=&#8221;3px&#8221; button_one_bg_color__hover_enabled=&#8221;off&#8221; button_two_bg_color__hover_enabled=&#8221;off&#8221;][\/et_pb_fullwidth_header][\/et_pb_section][et_pb_section fb_built=&#8221;1&#8243; admin_label=&#8221;Schedule&#8221; _builder_version=&#8221;3.22&#8243; max_width_tablet=&#8221;&#8221; max_width_phone=&#8221;100%&#8221; max_width_last_edited=&#8221;on|phone&#8221; min_height=&#8221;697.3px&#8221; custom_margin=&#8221;|||&#8221; custom_padding=&#8221;54px|0px|0px|0px|false|false&#8221; global_colors_info=&#8221;{}&#8221;][et_pb_row _builder_version=&#8221;4.9.9&#8243; _module_preset=&#8221;default&#8221; global_colors_info=&#8221;{}&#8221;][et_pb_column type=&#8221;4_4&#8243; _builder_version=&#8221;4.9.9&#8243; _module_preset=&#8221;default&#8221; global_colors_info=&#8221;{}&#8221;][et_pb_text _builder_version=&#8221;4.13.1&#8243; _module_preset=&#8221;default&#8221; global_colors_info=&#8221;{}&#8221;]<\/p>\n<p style=\"text-align: justify\">La red eMadrid, en el marco de la convocatoria de Programas de I+D en Tecnolog\u00edas 2018, ha seleccionado a<span>\u00a0<\/span><strong>los ganadores de los Premios eMadrid 2020<\/strong>, todos ellos autores de trabajos cuya tem\u00e1tica est\u00e1 total o parcialmente relacionada con la investigaci\u00f3n o desarrollo de tecnolog\u00edas educativas. En nombre de todo el equipo, queremos agradecer el esfuerzo de todos los candidatos que han optado en la presente edici\u00f3n a estos galardones y destacar la calidad de los trabajos presentados.\u00a0<\/p>\n<p style=\"text-align: justify\">Sigue leyendo para conocer a los ganadores en cada categor\u00eda:\u00a0\u00a0<\/p>\n<ul style=\"text-align: justify\">\n<li><span><strong>Mejor tesis doctoral:<\/strong><\/span>\u00a0<\/li>\n<\/ul>\n<p style=\"text-align: justify\">Premio\u00a0<em>ex aequo<\/em>:<span>\u00a0<\/span><b>Laia Alb\u00f3 Perez<\/b>\u00a0(UPF), por<span>\u00a0<\/span><em><span>\u00ab<\/span><\/em><span><i>Visual data-enriched design technology for blended learning<\/i><\/span><em><span>\u00bb<\/span><span>; y <strong>Konstantinos Michos<\/strong> (UPF), por \u00ab<\/span><\/em><span><i>Supporting teachers as designers with community and learning analytics: a framework, technology and case studies<\/i><\/span><span><em>\u00bb<\/em>; <\/span><\/p>\n<p style=\"text-align: justify\"><em><span>Segundo premio: <b>Pedro Plaza Merino<\/b> (UNED), por \u00ab<\/span><\/em><span><em>Laboratorio dual de rob\u00f3tica educativa<\/em>\u00bb.<\/span><\/p>\n<ul style=\"text-align: justify\">\n<li><span><strong>Mejor trabajo fin de M\u00e1ster (TFM):<\/strong><\/span><\/li>\n<\/ul>\n<p style=\"text-align: justify\"><span>Primer premio:\u00a0<strong>Roberto Daza Garc\u00eda<\/strong>, por\u00a0<em>\u00ab<\/em><em>Dise\u00f1o de plataforma de monitorizaci\u00f3n de estudiantes en l\u00ednea a trav\u00e9s de la interacci\u00f3n hombre-m\u00e1quina\u00bb<\/em>.<\/span><\/p>\n<p style=\"text-align: justify\"><span>Segundo premio:\u00a0<strong>Francisco Jim\u00e9nez Moral<\/strong>, por\u00a0<\/span><span>\u00ab<em>Debrapp:\u00a0 creaci\u00f3n\u00a0 de\u00a0 una\u00a0 herramienta\u00a0 mobile\u00a0 learning para\u00a0 aprendizaje colaborativo<\/em>\u00bb.<\/span><\/p>\n<ul style=\"text-align: justify\">\n<li>\u00a0<strong>Mejor trabajo fin de Grado (TFG):<\/strong><\/li>\n<\/ul>\n<p style=\"text-align: justify\">Primer premio:<span>\u00a0<\/span><strong>Laura Hidalgo Rueda<\/strong>, por\u00a0<em>\u00ab<\/em><span><i>RODY: Aplicaci\u00f3n educativa para ni\u00f1os de educaci\u00f3n infantil\u00bb<\/i><\/span>.<\/p>\n<p style=\"text-align: justify\">Segundo premio:\u00a0<strong>Isaac Lozano Osorio<\/strong>, por\u00a0\u00ab<em>Blue Thinking<\/em>\u00bb<\/p>\n<p>[\/et_pb_text][\/et_pb_column][\/et_pb_row][\/et_pb_section]<\/p>\n","protected":false},"excerpt":{"rendered":"<p>La red eMadrid, en el marco de la convocatoria de Programas de I+D en Tecnolog\u00edas 2018, ha seleccionado a\u00a0los ganadores de los Premios eMadrid 2020, todos ellos autores de trabajos cuya tem\u00e1tica est\u00e1 total o parcialmente relacionada con la investigaci\u00f3n o desarrollo de tecnolog\u00edas educativas. En nombre de todo el equipo, queremos agradecer el esfuerzo [&hellip;]<\/p>\n","protected":false},"author":120,"featured_media":1140,"comment_status":"open","ping_status":"open","sticky":false,"template":"","format":"standard","meta":{"_et_pb_use_builder":"on","_et_pb_old_content":"","_et_gb_content_width":"","footnotes":""},"categories":[15],"tags":[],"class_list":["post-1213","post","type-post","status-publish","format-standard","has-post-thumbnail","hentry","category-noticias"],"_links":{"self":[{"href":"https:\/\/emadridnet.uc3m.es\/en\/wp-json\/wp\/v2\/posts\/1213","targetHints":{"allow":["GET"]}}],"collection":[{"href":"https:\/\/emadridnet.uc3m.es\/en\/wp-json\/wp\/v2\/posts"}],"about":[{"href":"https:\/\/emadridnet.uc3m.es\/en\/wp-json\/wp\/v2\/types\/post"}],"author":[{"embeddable":true,"href":"https:\/\/emadridnet.uc3m.es\/en\/wp-json\/wp\/v2\/users\/120"}],"replies":[{"embeddable":true,"href":"https:\/\/emadridnet.uc3m.es\/en\/wp-json\/wp\/v2\/comments?post=1213"}],"version-history":[{"count":4,"href":"https:\/\/emadridnet.uc3m.es\/en\/wp-json\/wp\/v2\/posts\/1213\/revisions"}],"predecessor-version":[{"id":1568,"href":"https:\/\/emadridnet.uc3m.es\/en\/wp-json\/wp\/v2\/posts\/1213\/revisions\/1568"}],"wp:featuredmedia":[{"embeddable":true,"href":"https:\/\/emadridnet.uc3m.es\/en\/wp-json\/wp\/v2\/media\/1140"}],"wp:attachment":[{"href":"https:\/\/emadridnet.uc3m.es\/en\/wp-json\/wp\/v2\/media?parent=1213"}],"wp:term":[{"taxonomy":"category","embeddable":true,"href":"https:\/\/emadridnet.uc3m.es\/en\/wp-json\/wp\/v2\/categories?post=1213"},{"taxonomy":"post_tag","embeddable":true,"href":"https:\/\/emadridnet.uc3m.es\/en\/wp-json\/wp\/v2\/tags?post=1213"}],"curies":[{"name":"wp","href":"https:\/\/api.w.org\/{rel}","templated":true}]}}