{"id":2163,"date":"2018-09-01T08:26:56","date_gmt":"2018-09-01T08:26:56","guid":{"rendered":"https:\/\/emadridnet.uc3m.es\/?p=2163"},"modified":"2021-11-30T08:27:26","modified_gmt":"2021-11-30T08:27:26","slug":"madrid-acoge-el-v-congreso-internacional-lwmoocs-moocs-for-all-a-social-and-international-approach","status":"publish","type":"post","link":"https:\/\/emadridnet.uc3m.es\/en\/2018\/09\/01\/madrid-acoge-el-v-congreso-internacional-lwmoocs-moocs-for-all-a-social-and-international-approach\/","title":{"rendered":"Madrid acoge el V Congreso internacional LWMOOCS, \u00abMOOCs for all: a social and international approach\u00bb"},"content":{"rendered":"<p>[et_pb_section fb_built=&#8221;1&#8243; fullwidth=&#8221;on&#8221; admin_label=&#8221;Header&#8221; _builder_version=&#8221;4.9.4&#8243; background_image=&#8221;https:\/\/storage.googleapis.com\/wp-uploads.bucket.wp.uc3m.es\/wp-content\/uploads\/sites\/40\/2021\/06\/02084601\/pexels-julia-m-cameron-4144294.jpg&#8221; parallax=&#8221;on&#8221; custom_padding=&#8221;|||&#8221; animation_style=&#8221;slide&#8221; animation_direction=&#8221;top&#8221; animation_intensity_slide=&#8221;2%&#8221; link_option_url_new_window=&#8221;on&#8221; global_colors_info=&#8221;{}&#8221; theme_builder_area=&#8221;post_content&#8221;][et_pb_fullwidth_header title=&#8221;Madrid acoge el V Congreso internacional LWMOOCS, \u00abMOOCs for all: a social and international approach\u00bb&#8221; button_one_url=&#8221;https:\/\/docs.google.com\/forms\/d\/e\/1FAIpQLSelJDv1KKVh6radHnahAkDmbmP__0i2QoT7NpRRfeKDNXCCNQ\/viewform&#8221; background_overlay_color=&#8221;rgba(255,255,255,0.6)&#8221; content_max_width=&#8221;700px&#8221; content_max_width_tablet=&#8221;100%&#8221; content_max_width_phone=&#8221;&#8221; content_max_width_last_edited=&#8221;on|desktop&#8221; _builder_version=&#8221;4.14.1&#8243; title_font=&#8221;Roboto|300|||||||&#8221; title_font_size=&#8221;60px&#8221; title_line_height=&#8221;1.4em&#8221; content_font=&#8221;||||||||&#8221; content_font_size=&#8221;17px&#8221; content_line_height=&#8221;1.9em&#8221; subhead_font=&#8221;|600|||||||&#8221; subhead_font_size=&#8221;20px&#8221; subhead_line_height=&#8221;1.8em&#8221; background_color=&#8221;rgba(76,76,76,0.3)&#8221; background_image=&#8221;https:\/\/storage.googleapis.com\/wp-uploads.bucket.wp.uc3m.es\/wp-content\/uploads\/sites\/40\/2021\/11\/10091133\/weef.png&#8221; custom_button_one=&#8221;on&#8221; button_one_text_size=&#8221;14px&#8221; button_one_text_color=&#8221;#ffffff&#8221; button_one_bg_color=&#8221;#8300e9&#8243; button_one_bg_color_gradient_start=&#8221;#d883f8&#8243; button_one_bg_color_gradient_end=&#8221;#352DBE&#8221; button_one_bg_color_gradient_direction=&#8221;90deg&#8221; button_one_border_width=&#8221;10px&#8221; button_one_border_color=&#8221;rgba(0,0,0,0)&#8221; button_one_border_radius=&#8221;100px&#8221; button_one_letter_spacing=&#8221;3px&#8221; button_one_font=&#8221;Roboto|700||on|||||&#8221; custom_button_two=&#8221;on&#8221; button_two_text_size=&#8221;14px&#8221; button_two_text_color=&#8221;#ffffff&#8221; button_two_bg_color=&#8221;#06c8ff&#8221; button_two_border_width=&#8221;10px&#8221; button_two_border_color=&#8221;rgba(0,0,0,0)&#8221; button_two_border_radius=&#8221;100px&#8221; button_two_letter_spacing=&#8221;3px&#8221; button_two_font=&#8221;Roboto|700||on|||||&#8221; background_layout=&#8221;light&#8221; custom_margin=&#8221;||||false&#8221; custom_padding=&#8221;12vw||12vw||true&#8221; custom_padding_tablet=&#8221;250px||250px||true&#8221; custom_padding_last_edited=&#8221;off|desktop&#8221; hover_enabled=&#8221;0&#8243; title_font_size_tablet=&#8221;40px&#8221; title_font_size_phone=&#8221;32px&#8221; title_font_size_last_edited=&#8221;on|desktop&#8221; button_one_text_color_hover=&#8221;#ffffff&#8221; button_two_text_color_hover=&#8221;#ffffff&#8221; button_one_letter_spacing_hover=&#8221;3px&#8221; button_two_letter_spacing_hover=&#8221;3px&#8221; global_colors_info=&#8221;{}&#8221; button_one_text_size__hover_enabled=&#8221;off&#8221; button_two_text_size__hover_enabled=&#8221;off&#8221; button_one_text_color__hover_enabled=&#8221;on&#8221; button_one_text_color__hover=&#8221;#ffffff&#8221; button_two_text_color__hover_enabled=&#8221;on&#8221; button_two_text_color__hover=&#8221;#ffffff&#8221; button_one_border_width__hover_enabled=&#8221;off&#8221; button_two_border_width__hover_enabled=&#8221;off&#8221; button_one_border_color__hover_enabled=&#8221;off&#8221; button_two_border_color__hover_enabled=&#8221;off&#8221; button_one_border_radius__hover_enabled=&#8221;off&#8221; button_two_border_radius__hover_enabled=&#8221;off&#8221; button_one_letter_spacing__hover_enabled=&#8221;on&#8221; button_one_letter_spacing__hover=&#8221;3px&#8221; button_two_letter_spacing__hover_enabled=&#8221;on&#8221; button_two_letter_spacing__hover=&#8221;3px&#8221; button_one_bg_color__hover_enabled=&#8221;off&#8221; button_two_bg_color__hover_enabled=&#8221;off&#8221; theme_builder_area=&#8221;post_content&#8221; sticky_enabled=&#8221;0&#8243;][\/et_pb_fullwidth_header][\/et_pb_section][et_pb_section fb_built=&#8221;1&#8243; admin_label=&#8221;Schedule&#8221; _builder_version=&#8221;3.22&#8243; max_width_tablet=&#8221;&#8221; max_width_phone=&#8221;100%&#8221; max_width_last_edited=&#8221;on|phone&#8221; min_height=&#8221;1028.3px&#8221; custom_margin=&#8221;|||&#8221; custom_padding=&#8221;54px|0px|0px|0px|false|false&#8221; global_colors_info=&#8221;{}&#8221; theme_builder_area=&#8221;post_content&#8221;][et_pb_row _builder_version=&#8221;4.9.9&#8243; _module_preset=&#8221;default&#8221; global_colors_info=&#8221;{}&#8221; theme_builder_area=&#8221;post_content&#8221;][et_pb_column type=&#8221;4_4&#8243; _builder_version=&#8221;4.9.9&#8243; _module_preset=&#8221;default&#8221; global_colors_info=&#8221;{}&#8221; theme_builder_area=&#8221;post_content&#8221;][et_pb_text _builder_version=&#8221;4.14.1&#8243; _module_preset=&#8221;default&#8221; hover_enabled=&#8221;0&#8243; global_colors_info=&#8221;{}&#8221; theme_builder_area=&#8221;post_content&#8221; sticky_enabled=&#8221;0&#8243;]<\/p>\n<p style=\"font-weight: 400;text-align: justify\"><b><strong>Madrid acoge el pr\u00f3ximo mes de septiembre (26, 27 y 28) la V edici\u00f3n del Congreso LWMOOCS que, por primera vez, sale del circuito estadounidense<\/strong><\/b>. Gana as\u00ed este evento educativo, que gira en torno a los cursos online masivos y en abierto, proyecci\u00f3n internacional y social, al amparo de la mayor asociaci\u00f3n mundial de ingenier\u00eda que existe, el IEEE.<\/p>\n<p style=\"font-weight: 400;text-align: justify\">Toda la informaci\u00f3n sobre el Congreso<span>\u00a0<\/span><a href=\"http:\/\/learningwithmoocs2018.org\/index.php\">http:\/\/learningwithmoocs2018.org\/index.php<\/a><\/p>\n<p style=\"font-weight: 400;text-align: justify\">Consulta c\u00f3mo registrarte \u00a0<a href=\"http:\/\/learningwithmoocs2018.org\/index.php#registration\">http:\/\/learningwithmoocs2018.org\/index.php#registration<\/a><\/p>\n<p style=\"font-weight: 400;text-align: justify\">El desarrollo de los<span>\u00a0<\/span><b><strong>cursos online masivos y abiertos (MOOCs en ingl\u00e9s<\/strong><\/b>) ha alcanzado una madurez en las \u00e1reas de Educaci\u00f3n Superior, as\u00ed como en el reconocimiento de las t\u00e9cnicas en que se basan a nivel profesional y empresarial, siguiendo con nuevos retos como los m\u00e1steres basados en cursos MOOCs o, en el futuro, grados completos basados en estos cursos igualmente.<span>\u00a0<\/span><b><strong>Su apertura hacia todos, su independencia del nivel previo y su car\u00e1cter educativo y de transmisi\u00f3n del conocimiento<\/strong><\/b>\u00a0han permitido que la mayor\u00eda de instituciones educativas tengan presencia, de una u otra forma, en este tipo de cursos internacionales.<\/p>\n<p><b><strong>La quinta edici\u00f3n del congreso LWMOOCS se celebrar\u00e1 los d\u00edas 26, 27 y 28 de septiembre en Madrid<\/strong><\/b>, habi\u00e9ndose realizado siempre hasta ahora en Estados Unidos: su debut, en 2014, fue en Cambridge (MA, EE.UU.), organizado por la plataforma edX y el MIT (Instituto Tecnol\u00f3gico de Massachusetts); en 2015 fue el turno de Nueva York, bajo la supervisi\u00f3n de la Universidad de Columbia; Filadelfia y la Universidad de Pensilvania fueron los anfitriones de la tercera edici\u00f3n, en 2016; y Austin y la Universidad de Texas se encargaron de su organizaci\u00f3n en 2017.<\/p>\n<p>En 2018 se realiz\u00f3 el traspaso del congreso a la Sociedad de Educaci\u00f3n del IEEE para ampliar su proyecci\u00f3n internacional y aprovechar las sinergias con la mayor asociaci\u00f3n mundial de ingenier\u00eda que existe (el IEEE), siguiendo los est\u00e1ndares de calidad m\u00e1s elevados en la celebraci\u00f3n de congresos, promovidos por esta asociaci\u00f3n en todos sus eventos.<span>\u00a0<\/span><b><strong>Este a\u00f1o, se publicar\u00e1n por primer vez las actas y presentaciones del Congreso en el repositorio del IEEE Xplorer.<\/strong><\/b><\/p>\n<p>\u00abQueremos remarcar el car\u00e1cter de este quinto congreso, su dimensi\u00f3n social e internacional, as\u00ed como la elevada interactividad de las sesiones, ya que m\u00e1s de la mitad del tiempo se dedica a interactuar y opinar. Esto favorece el que, tras cada sesi\u00f3n, se abra un enriquecedor debate que permite profundizar en los contenidos expuestos\u00bb, subrayan\u00a0<b><strong>Manuel Castro,<\/strong><\/b>\u00a0catedr\u00e1tico de la UNED y Fellow de IEEE, y<span>\u00a0<\/span><b><strong>Edmundo Tovar<\/strong><\/b>, profesor de la UPM, ambos organizadores del Congreso y<span>\u00a0<\/span><b><strong>miembros de la red eMadrid<\/strong><\/b>. Esta \u00faltima tiene un protagonismo muy activo en el evento gracias a la participaci\u00f3n de algunos de sus miembros como su coordinador,<span>\u00a0<\/span><b><strong>Carlos Delgado Kloos<\/strong><\/b>, catedr\u00e1tico de la UC3M y responsable del programa del Congreso;<span>\u00a0<\/span><b><strong>Elio Sancristobal<\/strong><\/b><span>\u00a0<\/span>(UNED),<span>\u00a0<\/span><b><strong>Rosa Cabedo<\/strong><\/b><span>\u00a0<\/span>(UPM),<span>\u00a0<\/span><b><strong>Pedro Mu\u00f1oz Merino<\/strong><\/b><span>\u00a0<\/span>(UC3M),<b><strong><span>\u00a0<\/span>Ruth Cobos<span>\u00a0<\/span><\/strong><\/b>(UAM) y<span>\u00a0<\/span><b><strong>Sergio Mart\u00edn<\/strong><\/b>, de la (UNED).<\/p>\n<p style=\"font-weight: 400;text-align: justify\">\u00abPara ello -contin\u00faan los organizadores-<span>\u00a0<\/span><b><strong>contaremos con la presencia de Anant\u00a0Agarwal\u00a0(CEO de edX<\/strong><\/b><span>\u00a0<\/span>y uno de los fundadores del Congreso),<span>\u00a0<\/span><b><strong>Class Central, Future Learn, el Instituto Tecnol\u00f3gico de Georgia, la Universidad de Berkeley, la Universidad Galileo, EADTU<\/strong><\/b>, hasta superar m\u00e1s de cincuenta contribuciones de instituciones educativas y empresas de todo el mundo\u00bb.\u00a0\u00a0<\/p>\n<p style=\"font-weight: 400;text-align: justify\"><b><strong>\u00bfA qui\u00e9n va dirigido este evento?\u00a0<\/strong><\/b><\/p>\n<ul style=\"font-weight: 400\">\n<li style=\"text-align: justify\">Estudiantes interesados en el futuro de la aplicaciones masivas y el conocimiento en educaci\u00f3n y tecnolog\u00eda<\/li>\n<li style=\"text-align: justify\">Profesionales que participan en procesos de tutorizaci\u00f3n o formaci\u00f3n en sus centros o que est\u00e1n interesados en ponerlos en marcha usando MOOCs<\/li>\n<li style=\"text-align: justify\">Docentes tanto de Educaci\u00f3n Superior como de Formaci\u00f3n Continua y para la vida, donde este tipo de actividades y cursos encajan perfectamente<\/li>\n<li style=\"text-align: justify\">Gestores de formaci\u00f3n en empresas, en centros de Educaci\u00f3n Superior o en instituciones educativas que busquen compartir sus experiencias y adquirir nuevas visiones de las aplicaciones a nivel internacional<\/li>\n<\/ul>\n<p>[\/et_pb_text][\/et_pb_column][\/et_pb_row][\/et_pb_section]<\/p>\n","protected":false},"excerpt":{"rendered":"<p>Madrid acoge el pr\u00f3ximo mes de septiembre (26, 27 y 28) la V edici\u00f3n del Congreso LWMOOCS que, por primera vez, sale del circuito estadounidense. Gana as\u00ed este evento educativo, que gira en torno a los cursos online masivos y en abierto, proyecci\u00f3n internacional y social, al amparo de la mayor asociaci\u00f3n mundial de ingenier\u00eda [&hellip;]<\/p>\n","protected":false},"author":120,"featured_media":0,"comment_status":"open","ping_status":"open","sticky":false,"template":"","format":"standard","meta":{"_et_pb_use_builder":"on","_et_pb_old_content":"","_et_gb_content_width":"","footnotes":""},"categories":[15],"tags":[],"class_list":["post-2163","post","type-post","status-publish","format-standard","hentry","category-noticias"],"_links":{"self":[{"href":"https:\/\/emadridnet.uc3m.es\/en\/wp-json\/wp\/v2\/posts\/2163","targetHints":{"allow":["GET"]}}],"collection":[{"href":"https:\/\/emadridnet.uc3m.es\/en\/wp-json\/wp\/v2\/posts"}],"about":[{"href":"https:\/\/emadridnet.uc3m.es\/en\/wp-json\/wp\/v2\/types\/post"}],"author":[{"embeddable":true,"href":"https:\/\/emadridnet.uc3m.es\/en\/wp-json\/wp\/v2\/users\/120"}],"replies":[{"embeddable":true,"href":"https:\/\/emadridnet.uc3m.es\/en\/wp-json\/wp\/v2\/comments?post=2163"}],"version-history":[{"count":2,"href":"https:\/\/emadridnet.uc3m.es\/en\/wp-json\/wp\/v2\/posts\/2163\/revisions"}],"predecessor-version":[{"id":2165,"href":"https:\/\/emadridnet.uc3m.es\/en\/wp-json\/wp\/v2\/posts\/2163\/revisions\/2165"}],"wp:attachment":[{"href":"https:\/\/emadridnet.uc3m.es\/en\/wp-json\/wp\/v2\/media?parent=2163"}],"wp:term":[{"taxonomy":"category","embeddable":true,"href":"https:\/\/emadridnet.uc3m.es\/en\/wp-json\/wp\/v2\/categories?post=2163"},{"taxonomy":"post_tag","embeddable":true,"href":"https:\/\/emadridnet.uc3m.es\/en\/wp-json\/wp\/v2\/tags?post=2163"}],"curies":[{"name":"wp","href":"https:\/\/api.w.org\/{rel}","templated":true}]}}