{"id":2172,"date":"2018-06-30T08:34:02","date_gmt":"2018-06-30T08:34:02","guid":{"rendered":"https:\/\/emadridnet.uc3m.es\/?p=2172"},"modified":"2021-11-30T08:34:49","modified_gmt":"2021-11-30T08:34:49","slug":"estos-son-los-ganadores-de-los-premios-emadrid-2018","status":"publish","type":"post","link":"https:\/\/emadridnet.uc3m.es\/en\/2018\/06\/30\/estos-son-los-ganadores-de-los-premios-emadrid-2018\/","title":{"rendered":"Estos son los ganadores de los Premios eMadrid 2018"},"content":{"rendered":"\n[et_pb_section fb_built=&#8221;1&#8243; fullwidth=&#8221;on&#8221; admin_label=&#8221;Header&#8221; _builder_version=&#8221;4.9.4&#8243; background_image=&#8221;https:\/\/storage.googleapis.com\/wp-uploads.bucket.wp.uc3m.es\/wp-content\/uploads\/sites\/40\/2021\/06\/02084601\/pexels-julia-m-cameron-4144294.jpg&#8221; parallax=&#8221;on&#8221; custom_padding=&#8221;|||&#8221; animation_style=&#8221;slide&#8221; animation_direction=&#8221;top&#8221; animation_intensity_slide=&#8221;2%&#8221; link_option_url_new_window=&#8221;on&#8221; global_colors_info=&#8221;{}&#8221; theme_builder_area=&#8221;post_content&#8221;][et_pb_fullwidth_header title=&#8221;Estos son los ganadores de los Premios eMadrid 2018&#8243; button_one_url=&#8221;https:\/\/docs.google.com\/forms\/d\/e\/1FAIpQLSelJDv1KKVh6radHnahAkDmbmP__0i2QoT7NpRRfeKDNXCCNQ\/viewform&#8221; background_overlay_color=&#8221;rgba(255,255,255,0.6)&#8221; content_max_width=&#8221;700px&#8221; content_max_width_tablet=&#8221;100%&#8221; content_max_width_phone=&#8221;&#8221; content_max_width_last_edited=&#8221;on|desktop&#8221; _builder_version=&#8221;4.14.1&#8243; title_font=&#8221;Roboto|300|||||||&#8221; title_font_size=&#8221;60px&#8221; title_line_height=&#8221;1.4em&#8221; content_font=&#8221;||||||||&#8221; content_font_size=&#8221;17px&#8221; content_line_height=&#8221;1.9em&#8221; subhead_font=&#8221;|600|||||||&#8221; subhead_font_size=&#8221;20px&#8221; subhead_line_height=&#8221;1.8em&#8221; background_color=&#8221;rgba(76,76,76,0.3)&#8221; background_image=&#8221;https:\/\/storage.googleapis.com\/wp-uploads.bucket.wp.uc3m.es\/wp-content\/uploads\/sites\/40\/2021\/11\/30083205\/premio_emadrid_2012-1.jpg&#8221; custom_button_one=&#8221;on&#8221; button_one_text_size=&#8221;14px&#8221; button_one_text_color=&#8221;#ffffff&#8221; button_one_bg_color=&#8221;#8300e9&#8243; button_one_bg_color_gradient_start=&#8221;#d883f8&#8243; button_one_bg_color_gradient_end=&#8221;#352DBE&#8221; button_one_bg_color_gradient_direction=&#8221;90deg&#8221; button_one_border_width=&#8221;10px&#8221; button_one_border_color=&#8221;rgba(0,0,0,0)&#8221; button_one_border_radius=&#8221;100px&#8221; button_one_letter_spacing=&#8221;3px&#8221; button_one_font=&#8221;Roboto|700||on|||||&#8221; custom_button_two=&#8221;on&#8221; button_two_text_size=&#8221;14px&#8221; button_two_text_color=&#8221;#ffffff&#8221; button_two_bg_color=&#8221;#06c8ff&#8221; button_two_border_width=&#8221;10px&#8221; button_two_border_color=&#8221;rgba(0,0,0,0)&#8221; button_two_border_radius=&#8221;100px&#8221; button_two_letter_spacing=&#8221;3px&#8221; button_two_font=&#8221;Roboto|700||on|||||&#8221; background_layout=&#8221;light&#8221; custom_margin=&#8221;||||false&#8221; custom_padding=&#8221;12vw||12vw||true&#8221; custom_padding_tablet=&#8221;250px||250px||true&#8221; custom_padding_last_edited=&#8221;off|desktop&#8221; hover_enabled=&#8221;0&#8243; title_font_size_tablet=&#8221;40px&#8221; title_font_size_phone=&#8221;32px&#8221; title_font_size_last_edited=&#8221;on|desktop&#8221; button_one_text_color_hover=&#8221;#ffffff&#8221; button_two_text_color_hover=&#8221;#ffffff&#8221; button_one_letter_spacing_hover=&#8221;3px&#8221; button_two_letter_spacing_hover=&#8221;3px&#8221; global_colors_info=&#8221;{}&#8221; button_one_text_size__hover_enabled=&#8221;off&#8221; button_two_text_size__hover_enabled=&#8221;off&#8221; button_one_text_color__hover_enabled=&#8221;on&#8221; button_one_text_color__hover=&#8221;#ffffff&#8221; button_two_text_color__hover_enabled=&#8221;on&#8221; button_two_text_color__hover=&#8221;#ffffff&#8221; button_one_border_width__hover_enabled=&#8221;off&#8221; button_two_border_width__hover_enabled=&#8221;off&#8221; button_one_border_color__hover_enabled=&#8221;off&#8221; button_two_border_color__hover_enabled=&#8221;off&#8221; button_one_border_radius__hover_enabled=&#8221;off&#8221; button_two_border_radius__hover_enabled=&#8221;off&#8221; button_one_letter_spacing__hover_enabled=&#8221;on&#8221; button_one_letter_spacing__hover=&#8221;3px&#8221; button_two_letter_spacing__hover_enabled=&#8221;on&#8221; button_two_letter_spacing__hover=&#8221;3px&#8221; button_one_bg_color__hover_enabled=&#8221;off&#8221; button_two_bg_color__hover_enabled=&#8221;off&#8221; theme_builder_area=&#8221;post_content&#8221; title_text=&#8221;premio_emadrid_2012&#8243; sticky_enabled=&#8221;0&#8243;][\/et_pb_fullwidth_header][\/et_pb_section][et_pb_section fb_built=&#8221;1&#8243; admin_label=&#8221;Schedule&#8221; _builder_version=&#8221;3.22&#8243; max_width_tablet=&#8221;&#8221; max_width_phone=&#8221;100%&#8221; max_width_last_edited=&#8221;on|phone&#8221; min_height=&#8221;767.3px&#8221; custom_margin=&#8221;||-2px|||&#8221; custom_padding=&#8221;54px|0px|0px|0px|false|false&#8221; global_colors_info=&#8221;{}&#8221; theme_builder_area=&#8221;post_content&#8221;][et_pb_row _builder_version=&#8221;4.9.9&#8243; _module_preset=&#8221;default&#8221; global_colors_info=&#8221;{}&#8221; theme_builder_area=&#8221;post_content&#8221;][et_pb_column type=&#8221;4_4&#8243; _builder_version=&#8221;4.9.9&#8243; _module_preset=&#8221;default&#8221; global_colors_info=&#8221;{}&#8221; theme_builder_area=&#8221;post_content&#8221;][et_pb_text _builder_version=&#8221;4.14.1&#8243; _module_preset=&#8221;default&#8221; hover_enabled=&#8221;0&#8243; global_colors_info=&#8221;{}&#8221; theme_builder_area=&#8221;post_content&#8221; sticky_enabled=&#8221;0&#8243;]<p style=\"text-align: justify\">La red eMadrid, en el marco de la convocatoria de Programas de I+D en Tecnolog\u00edas 2013, ha seleccionado a los ganadores de los Premios eMadrid 2018, todos ellos autores de trabajos cuya tem\u00e1tica est\u00e1 total o parcialmente relacionada con la investigaci\u00f3n o desarrollo de tecnolog\u00edas educativas. Agradecemos el esfuerzo de todos los candidatos que han optado en la presente edici\u00f3n a estos galardones y destacamos la calidad de los trabajos presentados.\u00a0<\/p>\n<p style=\"text-align: justify\">Anunciamos a continuaci\u00f3n los ganadores en cada categor\u00eda:\u00a0\u00a0<\/p>\n<p style=\"text-align: justify\">\n<ul style=\"text-align: justify\">\n<li><span><strong>Mejor tesis doctoral:<\/strong><\/span>\n<ul>\n<li>Primer premio:<span>\u00a0<\/span><strong>Jos\u00e9 Antonio Ruip\u00e9rez Valiente<\/strong><span>\u00a0<\/span>(UC3M), por<span>\u00a0<\/span><em><span>\u00abAnalyzing the behavior of students regarding learning activities, badges and academic dishonesty in MOOC environment\u00bb.<\/span><\/em><\/li>\n<li>Menci\u00f3n especial:<span>\u00a0<\/span><strong>Oriol Borr\u00e1s Gen\u00e9<\/strong><span>\u00a0<\/span>(UPM), por\u00a0<em><span>\u00abT\u00e9cnicas y metodolog\u00edas para el aprendizaje cooperativo y ubicuo en la construcci\u00f3n de comunidades virtuales mediante MOOC\u00bb.<\/span><\/em><\/li>\n<\/ul>\n<\/li>\n<li><span><strong>Mejor trabajo fin de M\u00e1ster (TFM):<\/strong><\/span>\n<ul>\n<li>Primer premio:<span>\u00a0<\/span><strong>Cristina Alonso Fern\u00e1ndez<\/strong>\u00a0(UCM), por\u00a0<em><span>\u00abApplying data mining techniques to Game Learning Analytics\u00bb.<\/span><\/em><\/li>\n<li>Menci\u00f3n especial:<span>\u00a0<\/span><strong>Pedro Manuel Moreno Marcos<\/strong><span>\u00a0<\/span>(UC3M), por\u00a0<span><em>\u00abAnal\u00edtica del aprendizaje social en MOOCs: herramienta de visualizaci\u00f3n y predicci\u00f3n para los foros de edX\u00bb<\/em>.<\/span>\u00a0<\/li>\n<\/ul>\n<\/li>\n<li><span><strong>Mejor trabajo fin de Grado (TFG):<\/strong><\/span>\n<ul>\n<li>Primer premio:<span>\u00a0<\/span><strong>Tania Castellano Brasero<\/strong><span>\u00a0<\/span>(URJC), por\u00a0<span><em>\u00abCreaci\u00f3n de una aplicaci\u00f3n educativa de realidad aumentada para el primer ciclo de Educaci\u00f3n Primaria usando el SDK de Vuforia: Ense\u00f1APP\u00bb<\/em>.<\/span>\u00a0<\/li>\n<li>Menci\u00f3n especial:<span>\u00a0<\/span><strong>V\u00edctor Mac\u00edas Palla<\/strong><span>\u00a0<\/span>(UAM), por\u00a0<em><span>\u00abHerramienta para el modelado predictivo en entornos educativos en l\u00ednea\u00bb.<\/span><\/em><\/li>\n<\/ul>\n<\/li>\n<\/ul>\n<p style=\"text-align: justify\">El pr\u00f3ximo 2 de julio, durante la celebraci\u00f3n de las<span>\u00a0<\/span><a href=\"http:\/\/www.emadridnet.org\/index.php\/es\/eventos2\/1016-viii-jornadas-emadrid\">VIII Jornadas eMadrid\u00a0sobre Cyberlearning<\/a>, en el campus de Puerta de Toledo de la UC3M, se har\u00e1 entrega de los Premios eMadrid 2018 y los ganadores de cada categor\u00eda tendr\u00e1n la oportunidad de presentar sus trabajos. \u00a1Enhorabuena a todos!<\/p>[\/et_pb_text][\/et_pb_column][\/et_pb_row][\/et_pb_section]\n","protected":false},"excerpt":{"rendered":"<p>La red eMadrid, en el marco de la convocatoria de Programas de I+D en Tecnolog\u00edas 2013, ha seleccionado a los ganadores de los Premios eMadrid 2018, todos ellos autores de trabajos cuya tem\u00e1tica est\u00e1 total o parcialmente relacionada con la investigaci\u00f3n o desarrollo de tecnolog\u00edas educativas. Agradecemos el esfuerzo de todos los candidatos que han [&hellip;]<\/p>\n","protected":false},"author":120,"featured_media":2173,"comment_status":"open","ping_status":"open","sticky":false,"template":"","format":"standard","meta":{"_et_pb_use_builder":"on","_et_pb_old_content":"","_et_gb_content_width":"","footnotes":""},"categories":[15],"tags":[],"class_list":["post-2172","post","type-post","status-publish","format-standard","has-post-thumbnail","hentry","category-noticias"],"_links":{"self":[{"href":"https:\/\/emadridnet.uc3m.es\/en\/wp-json\/wp\/v2\/posts\/2172","targetHints":{"allow":["GET"]}}],"collection":[{"href":"https:\/\/emadridnet.uc3m.es\/en\/wp-json\/wp\/v2\/posts"}],"about":[{"href":"https:\/\/emadridnet.uc3m.es\/en\/wp-json\/wp\/v2\/types\/post"}],"author":[{"embeddable":true,"href":"https:\/\/emadridnet.uc3m.es\/en\/wp-json\/wp\/v2\/users\/120"}],"replies":[{"embeddable":true,"href":"https:\/\/emadridnet.uc3m.es\/en\/wp-json\/wp\/v2\/comments?post=2172"}],"version-history":[{"count":3,"href":"https:\/\/emadridnet.uc3m.es\/en\/wp-json\/wp\/v2\/posts\/2172\/revisions"}],"predecessor-version":[{"id":2177,"href":"https:\/\/emadridnet.uc3m.es\/en\/wp-json\/wp\/v2\/posts\/2172\/revisions\/2177"}],"wp:featuredmedia":[{"embeddable":true,"href":"https:\/\/emadridnet.uc3m.es\/en\/wp-json\/wp\/v2\/media\/2173"}],"wp:attachment":[{"href":"https:\/\/emadridnet.uc3m.es\/en\/wp-json\/wp\/v2\/media?parent=2172"}],"wp:term":[{"taxonomy":"category","embeddable":true,"href":"https:\/\/emadridnet.uc3m.es\/en\/wp-json\/wp\/v2\/categories?post=2172"},{"taxonomy":"post_tag","embeddable":true,"href":"https:\/\/emadridnet.uc3m.es\/en\/wp-json\/wp\/v2\/tags?post=2172"}],"curies":[{"name":"wp","href":"https:\/\/api.w.org\/{rel}","templated":true}]}}