{"id":2186,"date":"2018-04-17T08:47:13","date_gmt":"2018-04-17T08:47:13","guid":{"rendered":"https:\/\/emadridnet.uc3m.es\/?p=2186"},"modified":"2021-11-30T08:47:54","modified_gmt":"2021-11-30T08:47:54","slug":"sesion-especial-de-emadrid-en-educon-2018-sobre-sus-experiencias-en-multi-aprendizaje","status":"publish","type":"post","link":"https:\/\/emadridnet.uc3m.es\/en\/2018\/04\/17\/sesion-especial-de-emadrid-en-educon-2018-sobre-sus-experiencias-en-multi-aprendizaje\/","title":{"rendered":"Sesi\u00f3n especial de eMadrid en EDUCON 2018 sobre sus experiencias en \u00abmulti aprendizaje\u00bb"},"content":{"rendered":"<p>[et_pb_section fb_built=&#8221;1&#8243; fullwidth=&#8221;on&#8221; admin_label=&#8221;Header&#8221; _builder_version=&#8221;4.9.4&#8243; background_image=&#8221;https:\/\/storage.googleapis.com\/wp-uploads.bucket.wp.uc3m.es\/wp-content\/uploads\/sites\/40\/2021\/06\/02084601\/pexels-julia-m-cameron-4144294.jpg&#8221; parallax=&#8221;on&#8221; custom_padding=&#8221;|||&#8221; animation_style=&#8221;slide&#8221; animation_direction=&#8221;top&#8221; animation_intensity_slide=&#8221;2%&#8221; link_option_url_new_window=&#8221;on&#8221; global_colors_info=&#8221;{}&#8221; theme_builder_area=&#8221;post_content&#8221;][et_pb_fullwidth_header title=&#8221;Sesi\u00f3n especial de eMadrid en EDUCON 2018 sobre sus experiencias en \u00abmulti aprendizaje\u00bb&#8221; button_one_url=&#8221;https:\/\/docs.google.com\/forms\/d\/e\/1FAIpQLSelJDv1KKVh6radHnahAkDmbmP__0i2QoT7NpRRfeKDNXCCNQ\/viewform&#8221; background_overlay_color=&#8221;rgba(255,255,255,0.6)&#8221; content_max_width=&#8221;700px&#8221; content_max_width_tablet=&#8221;100%&#8221; content_max_width_phone=&#8221;&#8221; content_max_width_last_edited=&#8221;on|desktop&#8221; _builder_version=&#8221;4.14.1&#8243; title_font=&#8221;Roboto|300|||||||&#8221; title_font_size=&#8221;60px&#8221; title_line_height=&#8221;1.4em&#8221; content_font=&#8221;||||||||&#8221; content_font_size=&#8221;17px&#8221; content_line_height=&#8221;1.9em&#8221; subhead_font=&#8221;|600|||||||&#8221; subhead_font_size=&#8221;20px&#8221; subhead_line_height=&#8221;1.8em&#8221; background_color=&#8221;rgba(76,76,76,0.3)&#8221; background_image=&#8221;https:\/\/storage.googleapis.com\/wp-uploads.bucket.wp.uc3m.es\/wp-content\/uploads\/sites\/40\/2021\/11\/30084208\/EDUCON2018.jpg&#8221; custom_button_one=&#8221;on&#8221; button_one_text_size=&#8221;14px&#8221; button_one_text_color=&#8221;#ffffff&#8221; button_one_bg_color=&#8221;#8300e9&#8243; button_one_bg_color_gradient_start=&#8221;#d883f8&#8243; button_one_bg_color_gradient_end=&#8221;#352DBE&#8221; button_one_bg_color_gradient_direction=&#8221;90deg&#8221; button_one_border_width=&#8221;10px&#8221; button_one_border_color=&#8221;rgba(0,0,0,0)&#8221; button_one_border_radius=&#8221;100px&#8221; button_one_letter_spacing=&#8221;3px&#8221; button_one_font=&#8221;Roboto|700||on|||||&#8221; custom_button_two=&#8221;on&#8221; button_two_text_size=&#8221;14px&#8221; button_two_text_color=&#8221;#ffffff&#8221; button_two_bg_color=&#8221;#06c8ff&#8221; button_two_border_width=&#8221;10px&#8221; button_two_border_color=&#8221;rgba(0,0,0,0)&#8221; button_two_border_radius=&#8221;100px&#8221; button_two_letter_spacing=&#8221;3px&#8221; button_two_font=&#8221;Roboto|700||on|||||&#8221; background_layout=&#8221;light&#8221; custom_margin=&#8221;||||false&#8221; custom_padding=&#8221;12vw||12vw||true&#8221; custom_padding_tablet=&#8221;250px||250px||true&#8221; custom_padding_last_edited=&#8221;off|desktop&#8221; hover_enabled=&#8221;0&#8243; title_font_size_tablet=&#8221;40px&#8221; title_font_size_phone=&#8221;32px&#8221; title_font_size_last_edited=&#8221;on|desktop&#8221; button_one_text_color_hover=&#8221;#ffffff&#8221; button_two_text_color_hover=&#8221;#ffffff&#8221; button_one_letter_spacing_hover=&#8221;3px&#8221; button_two_letter_spacing_hover=&#8221;3px&#8221; global_colors_info=&#8221;{}&#8221; button_one_text_size__hover_enabled=&#8221;off&#8221; button_two_text_size__hover_enabled=&#8221;off&#8221; button_one_text_color__hover_enabled=&#8221;on&#8221; button_one_text_color__hover=&#8221;#ffffff&#8221; button_two_text_color__hover_enabled=&#8221;on&#8221; button_two_text_color__hover=&#8221;#ffffff&#8221; button_one_border_width__hover_enabled=&#8221;off&#8221; button_two_border_width__hover_enabled=&#8221;off&#8221; button_one_border_color__hover_enabled=&#8221;off&#8221; button_two_border_color__hover_enabled=&#8221;off&#8221; button_one_border_radius__hover_enabled=&#8221;off&#8221; button_two_border_radius__hover_enabled=&#8221;off&#8221; button_one_letter_spacing__hover_enabled=&#8221;on&#8221; button_one_letter_spacing__hover=&#8221;3px&#8221; button_two_letter_spacing__hover_enabled=&#8221;on&#8221; button_two_letter_spacing__hover=&#8221;3px&#8221; button_one_bg_color__hover_enabled=&#8221;off&#8221; button_two_bg_color__hover_enabled=&#8221;off&#8221; theme_builder_area=&#8221;post_content&#8221; title_text=&#8221;EDUCON2018&#8243; sticky_enabled=&#8221;0&#8243;][\/et_pb_fullwidth_header][\/et_pb_section][et_pb_section fb_built=&#8221;1&#8243; admin_label=&#8221;Schedule&#8221; _builder_version=&#8221;3.22&#8243; max_width_tablet=&#8221;&#8221; max_width_phone=&#8221;100%&#8221; max_width_last_edited=&#8221;on|phone&#8221; min_height=&#8221;1028.3px&#8221; custom_margin=&#8221;|||&#8221; custom_padding=&#8221;54px|0px|0px|0px|false|false&#8221; global_colors_info=&#8221;{}&#8221; theme_builder_area=&#8221;post_content&#8221;][et_pb_row _builder_version=&#8221;4.9.9&#8243; _module_preset=&#8221;default&#8221; global_colors_info=&#8221;{}&#8221; theme_builder_area=&#8221;post_content&#8221;][et_pb_column type=&#8221;4_4&#8243; _builder_version=&#8221;4.9.9&#8243; _module_preset=&#8221;default&#8221; global_colors_info=&#8221;{}&#8221; theme_builder_area=&#8221;post_content&#8221;][et_pb_text _builder_version=&#8221;4.14.1&#8243; _module_preset=&#8221;default&#8221; hover_enabled=&#8221;0&#8243; global_colors_info=&#8221;{}&#8221; theme_builder_area=&#8221;post_content&#8221; sticky_enabled=&#8221;0&#8243;]<\/p>\n<p style=\"text-align: justify\">La red de excelencia<span>\u00a0<\/span><strong>eMadrid ha participado recientemente en EDUCON<\/strong>, congreso que este a\u00f1o se celebr\u00f3\u00a0<strong>del 17 al 20 de abril en<\/strong><span>\u00a0<\/span>la ciudad de<span>\u00a0<\/span><strong>Santa Cruz de Tenerife<\/strong><span>\u00a0<\/span>y que gir\u00f3 en torno a las \u00faltimas<span>\u00a0<\/span><strong>tendencias y desaf\u00edos en el campo de la educaci\u00f3n en\u00a0<\/strong><span><strong>ingenier\u00eda<\/strong>. En concreto, los investigadores de eMadrid intervinieron el d\u00eda 19 de abril en una sesi\u00f3n especial en la que encadenaron varias presentaciones relacionadas con las\u00a0<strong>experiencias en \u00abmulti aprendizaje\u00bb<\/strong>\u00a0de este grupo, en el que cooperan docentes de la UC3M, la UAM, la UCM, la UPM, la UNED y la URJC<\/span>.<\/p>\n<p style=\"text-align: justify\"><span>La conferencia anual\u00a0<strong>IEEE Global Engineering Education Conference, m\u00e1s conocida como EDUCON<\/strong>, se ha convertido en un destacado punto de encuentro para profesores, investigadores y profesionales de la industria, que ofrece a los asistentes un interesante foro de intercambio y colaboraci\u00f3n sobre la ense\u00f1anza y el aprendizaje de la ingenier\u00eda en todo el mundo. Bajo el patrocinio de la\u00a0<\/span>IEEE Education Society, se trata del mayor referente en educaci\u00f3n de la Regi\u00f3n IEEE 8 (Europa, Oriente Pr\u00f3ximo y \u00c1frica del Norte). Una cita que en esta ocasi\u00f3n se ha fijado en un escenario espa\u00f1ol: las Islas Canarias. En su organizaci\u00f3n han colaborado la Universidad de La Laguna, la Universidad de Vigo y la UNED.\u00a0<\/p>\n<p style=\"text-align: justify\">La participaci\u00f3n de eMadrid comenz\u00f3 a las 15 horas con una<span>\u00a0<\/span><strong>sesi\u00f3n especial a cargo del profesor Carlos Delgado Kloos<\/strong><span>\u00a0<\/span>-catedr\u00e1tico de Ingenier\u00eda Telem\u00e1tica en la Universidad Carlos III de Madrid, actual vicerrector de Estrategia y Educaci\u00f3n Digital de esta universidad y coordinador de eMadrid-, quien expuso algunas<span>\u00a0<\/span><strong>experiencias en multi aprendizaje<\/strong>\u00a0(\u00abMulti-Learning: Experiences from the eMadrid Excellence Network\u00bb) extra\u00eddas de las actividad investigadora que desarrolla este equipo, y dio paso a la siguiente presentaci\u00f3n:\u00a0<\/p>\n<ul>\n<li style=\"text-align: justify\"><strong>\u00abEl factor de hibridaci\u00f3n de la tecnolog\u00eda en la educaci\u00f3n\u00bb<\/strong>\u00a0(\u00abThe hybridization factor of technology in education\u00bb).\u00a0<a href=\"http:\/\/www.it.uc3m.es\/cdk\/\">Carlos Delgado Kloos<\/a>,\u00a0<a href=\"https:\/\/www.it.uc3m.es\/pedmume\/\">Pedro J. Mu\u00f1oz-Merino<\/a>,\u00a0<a href=\"http:\/\/www.it.uc3m.es\/calario\/\">Carlos Alario Hoyos<\/a>,\u00a0<a href=\"http:\/\/www.it.uc3m.es\/iria\/\">Iria Est\u00e9vez Ayres<\/a>,\u00a0<a href=\"http:\/\/www.it.uc3m.es\/mbibanez\/\">Mar\u00eda Blanca Ib\u00e1\u00f1ez<\/a>,\u00a0<a href=\"http:\/\/www.it.uc3m.es\/rcrespo\/\">Raquel M. Crespo Garc\u00eda<\/a>. Universidad Carlos III de Madrid (UC3M).\u00a0 \u00a0<\/li>\n<li style=\"text-align: justify\">\n<div><em><strong><a href=\"https:\/\/www.slideshare.net\/emadridnet\/multilearning-special-session-educon-2018-emadrid-team\" title=\"MULTI-LEARNING SPECIAL SESSION \/ EDUCON 2018 \/ EMADRID TEAM\" target=\"_blank\" rel=\"noopener\">MULTI-LEARNING SPECIAL SESSION \/ EDUCON 2018 \/ EMADRID TEAM<\/a><span>\u00a0<\/span><\/strong>from<span>\u00a0<\/span><strong><a href=\"https:\/\/www.slideshare.net\/emadridnet\" target=\"_blank\" rel=\"noopener\">eMadrid network<\/a><\/strong><\/em><\/div>\n<p><em><\/em><\/p>\n<p>&nbsp;<\/p>\n<p>Por su parte, el resto del equipo present\u00f3:<\/p>\n<ul>\n<li><strong>\u00abLas anal\u00edticas de aprendizaje con juegos \u00a1no son &#8220;informagia&#8221;!\u00bb<\/strong><span>\u00a0<\/span>(\u00abGame Learning Analytics is not informagic!\u00bb).<span>\u00a0<\/span><a href=\"http:\/\/www.e-ucm.es\/es\/people\/ivanj\/\">Iv\u00e1n P\u00e9rez Colado<\/a>,<span>\u00a0<\/span><a href=\"http:\/\/www.e-ucm.es\/es\/people\/cris\/\">Cristina Alonso Fern\u00e1ndez<\/a>,<span>\u00a0<\/span><a href=\"http:\/\/www.e-ucm.es\/es\/people\/manuel-freire\/\">Manuel Freire<\/a>,<span>\u00a0<\/span><a href=\"http:\/\/www.e-ucm.es\/es\/people\/ivan\/\">Iv\u00e1n Mart\u00ednez Ortiz<\/a><span>\u00a0<\/span>y<span>\u00a0<\/span><a href=\"http:\/\/www.e-ucm.es\/es\/people\/balta\/\">Baltasar Fern\u00e1ndez Manj\u00f3n<\/a>. Facultad de Inform\u00e1tica de la Universidad Complutense de Madrid (UCM).\u00a0<\/li>\n<li>\n<div><em><strong><a href=\"https:\/\/www.slideshare.net\/BaltasarFernandezManjon\/game-learning-analtytics-is-not-informagic-educon-2018\" title=\"Game learning analtytics is not informagic educon 2018\" target=\"_blank\" rel=\"noopener\">Game learning analtytics is not informagic educon 2018<\/a><span>\u00a0<\/span><\/strong>from<span>\u00a0<\/span><strong><a href=\"https:\/\/www.slideshare.net\/BaltasarFernandezManjon\" target=\"_blank\" rel=\"noopener\">Baltasar Fern\u00e1ndez-Manj\u00f3n<\/a><\/strong><\/em><\/div>\n<p><em><\/em><\/p>\n<p>&nbsp;<\/p>\n<ul>\n<li><strong>\u00abLOD-CS2013: Multi aprendizaje a trav\u00e9s de una representaci\u00f3n sem\u00e1ntica de los curr\u00edculos de ciencias de la computaci\u00f3n\u00bb<\/strong><span>\u00a0<\/span>(\u00abLOD-CS2013: Multi-Learning throught a semantic representation of computer science curricula\u00bb).<span>\u00a0<\/span><a href=\"https:\/\/www.directorioexit.info\/ficha3786\">Nelson Piedra<\/a>,<span>\u00a0<\/span><a href=\"http:\/\/www.vai.dia.fi.upm.es\/es\/cv\/etovar_cv.htm\">Edmundo Tovar<\/a>. Universidad T\u00e9cnica Particular de Loja, Universidad Polit\u00e9cnica de Madrid (UPM)\n<div><em><strong><a href=\"https:\/\/www.slideshare.net\/emadridnet\/multilearning-special-session-educon-2018-emadrid-team-94980671\" title=\"MULTI-LEARNING SPECIAL SESSION \/ EDUCON 2018 \/ EMADRID TEAM\" target=\"_blank\" rel=\"noopener\">MULTI-LEARNING SPECIAL SESSION \/ EDUCON 2018 \/ EMADRID TEAM<\/a><span>\u00a0<\/span><\/strong>from<span>\u00a0<\/span><strong><a href=\"https:\/\/www.slideshare.net\/emadridnet\" target=\"_blank\" rel=\"noopener\">eMadrid network<\/a><\/strong><\/em><\/div>\n<p><em><\/em><\/p>\n<p>&nbsp;<\/p>\n<p><strong>\u00abAn\u00e1lisis de la retenci\u00f3n y certificaci\u00f3n de MOOCs en dos cursos de diferentes \u00e1reas de conocimiento\u00bb<\/strong><span>\u00a0<\/span>(\u00abAn exploratory analysis on MOOCs retention and certification in two courses of different knowledge areas\u00bb).<a href=\"https:\/\/portalcientifico.uam.es\/ipublic\/agent-personal\/profile\/iMarinaID\/04-259133\/name\/COBOS%20PEREZ,%20RUTH\"><span>\u00a0<\/span>Ruth Cobos<\/a>,<span>\u00a0<\/span><a href=\"http:\/\/arantxa.ii.uam.es\/~fjurado\/\">Francisco Jurado<\/a>. Universidad Aut\u00f3noma de Madrid (UAM).\u00a0<\/p>\n<div><em><strong><a href=\"https:\/\/www.slideshare.net\/emadridnet\/emadrid-special-session-on-multilearning-educon-2018\" title=\"MULTI-LEARNING SPECIAL SESSION \/ EDUCON 2018 \/ EMADRID TEAM\" target=\"_blank\" rel=\"noopener\">MULTI-LEARNING SPECIAL SESSION \/ EDUCON 2018 \/ EMADRID TEAM<\/a><span>\u00a0<\/span><\/strong>from<span>\u00a0<\/span><strong><a href=\"https:\/\/www.slideshare.net\/emadridnet\" target=\"_blank\" rel=\"noopener\">eMadrid network<\/a><\/strong><\/em><\/div>\n<p><em><\/em><\/p>\n<p>&nbsp;<\/p>\n<p><strong>\u00abMiner\u00eda de datos y Open Data para promover la combinaci\u00f3n de recursos educativos\u00bb<\/strong><span>\u00a0<\/span>(\u00abUsing text mining and linked open data to assist the mashup of educational resources\u00bb).<span>\u00a0<\/span><a href=\"http:\/\/www.misprofesores.com\/profesores\/Santa-Vallejo-Figueroa_92624\">Santa Vallejo Figueroa<\/a>,<span>\u00a0<\/span><a href=\"http:\/\/sensei.lsi.uned.es\/~miguel\/\">Miguel Rodr\u00edguez-Artacho<\/a>,<span>\u00a0<\/span><a href=\"http:\/\/portal.uned.es\/portal\/page?_pageid=93,696695&amp;_dad=portal&amp;_schema=PORTAL\">Manuel Castro Gil<span>\u00a0<\/span><\/a>y<span>\u00a0<\/span><a href=\"http:\/\/portal.uned.es\/portal\/page?_pageid=93,1242094&amp;_dad=portal&amp;_schema=PORTAL\">Elio San Crist\u00f3bal.<\/a><span>\u00a0<\/span>Universidad de Veracruz (M\u00e9xico), Universidad Nacional de Educaci\u00f3n a Distancia (UNED)<\/p>\n<div><em><strong><a href=\"https:\/\/www.slideshare.net\/emadridnet\/multilearning-special-session-educon-2018-emadrid-team-94980884\" title=\"MULTI-LEARNING SPECIAL SESSION \/ EDUCON 2018 \/ EMADRID TEAM\" target=\"_blank\" rel=\"noopener\">MULTI-LEARNING SPECIAL SESSION \/ EDUCON 2018 \/ EMADRID TEAM<\/a><span>\u00a0<\/span><\/strong>from<span>\u00a0<\/span><strong><a href=\"https:\/\/www.slideshare.net\/emadridnet\" target=\"_blank\" rel=\"noopener\">eMadrid network<\/a><\/strong><\/em><\/div>\n<p><em><\/em><\/p>\n<p>&nbsp;<\/p>\n<p><strong>\u00abPensamiento computacional como habilidad universal\u00bb<\/strong><span>\u00a0<\/span>(\u00abOn computational thinking as a universal skill\u00bb).<span>\u00a0<\/span><a href=\"http:\/\/jemole.me\/\">Jes\u00fas Moreno Le\u00f3n<\/a>,<span>\u00a0<\/span><a href=\"https:\/\/gsyc.urjc.es\/~grex\/\">Gregorio Robles<\/a>,<span>\u00a0<\/span><a href=\"http:\/\/portal.uned.es\/portal\/page?_pageid=93,25355626&amp;_dad=portal&amp;_schema=PORTAL\">Marcos Rom\u00e1n Gonz\u00e1lez<\/a>. Instituto Nacional de Tecnolog\u00edas Educativas y Formaci\u00f3n del Profesorado, Universidad Rey Juan Carlos, Universidad Nacional de Educaci\u00f3n a Distancia (UNED).\u00a0<\/p>\n<\/li>\n<\/ul>\n<\/li>\n<\/ul>\n<\/li>\n<\/ul>\n<p>[\/et_pb_text][\/et_pb_column][\/et_pb_row][\/et_pb_section]<\/p>\n","protected":false},"excerpt":{"rendered":"<p>La red de excelencia\u00a0eMadrid ha participado recientemente en EDUCON, congreso que este a\u00f1o se celebr\u00f3\u00a0del 17 al 20 de abril en\u00a0la ciudad de\u00a0Santa Cruz de Tenerife\u00a0y que gir\u00f3 en torno a las \u00faltimas\u00a0tendencias y desaf\u00edos en el campo de la educaci\u00f3n en\u00a0ingenier\u00eda. En concreto, los investigadores de eMadrid intervinieron el d\u00eda 19 de abril en [&hellip;]<\/p>\n","protected":false},"author":120,"featured_media":2187,"comment_status":"open","ping_status":"open","sticky":false,"template":"","format":"standard","meta":{"_et_pb_use_builder":"on","_et_pb_old_content":"","_et_gb_content_width":"","footnotes":""},"categories":[15],"tags":[],"class_list":["post-2186","post","type-post","status-publish","format-standard","has-post-thumbnail","hentry","category-noticias"],"_links":{"self":[{"href":"https:\/\/emadridnet.uc3m.es\/en\/wp-json\/wp\/v2\/posts\/2186","targetHints":{"allow":["GET"]}}],"collection":[{"href":"https:\/\/emadridnet.uc3m.es\/en\/wp-json\/wp\/v2\/posts"}],"about":[{"href":"https:\/\/emadridnet.uc3m.es\/en\/wp-json\/wp\/v2\/types\/post"}],"author":[{"embeddable":true,"href":"https:\/\/emadridnet.uc3m.es\/en\/wp-json\/wp\/v2\/users\/120"}],"replies":[{"embeddable":true,"href":"https:\/\/emadridnet.uc3m.es\/en\/wp-json\/wp\/v2\/comments?post=2186"}],"version-history":[{"count":2,"href":"https:\/\/emadridnet.uc3m.es\/en\/wp-json\/wp\/v2\/posts\/2186\/revisions"}],"predecessor-version":[{"id":2191,"href":"https:\/\/emadridnet.uc3m.es\/en\/wp-json\/wp\/v2\/posts\/2186\/revisions\/2191"}],"wp:featuredmedia":[{"embeddable":true,"href":"https:\/\/emadridnet.uc3m.es\/en\/wp-json\/wp\/v2\/media\/2187"}],"wp:attachment":[{"href":"https:\/\/emadridnet.uc3m.es\/en\/wp-json\/wp\/v2\/media?parent=2186"}],"wp:term":[{"taxonomy":"category","embeddable":true,"href":"https:\/\/emadridnet.uc3m.es\/en\/wp-json\/wp\/v2\/categories?post=2186"},{"taxonomy":"post_tag","embeddable":true,"href":"https:\/\/emadridnet.uc3m.es\/en\/wp-json\/wp\/v2\/tags?post=2186"}],"curies":[{"name":"wp","href":"https:\/\/api.w.org\/{rel}","templated":true}]}}