{"id":2369,"date":"2017-05-01T09:55:06","date_gmt":"2017-05-01T09:55:06","guid":{"rendered":"https:\/\/emadridnet.uc3m.es\/?p=2369"},"modified":"2021-12-01T09:55:42","modified_gmt":"2021-12-01T09:55:42","slug":"la-uc3m-albergara-el-emoocs-2017-y-la-open-edx-conference","status":"publish","type":"post","link":"https:\/\/emadridnet.uc3m.es\/en\/2017\/05\/01\/la-uc3m-albergara-el-emoocs-2017-y-la-open-edx-conference\/","title":{"rendered":"La UC3M albergar\u00e1 el EMOOCS 2017 y la Open edX Conference"},"content":{"rendered":"<p>[et_pb_section fb_built=&#8221;1&#8243; fullwidth=&#8221;on&#8221; admin_label=&#8221;Header&#8221; _builder_version=&#8221;4.9.4&#8243; background_image=&#8221;https:\/\/storage.googleapis.com\/wp-uploads.bucket.wp.uc3m.es\/wp-content\/uploads\/sites\/40\/2021\/06\/02084601\/pexels-julia-m-cameron-4144294.jpg&#8221; parallax=&#8221;on&#8221; custom_padding=&#8221;|||&#8221; animation_style=&#8221;slide&#8221; animation_direction=&#8221;top&#8221; animation_intensity_slide=&#8221;2%&#8221; link_option_url_new_window=&#8221;on&#8221; global_colors_info=&#8221;{}&#8221; theme_builder_area=&#8221;post_content&#8221;][et_pb_fullwidth_header title=&#8221;La UC3M albergar\u00e1 el EMOOCS 2017 y la Open edX Conference&#8221; button_one_url=&#8221;https:\/\/docs.google.com\/forms\/d\/e\/1FAIpQLSelJDv1KKVh6radHnahAkDmbmP__0i2QoT7NpRRfeKDNXCCNQ\/viewform&#8221; background_overlay_color=&#8221;rgba(255,255,255,0.6)&#8221; content_max_width=&#8221;700px&#8221; content_max_width_tablet=&#8221;100%&#8221; content_max_width_phone=&#8221;&#8221; content_max_width_last_edited=&#8221;on|desktop&#8221; _builder_version=&#8221;4.14.1&#8243; title_font=&#8221;Roboto|300|||||||&#8221; title_font_size=&#8221;60px&#8221; title_line_height=&#8221;1.4em&#8221; content_font=&#8221;||||||||&#8221; content_font_size=&#8221;17px&#8221; content_line_height=&#8221;1.9em&#8221; subhead_font=&#8221;|600|||||||&#8221; subhead_font_size=&#8221;20px&#8221; subhead_line_height=&#8221;1.8em&#8221; background_color=&#8221;rgba(76,76,76,0.3)&#8221; background_image=&#8221;https:\/\/storage.googleapis.com\/wp-uploads.bucket.wp.uc3m.es\/wp-content\/uploads\/sites\/40\/2021\/12\/01095311\/pKcoihpD.jpg&#8221; custom_button_one=&#8221;on&#8221; button_one_text_size=&#8221;14px&#8221; button_one_text_color=&#8221;#ffffff&#8221; button_one_bg_color=&#8221;#8300e9&#8243; button_one_bg_color_gradient_start=&#8221;#d883f8&#8243; button_one_bg_color_gradient_end=&#8221;#352DBE&#8221; button_one_bg_color_gradient_direction=&#8221;90deg&#8221; button_one_border_width=&#8221;10px&#8221; button_one_border_color=&#8221;rgba(0,0,0,0)&#8221; button_one_border_radius=&#8221;100px&#8221; button_one_letter_spacing=&#8221;3px&#8221; button_one_font=&#8221;Roboto|700||on|||||&#8221; custom_button_two=&#8221;on&#8221; button_two_text_size=&#8221;14px&#8221; button_two_text_color=&#8221;#ffffff&#8221; button_two_bg_color=&#8221;#06c8ff&#8221; button_two_border_width=&#8221;10px&#8221; button_two_border_color=&#8221;rgba(0,0,0,0)&#8221; button_two_border_radius=&#8221;100px&#8221; button_two_letter_spacing=&#8221;3px&#8221; button_two_font=&#8221;Roboto|700||on|||||&#8221; background_layout=&#8221;light&#8221; custom_margin=&#8221;||||false&#8221; custom_padding=&#8221;12vw||12vw||true&#8221; custom_padding_tablet=&#8221;250px||250px||true&#8221; custom_padding_last_edited=&#8221;off|desktop&#8221; hover_enabled=&#8221;0&#8243; title_font_size_tablet=&#8221;40px&#8221; title_font_size_phone=&#8221;32px&#8221; title_font_size_last_edited=&#8221;on|desktop&#8221; button_one_text_color_hover=&#8221;#ffffff&#8221; button_two_text_color_hover=&#8221;#ffffff&#8221; button_one_letter_spacing_hover=&#8221;3px&#8221; button_two_letter_spacing_hover=&#8221;3px&#8221; global_colors_info=&#8221;{}&#8221; button_one_text_size__hover_enabled=&#8221;off&#8221; button_two_text_size__hover_enabled=&#8221;off&#8221; button_one_text_color__hover_enabled=&#8221;on&#8221; button_one_text_color__hover=&#8221;#ffffff&#8221; button_two_text_color__hover_enabled=&#8221;on&#8221; button_two_text_color__hover=&#8221;#ffffff&#8221; button_one_border_width__hover_enabled=&#8221;off&#8221; button_two_border_width__hover_enabled=&#8221;off&#8221; button_one_border_color__hover_enabled=&#8221;off&#8221; button_two_border_color__hover_enabled=&#8221;off&#8221; button_one_border_radius__hover_enabled=&#8221;off&#8221; button_two_border_radius__hover_enabled=&#8221;off&#8221; button_one_letter_spacing__hover_enabled=&#8221;on&#8221; button_one_letter_spacing__hover=&#8221;3px&#8221; button_two_letter_spacing__hover_enabled=&#8221;on&#8221; button_two_letter_spacing__hover=&#8221;3px&#8221; button_one_bg_color__hover_enabled=&#8221;off&#8221; button_two_bg_color__hover_enabled=&#8221;off&#8221; theme_builder_area=&#8221;post_content&#8221; title_text=&#8221;pKcoihpD&#8221; sticky_enabled=&#8221;0&#8243;][\/et_pb_fullwidth_header][\/et_pb_section][et_pb_section fb_built=&#8221;1&#8243; admin_label=&#8221;Schedule&#8221; _builder_version=&#8221;3.22&#8243; max_width_tablet=&#8221;&#8221; max_width_phone=&#8221;100%&#8221; max_width_last_edited=&#8221;on|phone&#8221; min_height=&#8221;678.3px&#8221; custom_margin=&#8221;|||&#8221; custom_padding=&#8221;54px|0px|0px|0px|false|false&#8221; global_colors_info=&#8221;{}&#8221; theme_builder_area=&#8221;post_content&#8221;][et_pb_row _builder_version=&#8221;4.9.9&#8243; _module_preset=&#8221;default&#8221; global_colors_info=&#8221;{}&#8221; theme_builder_area=&#8221;post_content&#8221;][et_pb_column type=&#8221;4_4&#8243; _builder_version=&#8221;4.9.9&#8243; _module_preset=&#8221;default&#8221; global_colors_info=&#8221;{}&#8221; theme_builder_area=&#8221;post_content&#8221;][et_pb_text _builder_version=&#8221;4.14.1&#8243; _module_preset=&#8221;default&#8221; hover_enabled=&#8221;0&#8243; global_colors_info=&#8221;{}&#8221; theme_builder_area=&#8221;post_content&#8221; sticky_enabled=&#8221;0&#8243;]<\/p>\n<p style=\"text-align: justify\">La universidad Carlos III de Madrid ser\u00e1 escenario del e-learning y la innovaci\u00f3n educativa durante la semana del<span>\u00a0<\/span><strong>22 al 26 de mayo.<span>\u00a0<\/span><\/strong>Dos eventos tendr\u00e1n lugar en el campus de Legan\u00e9s:<span>\u00a0<\/span><strong>EMOOCs 2017 European MOOCs Stakeholders Summit<\/strong><span>\u00a0<\/span>y<span>\u00a0<\/span><strong>Open edX Conference 2017<\/strong>.<\/p>\n<p style=\"text-align: justify\">El<span>\u00a0<\/span><strong>EMOOCs 2017<\/strong><span>\u00a0<\/span>se celebrar\u00e1 del 22 al 26 de mayo, donde expertos nacionales e internacionales hablar\u00e1n sobre las investigaciones realizadas en distintas plataformas MOOC. Se llevar\u00e1n a cabo distintos tracks: experiencias, investigaci\u00f3n, pol\u00edticas, negocios, \u00a0tracks en espa\u00f1ol y workshops.\u00a0<\/p>\n<p style=\"text-align: justify\">Por otro lado, los d\u00edas 24 y 25 de mayo, se celebrar\u00e1 el<strong><span>\u00a0<\/span>Open edX Conference<\/strong>, un evento que se centra en compartir el conocimiento entre los miembros de la comunidad global de Open edX. Se discutir\u00e1n los\u00a0usos innovadores a trav\u00e9s de la educaci\u00f3n superior, entrenamiento y aprendizaje permanente, dise\u00f1o instruccional y t\u00e9cnicas de producci\u00f3n de cursos, y m\u00e9todos para operar, ampliar y mejorar la plataforma Open edX.<\/p>\n<p style=\"text-align: justify\">El proyecto eMadrid particip\u00f3 con m\u00faltiples sesiones:<\/p>\n<ul>\n<li style=\"text-align: justify\"><em>Jos\u00e9 A. Ruip\u00e9rez Valiente, Ruth Cobos, Pedro J. Mu\u00f1oz-Merino, \u00c1lvaro And\u00fajar, Carlos Delgado Kloos (Universidad Carlos III de Madrid, Spain):<\/em><span>\u00a0<\/span>&#8220;Early Prediction and Variable Importance of Certificate Accomplishment&#8221;<\/li>\n<li style=\"text-align: justify\"><em>Manuel Le\u00f3n Urrutia, Ruth Cobos, Kate Dickens (University of Southampton, UK\/Universidad Aut\u00f3noma de Madrid, Spain):<\/em><span>\u00a0<\/span>&#8220;Internal Perspectives of MOOCs in Universities&#8221;.<\/li>\n<li style=\"text-align: justify\"><em>Carlos Alario-Hoyos, Keiko Okawa, T.C. Pong, Irfan Naufar Umar, Armin Weinberger:<\/em><span>\u00a0<\/span>Experiences with MOOCs in Asia-Pacific.<\/li>\n<li style=\"text-align: justify\"><em>Germ\u00e1n Montoro, Olimpia Muruz\u00e1bal, Gabriela Sandoval, Camilo Wee:<\/em><span>\u00a0<\/span>7 pasos para dise\u00f1ar un MOOC de calidad: Una propuesta para la colaboraci\u00f3n entre profesores y dise\u00f1adores de aprendizaje.<\/li>\n<\/ul>\n<p><a href=\"http:\/\/emoocs.eu\/\">Informaci\u00f3n y registro de EMOOCs 2017<\/a>.<\/p>\n<p><a href=\"https:\/\/con.openedx.org\/\">Informaci\u00f3n y registro de Open edX 2017<\/a>.<\/p>\n<p>[\/et_pb_text][\/et_pb_column][\/et_pb_row][\/et_pb_section]<\/p>\n","protected":false},"excerpt":{"rendered":"<p>La universidad Carlos III de Madrid ser\u00e1 escenario del e-learning y la innovaci\u00f3n educativa durante la semana del\u00a022 al 26 de mayo.\u00a0Dos eventos tendr\u00e1n lugar en el campus de Legan\u00e9s:\u00a0EMOOCs 2017 European MOOCs Stakeholders Summit\u00a0y\u00a0Open edX Conference 2017. El\u00a0EMOOCs 2017\u00a0se celebrar\u00e1 del 22 al 26 de mayo, donde expertos nacionales e internacionales hablar\u00e1n sobre las [&hellip;]<\/p>\n","protected":false},"author":120,"featured_media":2370,"comment_status":"open","ping_status":"open","sticky":false,"template":"","format":"standard","meta":{"_et_pb_use_builder":"on","_et_pb_old_content":"","_et_gb_content_width":"","footnotes":""},"categories":[15],"tags":[],"class_list":["post-2369","post","type-post","status-publish","format-standard","has-post-thumbnail","hentry","category-noticias"],"_links":{"self":[{"href":"https:\/\/emadridnet.uc3m.es\/en\/wp-json\/wp\/v2\/posts\/2369","targetHints":{"allow":["GET"]}}],"collection":[{"href":"https:\/\/emadridnet.uc3m.es\/en\/wp-json\/wp\/v2\/posts"}],"about":[{"href":"https:\/\/emadridnet.uc3m.es\/en\/wp-json\/wp\/v2\/types\/post"}],"author":[{"embeddable":true,"href":"https:\/\/emadridnet.uc3m.es\/en\/wp-json\/wp\/v2\/users\/120"}],"replies":[{"embeddable":true,"href":"https:\/\/emadridnet.uc3m.es\/en\/wp-json\/wp\/v2\/comments?post=2369"}],"version-history":[{"count":2,"href":"https:\/\/emadridnet.uc3m.es\/en\/wp-json\/wp\/v2\/posts\/2369\/revisions"}],"predecessor-version":[{"id":2375,"href":"https:\/\/emadridnet.uc3m.es\/en\/wp-json\/wp\/v2\/posts\/2369\/revisions\/2375"}],"wp:featuredmedia":[{"embeddable":true,"href":"https:\/\/emadridnet.uc3m.es\/en\/wp-json\/wp\/v2\/media\/2370"}],"wp:attachment":[{"href":"https:\/\/emadridnet.uc3m.es\/en\/wp-json\/wp\/v2\/media?parent=2369"}],"wp:term":[{"taxonomy":"category","embeddable":true,"href":"https:\/\/emadridnet.uc3m.es\/en\/wp-json\/wp\/v2\/categories?post=2369"},{"taxonomy":"post_tag","embeddable":true,"href":"https:\/\/emadridnet.uc3m.es\/en\/wp-json\/wp\/v2\/tags?post=2369"}],"curies":[{"name":"wp","href":"https:\/\/api.w.org\/{rel}","templated":true}]}}