{"id":2399,"date":"2016-11-07T07:43:56","date_gmt":"2016-11-07T07:43:56","guid":{"rendered":"https:\/\/emadridnet.uc3m.es\/?p=2399"},"modified":"2021-12-02T07:44:38","modified_gmt":"2021-12-02T07:44:38","slug":"emadrid-participara-en-oeb-2016","status":"publish","type":"post","link":"https:\/\/emadridnet.uc3m.es\/en\/2016\/11\/07\/emadrid-participara-en-oeb-2016\/","title":{"rendered":"eMadrid participar\u00e1 en OEB 2016"},"content":{"rendered":"<p>[et_pb_section fb_built=&#8221;1&#8243; fullwidth=&#8221;on&#8221; admin_label=&#8221;Header&#8221; _builder_version=&#8221;4.9.4&#8243; background_image=&#8221;https:\/\/storage.googleapis.com\/wp-uploads.bucket.wp.uc3m.es\/wp-content\/uploads\/sites\/40\/2021\/06\/02084601\/pexels-julia-m-cameron-4144294.jpg&#8221; parallax=&#8221;on&#8221; custom_padding=&#8221;|||&#8221; animation_style=&#8221;slide&#8221; animation_direction=&#8221;top&#8221; animation_intensity_slide=&#8221;2%&#8221; link_option_url_new_window=&#8221;on&#8221; global_colors_info=&#8221;{}&#8221; theme_builder_area=&#8221;post_content&#8221;][et_pb_fullwidth_header title=&#8221;eMadrid participar\u00e1 en OEB 2016&#8243; button_one_url=&#8221;https:\/\/docs.google.com\/forms\/d\/e\/1FAIpQLSelJDv1KKVh6radHnahAkDmbmP__0i2QoT7NpRRfeKDNXCCNQ\/viewform&#8221; background_overlay_color=&#8221;rgba(255,255,255,0.6)&#8221; content_max_width=&#8221;700px&#8221; content_max_width_tablet=&#8221;100%&#8221; content_max_width_phone=&#8221;&#8221; content_max_width_last_edited=&#8221;on|desktop&#8221; _builder_version=&#8221;4.14.1&#8243; title_font=&#8221;Roboto|300|||||||&#8221; title_font_size=&#8221;60px&#8221; title_line_height=&#8221;1.4em&#8221; content_font=&#8221;||||||||&#8221; content_font_size=&#8221;17px&#8221; content_line_height=&#8221;1.9em&#8221; subhead_font=&#8221;|600|||||||&#8221; subhead_font_size=&#8221;20px&#8221; subhead_line_height=&#8221;1.8em&#8221; background_color=&#8221;rgba(76,76,76,0.3)&#8221; background_image=&#8221;https:\/\/storage.googleapis.com\/wp-uploads.bucket.wp.uc3m.es\/wp-content\/uploads\/sites\/40\/2021\/12\/02074145\/oeb.png&#8221; custom_button_one=&#8221;on&#8221; button_one_text_size=&#8221;14px&#8221; button_one_text_color=&#8221;#ffffff&#8221; button_one_bg_color=&#8221;#8300e9&#8243; button_one_bg_color_gradient_start=&#8221;#d883f8&#8243; button_one_bg_color_gradient_end=&#8221;#352DBE&#8221; button_one_bg_color_gradient_direction=&#8221;90deg&#8221; button_one_border_width=&#8221;10px&#8221; button_one_border_color=&#8221;rgba(0,0,0,0)&#8221; button_one_border_radius=&#8221;100px&#8221; button_one_letter_spacing=&#8221;3px&#8221; button_one_font=&#8221;Roboto|700||on|||||&#8221; custom_button_two=&#8221;on&#8221; button_two_text_size=&#8221;14px&#8221; button_two_text_color=&#8221;#ffffff&#8221; button_two_bg_color=&#8221;#06c8ff&#8221; button_two_border_width=&#8221;10px&#8221; button_two_border_color=&#8221;rgba(0,0,0,0)&#8221; button_two_border_radius=&#8221;100px&#8221; button_two_letter_spacing=&#8221;3px&#8221; button_two_font=&#8221;Roboto|700||on|||||&#8221; background_layout=&#8221;light&#8221; custom_margin=&#8221;||||false&#8221; custom_padding=&#8221;12vw||12vw||true&#8221; custom_padding_tablet=&#8221;250px||250px||true&#8221; custom_padding_last_edited=&#8221;off|desktop&#8221; hover_enabled=&#8221;0&#8243; title_font_size_tablet=&#8221;40px&#8221; title_font_size_phone=&#8221;32px&#8221; title_font_size_last_edited=&#8221;on|desktop&#8221; button_one_text_color_hover=&#8221;#ffffff&#8221; button_two_text_color_hover=&#8221;#ffffff&#8221; button_one_letter_spacing_hover=&#8221;3px&#8221; button_two_letter_spacing_hover=&#8221;3px&#8221; global_colors_info=&#8221;{}&#8221; button_one_text_size__hover_enabled=&#8221;off&#8221; button_two_text_size__hover_enabled=&#8221;off&#8221; button_one_text_color__hover_enabled=&#8221;on&#8221; button_one_text_color__hover=&#8221;#ffffff&#8221; button_two_text_color__hover_enabled=&#8221;on&#8221; button_two_text_color__hover=&#8221;#ffffff&#8221; button_one_border_width__hover_enabled=&#8221;off&#8221; button_two_border_width__hover_enabled=&#8221;off&#8221; button_one_border_color__hover_enabled=&#8221;off&#8221; button_two_border_color__hover_enabled=&#8221;off&#8221; button_one_border_radius__hover_enabled=&#8221;off&#8221; button_two_border_radius__hover_enabled=&#8221;off&#8221; button_one_letter_spacing__hover_enabled=&#8221;on&#8221; button_one_letter_spacing__hover=&#8221;3px&#8221; button_two_letter_spacing__hover_enabled=&#8221;on&#8221; button_two_letter_spacing__hover=&#8221;3px&#8221; button_one_bg_color__hover_enabled=&#8221;off&#8221; button_two_bg_color__hover_enabled=&#8221;off&#8221; theme_builder_area=&#8221;post_content&#8221; title_text=&#8221;oeb&#8221; sticky_enabled=&#8221;0&#8243;][\/et_pb_fullwidth_header][\/et_pb_section][et_pb_section fb_built=&#8221;1&#8243; admin_label=&#8221;Schedule&#8221; _builder_version=&#8221;3.22&#8243; max_width_tablet=&#8221;&#8221; max_width_phone=&#8221;100%&#8221; max_width_last_edited=&#8221;on|phone&#8221; min_height=&#8221;714.3px&#8221; custom_margin=&#8221;|||&#8221; custom_padding=&#8221;54px|0px|0px|0px|false|false&#8221; global_colors_info=&#8221;{}&#8221; theme_builder_area=&#8221;post_content&#8221;][et_pb_row _builder_version=&#8221;4.9.9&#8243; _module_preset=&#8221;default&#8221; global_colors_info=&#8221;{}&#8221; theme_builder_area=&#8221;post_content&#8221;][et_pb_column type=&#8221;4_4&#8243; _builder_version=&#8221;4.9.9&#8243; _module_preset=&#8221;default&#8221; global_colors_info=&#8221;{}&#8221; theme_builder_area=&#8221;post_content&#8221;][et_pb_text _builder_version=&#8221;4.14.1&#8243; _module_preset=&#8221;default&#8221; hover_enabled=&#8221;0&#8243; global_colors_info=&#8221;{}&#8221; theme_builder_area=&#8221;post_content&#8221; sticky_enabled=&#8221;0&#8243;]<\/p>\n<p style=\"text-align: justify\"><span>La ciudad alemana de Berl\u00edn acoger\u00e1 del 30 de noviembre al 2 de diciembre su 22\u00aa edici\u00f3n de\u00a0<a href=\"http:\/\/www.online-educa.com\/\"><strong>Online Educa Berl\u00edn (OEB)<\/strong><\/a>, una de las conferencias internacionales m\u00e1s importantes del sector de la educaci\u00f3n y formaci\u00f3n basada en las nuevas tecnolog\u00edas.<\/span><\/p>\n<p style=\"text-align: justify\">El tema de este a\u00f1o ser\u00e1 &#8220;Owning Learning&#8221;. Se discutir\u00e1n temas como la pertenencia del aprendizaje, aprendizaje sin l\u00edmites o la importancia del networking en el aprendizaje entre otros, repartidos en conferencias de distintos formatos: sesiones plenarias, sesiones de networking, tech-labs&#8230;<\/p>\n<p style=\"text-align: justify\"><span>El<\/span><strong><span>\u00a0<\/span>jueves 1 de diciembre<\/strong><span>\u00a0tendr\u00e1 lugar una sesi\u00f3n eMadrid llamada<\/span><em><span>\u00a0<\/span>&#8220;El poder de los datos en la educaci\u00f3n&#8221;<\/em><span>\u00a0:<\/span><\/p>\n<p style=\"text-align: justify\"><span>Resumen<\/span><\/p>\n<p style=\"text-align: justify\">Si los datos son el combustible de la econom\u00eda del conocimiento, \u00bfc\u00f3mo se puede utilizar para mejorar el proceso de aprendizaje y los resultados del aprendizaje? \u00bfCu\u00e1les son las posibilidades y los l\u00edmites del aprendizaje informado por los datos? En esta sesi\u00f3n se presentar\u00e1n estudios de casos concretos e historias de \u00e9xito sobre el uso de los datos en la educaci\u00f3n. \u00danete a la discusi\u00f3n sobre el aprendizaje anal\u00edtico y la miner\u00eda de datos educativos.<\/p>\n<p style=\"text-align: justify\"><span>Ponentes<\/span><\/p>\n<ul>\n<li style=\"text-align: justify\">Pedro J. Mu\u00f1oz Merino, Universidad Carlos III de Madrid:<span>\u00a0<\/span><em>&#8220;An\u00e1lisis del comportamiento y an\u00e1lisis visual para mejorar el proceso de aprendizaje&#8221;<\/em>.<\/li>\n<li style=\"text-align: justify\">Ruth Cobos, Universidad Aut\u00f3noma de Madrid:<em><span>\u00a0<\/span>&#8220;Las contribuciones de la visualizaci\u00f3n de datos y an\u00e1lisis de aprendizaje para cursos online&#8221;<\/em>.<\/li>\n<li style=\"text-align: justify\">Michael Moore, D2L: El plan de An\u00e1lisis de Aprendizaje:<span>\u00a0<\/span><em>&#8220;Moviendo la estrategia de datos de la teor\u00eda a la pr\u00e1ctica&#8221;<\/em>.<\/li>\n<li style=\"text-align: justify\">Manuel Freire, Universidad Complutense de Madrid:<span>\u00a0<\/span><em>&#8220;An\u00e1lisis del aprendizaje en juegos&#8221;<\/em>.<\/li>\n<li style=\"text-align: justify\">Edmundo Tovar, Universidad Polit\u00e9cnica de Madrid:<span>\u00a0<\/span><em>&#8220;An\u00e1lisis del aprendizaje en MOOCs de idiomas&#8221;<\/em>.<\/li>\n<\/ul>\n<p><a href=\"http:\/\/www.online-educa.com\/programme\">Programa completo aqu\u00ed.<\/a><\/p>\n<p>[\/et_pb_text][\/et_pb_column][\/et_pb_row][\/et_pb_section]<\/p>\n","protected":false},"excerpt":{"rendered":"<p>La ciudad alemana de Berl\u00edn acoger\u00e1 del 30 de noviembre al 2 de diciembre su 22\u00aa edici\u00f3n de\u00a0Online Educa Berl\u00edn (OEB), una de las conferencias internacionales m\u00e1s importantes del sector de la educaci\u00f3n y formaci\u00f3n basada en las nuevas tecnolog\u00edas. El tema de este a\u00f1o ser\u00e1 &#8220;Owning Learning&#8221;. Se discutir\u00e1n temas como la pertenencia del [&hellip;]<\/p>\n","protected":false},"author":120,"featured_media":2400,"comment_status":"open","ping_status":"open","sticky":false,"template":"","format":"standard","meta":{"_et_pb_use_builder":"on","_et_pb_old_content":"","_et_gb_content_width":"","footnotes":""},"categories":[15],"tags":[],"class_list":["post-2399","post","type-post","status-publish","format-standard","has-post-thumbnail","hentry","category-noticias"],"_links":{"self":[{"href":"https:\/\/emadridnet.uc3m.es\/en\/wp-json\/wp\/v2\/posts\/2399","targetHints":{"allow":["GET"]}}],"collection":[{"href":"https:\/\/emadridnet.uc3m.es\/en\/wp-json\/wp\/v2\/posts"}],"about":[{"href":"https:\/\/emadridnet.uc3m.es\/en\/wp-json\/wp\/v2\/types\/post"}],"author":[{"embeddable":true,"href":"https:\/\/emadridnet.uc3m.es\/en\/wp-json\/wp\/v2\/users\/120"}],"replies":[{"embeddable":true,"href":"https:\/\/emadridnet.uc3m.es\/en\/wp-json\/wp\/v2\/comments?post=2399"}],"version-history":[{"count":2,"href":"https:\/\/emadridnet.uc3m.es\/en\/wp-json\/wp\/v2\/posts\/2399\/revisions"}],"predecessor-version":[{"id":2404,"href":"https:\/\/emadridnet.uc3m.es\/en\/wp-json\/wp\/v2\/posts\/2399\/revisions\/2404"}],"wp:featuredmedia":[{"embeddable":true,"href":"https:\/\/emadridnet.uc3m.es\/en\/wp-json\/wp\/v2\/media\/2400"}],"wp:attachment":[{"href":"https:\/\/emadridnet.uc3m.es\/en\/wp-json\/wp\/v2\/media?parent=2399"}],"wp:term":[{"taxonomy":"category","embeddable":true,"href":"https:\/\/emadridnet.uc3m.es\/en\/wp-json\/wp\/v2\/categories?post=2399"},{"taxonomy":"post_tag","embeddable":true,"href":"https:\/\/emadridnet.uc3m.es\/en\/wp-json\/wp\/v2\/tags?post=2399"}],"curies":[{"name":"wp","href":"https:\/\/api.w.org\/{rel}","templated":true}]}}