{"id":2420,"date":"2016-09-02T07:55:10","date_gmt":"2016-09-02T07:55:10","guid":{"rendered":"https:\/\/emadridnet.uc3m.es\/?p=2420"},"modified":"2021-12-02T07:55:41","modified_gmt":"2021-12-02T07:55:41","slug":"emadrid-en-el-xviii-simposio-internacional-de-informatica-educativa","status":"publish","type":"post","link":"https:\/\/emadridnet.uc3m.es\/en\/2016\/09\/02\/emadrid-en-el-xviii-simposio-internacional-de-informatica-educativa\/","title":{"rendered":"eMadrid en el XVIII Simposio Internacional de Inform\u00e1tica Educativa"},"content":{"rendered":"<p>[et_pb_section fb_built=&#8221;1&#8243; fullwidth=&#8221;on&#8221; admin_label=&#8221;Header&#8221; _builder_version=&#8221;4.9.4&#8243; background_image=&#8221;https:\/\/storage.googleapis.com\/wp-uploads.bucket.wp.uc3m.es\/wp-content\/uploads\/sites\/40\/2021\/06\/02084601\/pexels-julia-m-cameron-4144294.jpg&#8221; parallax=&#8221;on&#8221; custom_padding=&#8221;|||&#8221; animation_style=&#8221;slide&#8221; animation_direction=&#8221;top&#8221; animation_intensity_slide=&#8221;2%&#8221; link_option_url_new_window=&#8221;on&#8221; global_colors_info=&#8221;{}&#8221; theme_builder_area=&#8221;post_content&#8221;][et_pb_fullwidth_header title=&#8221;eMadrid en el XVIII Simposio Internacional de Inform\u00e1tica Educativa&#8221; button_one_url=&#8221;https:\/\/docs.google.com\/forms\/d\/e\/1FAIpQLSelJDv1KKVh6radHnahAkDmbmP__0i2QoT7NpRRfeKDNXCCNQ\/viewform&#8221; background_overlay_color=&#8221;rgba(255,255,255,0.6)&#8221; content_max_width=&#8221;700px&#8221; content_max_width_tablet=&#8221;100%&#8221; content_max_width_phone=&#8221;&#8221; content_max_width_last_edited=&#8221;on|desktop&#8221; _builder_version=&#8221;4.14.1&#8243; title_font=&#8221;Roboto|300|||||||&#8221; title_font_size=&#8221;60px&#8221; title_line_height=&#8221;1.4em&#8221; content_font=&#8221;||||||||&#8221; content_font_size=&#8221;17px&#8221; content_line_height=&#8221;1.9em&#8221; subhead_font=&#8221;|600|||||||&#8221; subhead_font_size=&#8221;20px&#8221; subhead_line_height=&#8221;1.8em&#8221; background_color=&#8221;rgba(76,76,76,0.3)&#8221; background_image=&#8221;https:\/\/storage.googleapis.com\/wp-uploads.bucket.wp.uc3m.es\/wp-content\/uploads\/sites\/40\/2021\/12\/02075348\/32&#215;32-01.png&#8221; custom_button_one=&#8221;on&#8221; button_one_text_size=&#8221;14px&#8221; button_one_text_color=&#8221;#ffffff&#8221; button_one_bg_color=&#8221;#8300e9&#8243; button_one_bg_color_gradient_start=&#8221;#d883f8&#8243; button_one_bg_color_gradient_end=&#8221;#352DBE&#8221; button_one_bg_color_gradient_direction=&#8221;90deg&#8221; button_one_border_width=&#8221;10px&#8221; button_one_border_color=&#8221;rgba(0,0,0,0)&#8221; button_one_border_radius=&#8221;100px&#8221; button_one_letter_spacing=&#8221;3px&#8221; button_one_font=&#8221;Roboto|700||on|||||&#8221; custom_button_two=&#8221;on&#8221; button_two_text_size=&#8221;14px&#8221; button_two_text_color=&#8221;#ffffff&#8221; button_two_bg_color=&#8221;#06c8ff&#8221; button_two_border_width=&#8221;10px&#8221; button_two_border_color=&#8221;rgba(0,0,0,0)&#8221; button_two_border_radius=&#8221;100px&#8221; button_two_letter_spacing=&#8221;3px&#8221; button_two_font=&#8221;Roboto|700||on|||||&#8221; background_layout=&#8221;light&#8221; custom_margin=&#8221;||||false&#8221; custom_padding=&#8221;12vw||12vw||true&#8221; custom_padding_tablet=&#8221;250px||250px||true&#8221; custom_padding_last_edited=&#8221;off|desktop&#8221; hover_enabled=&#8221;0&#8243; title_font_size_tablet=&#8221;40px&#8221; title_font_size_phone=&#8221;32px&#8221; title_font_size_last_edited=&#8221;on|desktop&#8221; button_one_text_color_hover=&#8221;#ffffff&#8221; button_two_text_color_hover=&#8221;#ffffff&#8221; button_one_letter_spacing_hover=&#8221;3px&#8221; button_two_letter_spacing_hover=&#8221;3px&#8221; global_colors_info=&#8221;{}&#8221; button_one_text_size__hover_enabled=&#8221;off&#8221; button_two_text_size__hover_enabled=&#8221;off&#8221; button_one_text_color__hover_enabled=&#8221;on&#8221; button_one_text_color__hover=&#8221;#ffffff&#8221; button_two_text_color__hover_enabled=&#8221;on&#8221; button_two_text_color__hover=&#8221;#ffffff&#8221; button_one_border_width__hover_enabled=&#8221;off&#8221; button_two_border_width__hover_enabled=&#8221;off&#8221; button_one_border_color__hover_enabled=&#8221;off&#8221; button_two_border_color__hover_enabled=&#8221;off&#8221; button_one_border_radius__hover_enabled=&#8221;off&#8221; button_two_border_radius__hover_enabled=&#8221;off&#8221; button_one_letter_spacing__hover_enabled=&#8221;on&#8221; button_one_letter_spacing__hover=&#8221;3px&#8221; button_two_letter_spacing__hover_enabled=&#8221;on&#8221; button_two_letter_spacing__hover=&#8221;3px&#8221; button_one_bg_color__hover_enabled=&#8221;off&#8221; button_two_bg_color__hover_enabled=&#8221;off&#8221; theme_builder_area=&#8221;post_content&#8221; title_text=&#8221;32&#215;32-01&#8243; sticky_enabled=&#8221;0&#8243;][\/et_pb_fullwidth_header][\/et_pb_section][et_pb_section fb_built=&#8221;1&#8243; admin_label=&#8221;Schedule&#8221; _builder_version=&#8221;3.22&#8243; max_width_tablet=&#8221;&#8221; max_width_phone=&#8221;100%&#8221; max_width_last_edited=&#8221;on|phone&#8221; min_height=&#8221;944.3px&#8221; custom_margin=&#8221;|||&#8221; custom_padding=&#8221;54px|0px|0px|0px|false|false&#8221; global_colors_info=&#8221;{}&#8221; theme_builder_area=&#8221;post_content&#8221;][et_pb_row _builder_version=&#8221;4.9.9&#8243; _module_preset=&#8221;default&#8221; global_colors_info=&#8221;{}&#8221; theme_builder_area=&#8221;post_content&#8221;][et_pb_column type=&#8221;4_4&#8243; _builder_version=&#8221;4.9.9&#8243; _module_preset=&#8221;default&#8221; global_colors_info=&#8221;{}&#8221; theme_builder_area=&#8221;post_content&#8221;][et_pb_text _builder_version=&#8221;4.14.1&#8243; _module_preset=&#8221;default&#8221; hover_enabled=&#8221;0&#8243; global_colors_info=&#8221;{}&#8221; theme_builder_area=&#8221;post_content&#8221; sticky_enabled=&#8221;0&#8243;]<\/p>\n<p style=\"text-align: justify\">Del 13 al 16 de septiembre se celebra en Salamanca el<a href=\"https:\/\/siie2016.adie.es\/\"><span>\u00a0<\/span>XVIII Simposio Internacional de Inform\u00e1tica Educativa<\/a><span>\u00a0<\/span>(SIIE 2016) cuyo objetivo es ofrecer un foro internacional para la presentaci\u00f3n y debate de los \u00faltimos avances en investigaci\u00f3n sobre las tecnolog\u00edas para el aprendizaje y su aplicaci\u00f3n pr\u00e1ctica en los procesos educativos. Tambi\u00e9n pretende poner en contacto a investigadores, desarrolladores, representantes institucionales y profesores para compartir puntos de vista, conocimientos y experiencias.<\/p>\n<p style=\"text-align: justify\">Algunos temas que se tratar\u00e1n ser\u00e1n la anal\u00edtica del aprendizaje, aprendizaje online, aprendizaje ubicuo, videojuegos y simulaciones educativas entre otros.<\/p>\n<p style=\"text-align: justify\"><span>Adem\u00e1s, miembros del proyecto eMadrid participar\u00e1n con una sesi\u00f3n el d\u00eda 15 de septiembre en la que se presentar\u00e1n diferentes resultados de la red eMadrid agrupados por objetivos:<\/span><\/p>\n<p style=\"text-align: justify\">1.<span>\u00a0<\/span><strong>Proyecto eMadrid: Autor\u00eda, Reutilizaci\u00f3n y Laboratorios Remotos.<\/strong><span>\u00a0<\/span>Miguel Rodr\u00edguez Artacho, Manuel A. Castro Gil, Gabriel D\u00edaz, Sergio Mart\u00edn, Elio Sancrist\u00f3bal, Xavier Alam\u00e1n, Juan Mateu, M. Jos\u00e9 Lasala, G. M. Sacha, F. Jurado, Roberto Centeno<\/p>\n<p style=\"text-align: justify\">2.<strong><span>\u00a0<\/span>Proyecto eMadrid: MOOCs y Anal\u00edtica del Aprendizaje.<\/strong><span>\u00a0<\/span>Carlos Delgado Kloos, Carlos Alario-Hoyos, Carmen Fern\u00e1ndez-Panadero, Iria Est\u00e9vez Ayres, Pedro J. Mu\u00f1oz-Merino, Edmundo Tovar, Rosa Cabedo, Ruth Cobos, Jaime Moreno, Nelson Piedra, Janneth Chicaiza, Jorge L\u00f3pez.<span>\u00a0<\/span><a href=\"http:\/\/www.slideshare.net\/emadridnet\/v3-moo-cslearninganalyticsemadrid-66205933\"><img loading=\"lazy\" decoding=\"async\" src=\"https:\/\/www.emadridnet.org\/images\/icon_slideshow.jpg\" width=\"20\" height=\"17\" border=\"0\" \/><\/a><\/p>\n<p style=\"text-align: justify\">3.<span>\u00a0<\/span><strong>Proyecto eMadrid: Aprendizaje Ubicuo, Adaptaci\u00f3n, Adaptabilidad y Accesibilidad.<\/strong><span>\u00a0<\/span>Rosa M\u00aa Carro, P. Molins-Ruano, Pilar Rodr\u00edguez, G.M. Sacha, Carlos Delgado Kloos, Pedro J. Mu\u00f1oz Merino, M. Mu\u00f1oz Organero, Manuel Castro, S. Mart\u00edn.<a href=\"http:\/\/www.slideshare.net\/emadridnet\/siie16-proyecto-emadrid-aprendizaje-ubicuo-adaptacin-adaptabilidad-y-accesibilidad-rosa-m-carro-p-molinsruano-pilar-rodrguez-gm-sacha-carlos-delgado-kloos-pedro-j-muoz-merino-m-muoz-organero-manuel-castro-s-martn-15092016\"><img loading=\"lazy\" decoding=\"async\" src=\"https:\/\/www.emadridnet.org\/images\/icon_slideshow.jpg\" width=\"20\" height=\"17\" border=\"0\" \/><\/a><\/p>\n<p style=\"text-align: justify\">4.<span>\u00a0<\/span><strong>Proyecto eMadrid: Juegos Serios y Simulaciones Educativas.<\/strong><span>\u00a0<\/span>Manuel Freire Mor\u00e1n, Francisco Jurado Monroy, J. \u00c1ngel Vel\u00e1zquez Iturbide, M\u00aa del Carmen Fern\u00e1ndez Panadero, M\u00aa Blanca Ib\u00e1\u00f1ez.<span>\u00a0<\/span><a href=\"http:\/\/www.slideshare.net\/emadridnet\/siie16-proyecto-emadrid-juegos-serios-y-simulaciones-educativas-manuel-freire-morn-francisco-jurado-monroy-j-ngel-velzquez-iturbide-m-del-carmen-fernndez-panadero-m-blanca-ibez-19092016\"><img loading=\"lazy\" decoding=\"async\" src=\"https:\/\/www.emadridnet.org\/images\/icon_slideshow.jpg\" width=\"20\" height=\"17\" border=\"0\" \/><\/a><\/p>\n<p style=\"text-align: justify\">5.<strong><span>\u00a0<\/span>Proyecto eMadrid: Recursos Educativos Abiertos y Est\u00e1ndares.<\/strong><span>\u00a0<\/span>Edmundo Tovar Caro, Nelson Piedra, Janneth Chicaiza, Jorge L\u00f3pez, Miguel Rodr\u00edguez Artacho, Manuel Castro, Sergio Mart\u00edn, Elio Sancrist\u00f3bal Ruiz, Gabriel Diaz, Felix Garc\u00eda Loro<\/p>\n<p style=\"text-align: justify\">6.<span>\u00a0<\/span><strong>Proyecto eMadrid: Metodolog\u00edas Educativas, Ludificaci\u00f3n y Calidad.<\/strong><span>\u00a0<\/span>J. \u00c1ngel Vel\u00e1zquez Iturbide, Gregorio Robles Mart\u00ednez, Ruth Cobos, Leovy Echeverr\u00eda, Iv\u00e1n Claros, M\u00aa Carmen Fern\u00e1ndez Panadero, M\u00aa Blanca Ib\u00e1\u00f1ez, Carlos Delgado Kloos.<span>\u00a0<\/span><a href=\"http:\/\/www.slideshare.net\/emadridnet\/siie-2016-proyecto-emadrid-metodologas-educativas-ludificacin-y-calidad-j-ngel-velzquez-iturbide-gregorio-robles-martnez-ruth-cobos-leovy-echeverra-ivn-claros-m-carmen-fernndez-panadero-m-blanca-ibez-carlos-delgado-kloos\"><img loading=\"lazy\" decoding=\"async\" src=\"https:\/\/www.emadridnet.org\/images\/icon_slideshow.jpg\" width=\"20\" height=\"17\" border=\"0\" \/><\/a><\/p>\n<p style=\"text-align: justify\"><span>M\u00e1s informaci\u00f3n<\/span><\/p>\n<p style=\"text-align: justify\">&#8211;<span>\u00a0<\/span><a href=\"https:\/\/siie2016.adie.es\/\">Web del evento<\/a><\/p>\n<p style=\"text-align: justify\">&#8211;<span>\u00a0<\/span><a href=\"https:\/\/agora.grial.eu\/siie2016\/files\/2016\/09\/SIIE2016-Programa.pdf\">Programa completo<\/a><\/p>\n<p style=\"text-align: justify\"><a data-flickr-embed=\"true\" href=\"https:\/\/www.flickr.com\/photos\/emadridnet\/albums\/72157672786351861\" title=\"SIIE16\"><img loading=\"lazy\" decoding=\"async\" src=\"https:\/\/c5.staticflickr.com\/9\/8146\/29068306724_f1c21a9836_z.jpg\" width=\"640\" height=\"480\" alt=\"SIIE16\" \/><\/a><\/p>\n<p>[\/et_pb_text][\/et_pb_column][\/et_pb_row][\/et_pb_section]<\/p>\n","protected":false},"excerpt":{"rendered":"<p>Del 13 al 16 de septiembre se celebra en Salamanca el\u00a0XVIII Simposio Internacional de Inform\u00e1tica Educativa\u00a0(SIIE 2016) cuyo objetivo es ofrecer un foro internacional para la presentaci\u00f3n y debate de los \u00faltimos avances en investigaci\u00f3n sobre las tecnolog\u00edas para el aprendizaje y su aplicaci\u00f3n pr\u00e1ctica en los procesos educativos. Tambi\u00e9n pretende poner en contacto a [&hellip;]<\/p>\n","protected":false},"author":120,"featured_media":2421,"comment_status":"open","ping_status":"open","sticky":false,"template":"","format":"standard","meta":{"_et_pb_use_builder":"on","_et_pb_old_content":"","_et_gb_content_width":"","footnotes":""},"categories":[15],"tags":[],"class_list":["post-2420","post","type-post","status-publish","format-standard","has-post-thumbnail","hentry","category-noticias"],"_links":{"self":[{"href":"https:\/\/emadridnet.uc3m.es\/en\/wp-json\/wp\/v2\/posts\/2420","targetHints":{"allow":["GET"]}}],"collection":[{"href":"https:\/\/emadridnet.uc3m.es\/en\/wp-json\/wp\/v2\/posts"}],"about":[{"href":"https:\/\/emadridnet.uc3m.es\/en\/wp-json\/wp\/v2\/types\/post"}],"author":[{"embeddable":true,"href":"https:\/\/emadridnet.uc3m.es\/en\/wp-json\/wp\/v2\/users\/120"}],"replies":[{"embeddable":true,"href":"https:\/\/emadridnet.uc3m.es\/en\/wp-json\/wp\/v2\/comments?post=2420"}],"version-history":[{"count":2,"href":"https:\/\/emadridnet.uc3m.es\/en\/wp-json\/wp\/v2\/posts\/2420\/revisions"}],"predecessor-version":[{"id":2425,"href":"https:\/\/emadridnet.uc3m.es\/en\/wp-json\/wp\/v2\/posts\/2420\/revisions\/2425"}],"wp:featuredmedia":[{"embeddable":true,"href":"https:\/\/emadridnet.uc3m.es\/en\/wp-json\/wp\/v2\/media\/2421"}],"wp:attachment":[{"href":"https:\/\/emadridnet.uc3m.es\/en\/wp-json\/wp\/v2\/media?parent=2420"}],"wp:term":[{"taxonomy":"category","embeddable":true,"href":"https:\/\/emadridnet.uc3m.es\/en\/wp-json\/wp\/v2\/categories?post=2420"},{"taxonomy":"post_tag","embeddable":true,"href":"https:\/\/emadridnet.uc3m.es\/en\/wp-json\/wp\/v2\/tags?post=2420"}],"curies":[{"name":"wp","href":"https:\/\/api.w.org\/{rel}","templated":true}]}}