{"id":3101,"date":"2012-10-14T07:54:38","date_gmt":"2012-10-14T07:54:38","guid":{"rendered":"https:\/\/emadridnet.uc3m.es\/?p=3101"},"modified":"2022-03-14T09:03:22","modified_gmt":"2022-03-14T09:03:22","slug":"entrevistas-sobre-e-learning-2-0-en-las-iii-jornadas-emadrid","status":"publish","type":"post","link":"https:\/\/emadridnet.uc3m.es\/en\/2012\/10\/14\/entrevistas-sobre-e-learning-2-0-en-las-iii-jornadas-emadrid\/","title":{"rendered":"Entrevistas sobre e-Learning 2.0 en las III Jornadas eMadrid"},"content":{"rendered":"<p>[et_pb_section fb_built=&#8221;1&#8243; fullwidth=&#8221;on&#8221; admin_label=&#8221;Header&#8221; _builder_version=&#8221;4.9.4&#8243; background_image=&#8221;https:\/\/storage.googleapis.com\/wp-uploads.bucket.wp.uc3m.es\/wp-content\/uploads\/sites\/40\/2021\/06\/02084601\/pexels-julia-m-cameron-4144294.jpg&#8221; parallax=&#8221;on&#8221; custom_padding=&#8221;|||&#8221; animation_style=&#8221;slide&#8221; animation_direction=&#8221;top&#8221; animation_intensity_slide=&#8221;2%&#8221; link_option_url_new_window=&#8221;on&#8221; global_colors_info=&#8221;{}&#8221; theme_builder_area=&#8221;post_content&#8221;][et_pb_fullwidth_header title=&#8221;Entrevistas sobre e-Learning 2.0 en las III Jornadas eMadrid&#8221; button_one_url=&#8221;https:\/\/docs.google.com\/forms\/d\/e\/1FAIpQLSelJDv1KKVh6radHnahAkDmbmP__0i2QoT7NpRRfeKDNXCCNQ\/viewform&#8221; background_overlay_color=&#8221;rgba(255,255,255,0.6)&#8221; content_max_width=&#8221;700px&#8221; content_max_width_tablet=&#8221;100%&#8221; content_max_width_phone=&#8221;&#8221; content_max_width_last_edited=&#8221;on|desktop&#8221; _builder_version=&#8221;4.14.2&#8243; title_font=&#8221;Roboto|300|||||||&#8221; title_font_size=&#8221;60px&#8221; title_line_height=&#8221;1.4em&#8221; content_font=&#8221;||||||||&#8221; content_font_size=&#8221;17px&#8221; content_line_height=&#8221;1.9em&#8221; subhead_font=&#8221;|600|||||||&#8221; subhead_font_size=&#8221;20px&#8221; subhead_line_height=&#8221;1.8em&#8221; background_color=&#8221;rgba(76,76,76,0.3)&#8221; background_image=&#8221;https:\/\/storage.googleapis.com\/wp-uploads.bucket.wp.uc3m.es\/wp-content\/uploads\/sites\/40\/2021\/12\/14075254\/entrevistas_iii_jornadas.jpg&#8221; custom_button_one=&#8221;on&#8221; button_one_text_size=&#8221;14px&#8221; button_one_text_color=&#8221;#ffffff&#8221; button_one_bg_color=&#8221;#8300e9&#8243; button_one_bg_color_gradient_start=&#8221;#d883f8&#8243; button_one_bg_color_gradient_end=&#8221;#352DBE&#8221; button_one_bg_color_gradient_direction=&#8221;90deg&#8221; button_one_border_width=&#8221;10px&#8221; button_one_border_color=&#8221;rgba(0,0,0,0)&#8221; button_one_border_radius=&#8221;100px&#8221; button_one_letter_spacing=&#8221;3px&#8221; button_one_font=&#8221;Roboto|700||on|||||&#8221; custom_button_two=&#8221;on&#8221; button_two_text_size=&#8221;14px&#8221; button_two_text_color=&#8221;#ffffff&#8221; button_two_bg_color=&#8221;#06c8ff&#8221; button_two_border_width=&#8221;10px&#8221; button_two_border_color=&#8221;rgba(0,0,0,0)&#8221; button_two_border_radius=&#8221;100px&#8221; button_two_letter_spacing=&#8221;3px&#8221; button_two_font=&#8221;Roboto|700||on|||||&#8221; background_layout=&#8221;light&#8221; custom_margin=&#8221;||||false&#8221; custom_padding=&#8221;12vw||12vw||true&#8221; custom_padding_tablet=&#8221;250px||250px||true&#8221; custom_padding_last_edited=&#8221;off|desktop&#8221; hover_enabled=&#8221;0&#8243; title_font_size_tablet=&#8221;40px&#8221; title_font_size_phone=&#8221;32px&#8221; title_font_size_last_edited=&#8221;on|desktop&#8221; button_one_text_color_hover=&#8221;#ffffff&#8221; button_two_text_color_hover=&#8221;#ffffff&#8221; button_one_letter_spacing_hover=&#8221;3px&#8221; button_two_letter_spacing_hover=&#8221;3px&#8221; global_colors_info=&#8221;{}&#8221; button_one_text_size__hover_enabled=&#8221;off&#8221; button_two_text_size__hover_enabled=&#8221;off&#8221; button_one_text_color__hover_enabled=&#8221;on&#8221; button_one_text_color__hover=&#8221;#ffffff&#8221; button_two_text_color__hover_enabled=&#8221;on&#8221; button_two_text_color__hover=&#8221;#ffffff&#8221; button_one_border_width__hover_enabled=&#8221;off&#8221; button_two_border_width__hover_enabled=&#8221;off&#8221; button_one_border_color__hover_enabled=&#8221;off&#8221; button_two_border_color__hover_enabled=&#8221;off&#8221; button_one_border_radius__hover_enabled=&#8221;off&#8221; button_two_border_radius__hover_enabled=&#8221;off&#8221; button_one_letter_spacing__hover_enabled=&#8221;on&#8221; button_one_letter_spacing__hover=&#8221;3px&#8221; button_two_letter_spacing__hover_enabled=&#8221;on&#8221; button_two_letter_spacing__hover=&#8221;3px&#8221; button_one_bg_color__hover_enabled=&#8221;off&#8221; button_two_bg_color__hover_enabled=&#8221;off&#8221; theme_builder_area=&#8221;post_content&#8221; title_text=&#8221;entrevistas_iii_jornadas&#8221; sticky_enabled=&#8221;0&#8243;][\/et_pb_fullwidth_header][\/et_pb_section][et_pb_section fb_built=&#8221;1&#8243; admin_label=&#8221;Schedule&#8221; _builder_version=&#8221;3.22&#8243; max_width_tablet=&#8221;&#8221; max_width_phone=&#8221;100%&#8221; max_width_last_edited=&#8221;on|phone&#8221; min_height=&#8221;924.3px&#8221; custom_margin=&#8221;|||&#8221; custom_padding=&#8221;54px|0px|0px|0px|false|false&#8221; global_colors_info=&#8221;{}&#8221; theme_builder_area=&#8221;post_content&#8221;][et_pb_row _builder_version=&#8221;4.9.9&#8243; _module_preset=&#8221;default&#8221; global_colors_info=&#8221;{}&#8221; theme_builder_area=&#8221;post_content&#8221;][et_pb_column type=&#8221;4_4&#8243; _builder_version=&#8221;4.9.9&#8243; _module_preset=&#8221;default&#8221; global_colors_info=&#8221;{}&#8221; theme_builder_area=&#8221;post_content&#8221;][et_pb_text _builder_version=&#8221;4.14.2&#8243; _module_preset=&#8221;default&#8221; hover_enabled=&#8221;0&#8243; global_colors_info=&#8221;{}&#8221; theme_builder_area=&#8221;post_content&#8221; sticky_enabled=&#8221;0&#8243;]<\/p>\n<p style=\"text-align: justify\">Con motivo de las<a href=\"http:\/\/www.emadridnet.org\/iii-jornadas-emadrid-sobre-e-learning\"><span>\u00a0<\/span>III Jornadas eMadrid<\/a>, celebradas los pasados 18 y 19 de junio en el Edificio A del Rectorado de la UPM (Ciudad Universitaria, Madrid), se llev\u00f3 a cabo una serie de entrevistas en la que los participantes en el evento respondieron sobre diversos aspectos relacionados con el tema central de esta edici\u00f3n, el e-Learning 2.0. Durante las entrevistas expusieron sus opiniones sobre la manera en que las herramientas web 2.0 afectan a las barreras entre la educaci\u00f3n formal e informal o la din\u00e1mica de los procesos de aprendizaje.<\/p>\n<p style=\"text-align: justify\">Entre los participantes se encuentran expertos nacionales e internacionales del \u00e1mbito acad\u00e9mico y empresarial que exponen su visi\u00f3n sobre las transformaciones que ha sufrido la educaci\u00f3n con la llegada del e-Learning 2.0. Asimismo, hablan de sus experiencias al respecto y exponen sus opiniones sobre el estado actual y la posible evoluci\u00f3n del aprendizaje.<\/p>\n<p style=\"text-align: justify\"><a href=\"http:\/\/vimeo.com\/51431258\">Entrevistas a participantes en las III Jornadas eMadrid sobre e-Learning (1)<\/a><span>\u00a0<\/span>from<span>\u00a0<\/span><a href=\"http:\/\/vimeo.com\/emadridnet\">eMadrid net<\/a><span>\u00a0<\/span>on<span>\u00a0<\/span><a href=\"https:\/\/vimeo.com\/\">Vimeo<\/a>.<\/p>\n<p style=\"text-align: justify\">\n<p style=\"text-align: justify\">Entrevistados:<\/p>\n<p style=\"text-align: justify\">Gonzalo Le\u00f3n Serrano (UPM)<br \/>Edmundo Tovar Caro (UPM)<br \/>Carlos Delgado Kloos (UC3M)<br \/>Peter Scott (KMI)<br \/>Antonio Rodr\u00edguez de las Heras (UC3M)<br \/>Fred de Vries (OUNL)<br \/>Jos\u00e9 Luis Garc\u00eda Grinda (UPM)<br \/>Sara de Freitas (SGI)<\/p>\n<p style=\"text-align: justify\">\n<p style=\"text-align: justify\"><a href=\"http:\/\/vimeo.com\/51431259\">Entrevistas a participantes en las III Jornadas eMadrid sobre e-Learning (2)<\/a><span>\u00a0<\/span>from<span>\u00a0<\/span><a href=\"http:\/\/vimeo.com\/emadridnet\">eMadrid net<\/a><span>\u00a0<\/span>on<span>\u00a0<\/span><a href=\"https:\/\/vimeo.com\/\">Vimeo<\/a>.<\/p>\n<p style=\"text-align: justify\">\n<p style=\"text-align: justify\">\n<p style=\"text-align: justify\">Entrevistados:<\/p>\n<p style=\"text-align: justify\">Paloma D\u00edaz (UC3M)<br \/>Lorenzo Garc\u00eda Aretio (UNED)<br \/>Enrique Aliende (T\u00e9cnicas Avanzadas Digitales S.L.)<br \/>Fabi\u00e1n Garc\u00eda Pastor (Telef\u00f3nica)<br \/>Mariano Sanz Prieto (Fundaci\u00f3n Siglo22)<br \/>Llu\u00eds Vicent (OULS)<br \/>T\u00edscar Lara (EOI Digital)<br \/>Jos\u00e9 Carlos L\u00f3pez Ardao (UV)<\/p>\n<p>[\/et_pb_text][\/et_pb_column][\/et_pb_row][\/et_pb_section]<\/p>\n","protected":false},"excerpt":{"rendered":"<p>Con motivo de las\u00a0III Jornadas eMadrid, celebradas los pasados 18 y 19 de junio en el Edificio A del Rectorado de la UPM (Ciudad Universitaria, Madrid), se llev\u00f3 a cabo una serie de entrevistas en la que los participantes en el evento respondieron sobre diversos aspectos relacionados con el tema central de esta edici\u00f3n, el [&hellip;]<\/p>\n","protected":false},"author":120,"featured_media":3102,"comment_status":"closed","ping_status":"open","sticky":false,"template":"","format":"standard","meta":{"_et_pb_use_builder":"on","_et_pb_old_content":"","_et_gb_content_width":"","footnotes":""},"categories":[15],"tags":[],"class_list":["post-3101","post","type-post","status-publish","format-standard","has-post-thumbnail","hentry","category-noticias"],"_links":{"self":[{"href":"https:\/\/emadridnet.uc3m.es\/en\/wp-json\/wp\/v2\/posts\/3101","targetHints":{"allow":["GET"]}}],"collection":[{"href":"https:\/\/emadridnet.uc3m.es\/en\/wp-json\/wp\/v2\/posts"}],"about":[{"href":"https:\/\/emadridnet.uc3m.es\/en\/wp-json\/wp\/v2\/types\/post"}],"author":[{"embeddable":true,"href":"https:\/\/emadridnet.uc3m.es\/en\/wp-json\/wp\/v2\/users\/120"}],"replies":[{"embeddable":true,"href":"https:\/\/emadridnet.uc3m.es\/en\/wp-json\/wp\/v2\/comments?post=3101"}],"version-history":[{"count":2,"href":"https:\/\/emadridnet.uc3m.es\/en\/wp-json\/wp\/v2\/posts\/3101\/revisions"}],"predecessor-version":[{"id":3106,"href":"https:\/\/emadridnet.uc3m.es\/en\/wp-json\/wp\/v2\/posts\/3101\/revisions\/3106"}],"wp:featuredmedia":[{"embeddable":true,"href":"https:\/\/emadridnet.uc3m.es\/en\/wp-json\/wp\/v2\/media\/3102"}],"wp:attachment":[{"href":"https:\/\/emadridnet.uc3m.es\/en\/wp-json\/wp\/v2\/media?parent=3101"}],"wp:term":[{"taxonomy":"category","embeddable":true,"href":"https:\/\/emadridnet.uc3m.es\/en\/wp-json\/wp\/v2\/categories?post=3101"},{"taxonomy":"post_tag","embeddable":true,"href":"https:\/\/emadridnet.uc3m.es\/en\/wp-json\/wp\/v2\/tags?post=3101"}],"curies":[{"name":"wp","href":"https:\/\/api.w.org\/{rel}","templated":true}]}}