{"id":3369,"date":"2021-03-15T07:55:12","date_gmt":"2021-03-15T07:55:12","guid":{"rendered":"https:\/\/emadridnet.uc3m.es\/?p=3369"},"modified":"2021-12-15T07:55:46","modified_gmt":"2021-12-15T07:55:46","slug":"emadrid-talks-about-education-in-the-new-normal-at-educon-2021","status":"publish","type":"post","link":"https:\/\/emadridnet.uc3m.es\/en\/2021\/03\/15\/emadrid-talks-about-education-in-the-new-normal-at-educon-2021\/","title":{"rendered":"eMadrid talks about education in the new normal at EDUCON 2021"},"content":{"rendered":"<p>[et_pb_section fb_built=&#8221;1&#8243; fullwidth=&#8221;on&#8221; admin_label=&#8221;Header&#8221; _builder_version=&#8221;4.9.4&#8243; background_image=&#8221;https:\/\/storage.googleapis.com\/wp-uploads.bucket.wp.uc3m.es\/wp-content\/uploads\/sites\/40\/2021\/06\/02084601\/pexels-julia-m-cameron-4144294.jpg&#8221; parallax=&#8221;on&#8221; custom_padding=&#8221;|||&#8221; animation_style=&#8221;slide&#8221; animation_direction=&#8221;top&#8221; animation_intensity_slide=&#8221;2%&#8221; link_option_url_new_window=&#8221;on&#8221; global_colors_info=&#8221;{}&#8221; theme_builder_area=&#8221;post_content&#8221;][et_pb_fullwidth_header title=&#8221;eMadrid talks about education in the new normal at EDUCON 2021&#8243; button_one_url=&#8221;https:\/\/docs.google.com\/forms\/d\/e\/1FAIpQLSelJDv1KKVh6radHnahAkDmbmP__0i2QoT7NpRRfeKDNXCCNQ\/viewform&#8221; background_overlay_color=&#8221;rgba(255,255,255,0.6)&#8221; content_max_width=&#8221;700px&#8221; content_max_width_tablet=&#8221;100%&#8221; content_max_width_phone=&#8221;&#8221; content_max_width_last_edited=&#8221;on|desktop&#8221; _builder_version=&#8221;4.14.2&#8243; title_font=&#8221;Roboto|300|||||||&#8221; title_font_size=&#8221;60px&#8221; title_line_height=&#8221;1.4em&#8221; content_font=&#8221;||||||||&#8221; content_font_size=&#8221;17px&#8221; content_line_height=&#8221;1.9em&#8221; subhead_font=&#8221;|600|||||||&#8221; subhead_font_size=&#8221;20px&#8221; subhead_line_height=&#8221;1.8em&#8221; background_color=&#8221;rgba(76,76,76,0.3)&#8221; background_image=&#8221;https:\/\/storage.googleapis.com\/wp-uploads.bucket.wp.uc3m.es\/wp-content\/uploads\/sites\/40\/2021\/12\/15075310\/educon.png&#8221; custom_button_one=&#8221;on&#8221; button_one_text_size=&#8221;14px&#8221; button_one_text_color=&#8221;#ffffff&#8221; button_one_bg_color=&#8221;#8300e9&#8243; button_one_bg_color_gradient_start=&#8221;#d883f8&#8243; button_one_bg_color_gradient_end=&#8221;#352DBE&#8221; button_one_bg_color_gradient_direction=&#8221;90deg&#8221; button_one_border_width=&#8221;10px&#8221; button_one_border_color=&#8221;rgba(0,0,0,0)&#8221; button_one_border_radius=&#8221;100px&#8221; button_one_letter_spacing=&#8221;3px&#8221; button_one_font=&#8221;Roboto|700||on|||||&#8221; custom_button_two=&#8221;on&#8221; button_two_text_size=&#8221;14px&#8221; button_two_text_color=&#8221;#ffffff&#8221; button_two_bg_color=&#8221;#06c8ff&#8221; button_two_border_width=&#8221;10px&#8221; button_two_border_color=&#8221;rgba(0,0,0,0)&#8221; button_two_border_radius=&#8221;100px&#8221; button_two_letter_spacing=&#8221;3px&#8221; button_two_font=&#8221;Roboto|700||on|||||&#8221; background_layout=&#8221;light&#8221; custom_margin=&#8221;||||false&#8221; custom_padding=&#8221;12vw||12vw||true&#8221; custom_padding_tablet=&#8221;250px||250px||true&#8221; custom_padding_last_edited=&#8221;off|desktop&#8221; hover_enabled=&#8221;0&#8243; title_font_size_tablet=&#8221;40px&#8221; title_font_size_phone=&#8221;32px&#8221; title_font_size_last_edited=&#8221;on|desktop&#8221; button_one_text_color_hover=&#8221;#ffffff&#8221; button_two_text_color_hover=&#8221;#ffffff&#8221; button_one_letter_spacing_hover=&#8221;3px&#8221; button_two_letter_spacing_hover=&#8221;3px&#8221; global_colors_info=&#8221;{}&#8221; button_one_text_size__hover_enabled=&#8221;off&#8221; button_two_text_size__hover_enabled=&#8221;off&#8221; button_one_text_color__hover_enabled=&#8221;on&#8221; button_one_text_color__hover=&#8221;#ffffff&#8221; button_two_text_color__hover_enabled=&#8221;on&#8221; button_two_text_color__hover=&#8221;#ffffff&#8221; button_one_border_width__hover_enabled=&#8221;off&#8221; button_two_border_width__hover_enabled=&#8221;off&#8221; button_one_border_color__hover_enabled=&#8221;off&#8221; button_two_border_color__hover_enabled=&#8221;off&#8221; button_one_border_radius__hover_enabled=&#8221;off&#8221; button_two_border_radius__hover_enabled=&#8221;off&#8221; button_one_letter_spacing__hover_enabled=&#8221;on&#8221; button_one_letter_spacing__hover=&#8221;3px&#8221; button_two_letter_spacing__hover_enabled=&#8221;on&#8221; button_two_letter_spacing__hover=&#8221;3px&#8221; button_one_bg_color__hover_enabled=&#8221;off&#8221; button_two_bg_color__hover_enabled=&#8221;off&#8221; theme_builder_area=&#8221;post_content&#8221; title_text=&#8221;educon&#8221; sticky_enabled=&#8221;0&#8243;][\/et_pb_fullwidth_header][\/et_pb_section][et_pb_section fb_built=&#8221;1&#8243; admin_label=&#8221;Schedule&#8221; _builder_version=&#8221;3.22&#8243; max_width_tablet=&#8221;&#8221; max_width_phone=&#8221;100%&#8221; max_width_last_edited=&#8221;on|phone&#8221; min_height=&#8221;1028.3px&#8221; custom_margin=&#8221;|||&#8221; custom_padding=&#8221;54px|0px|0px|0px|false|false&#8221; global_colors_info=&#8221;{}&#8221; theme_builder_area=&#8221;post_content&#8221;][et_pb_row _builder_version=&#8221;4.9.9&#8243; _module_preset=&#8221;default&#8221; global_colors_info=&#8221;{}&#8221; theme_builder_area=&#8221;post_content&#8221;][et_pb_column type=&#8221;4_4&#8243; _builder_version=&#8221;4.9.9&#8243; _module_preset=&#8221;default&#8221; global_colors_info=&#8221;{}&#8221; theme_builder_area=&#8221;post_content&#8221;][et_pb_text _builder_version=&#8221;4.14.2&#8243; _module_preset=&#8221;default&#8221; hover_enabled=&#8221;0&#8243; global_colors_info=&#8221;{}&#8221; theme_builder_area=&#8221;post_content&#8221; sticky_enabled=&#8221;0&#8243;]<\/p>\n<p style=\"font-weight: 400;text-align: justify\">The<span>\u00a0<\/span><b><strong>eMadrid network<\/strong><\/b><span>\u00a0<\/span>will be, once again, part of<span>\u00a0<\/span><a href=\"http:\/\/www.educon-conference.org\/current\/index.php\">EDUCON<\/a>\u00a0(<b><strong>IEEE Global Engineering Education Conference<\/strong><\/b>). This year&#8217;s edition will take place between<span>\u00a0<\/span><b><strong>April 21st and 23rd.<\/strong><\/b><span>\u00a0<\/span>Although Vienna was scheduled to host this meeting, it will finally take place<span>\u00a0<\/span><b><strong>online<\/strong><\/b>, due to restrictions arising from the coronavirus pandemic. The organization is in the hands of the<span>\u00a0<\/span><b><strong>Carinthia University of Applied Sciences<\/strong><\/b><span>\u00a0<\/span>and the<span>\u00a0<\/span><b><strong>University of Applied Sciences Technikum Wien<\/strong><\/b>. This time, the theme chosen to be the common thread of the conference is<span>\u00a0<\/span><b><strong>&#8220;Women in Engineering.&#8221;<\/strong><\/b><\/p>\n<p style=\"font-weight: 400;text-align: justify\">\n<p style=\"font-weight: 400;text-align: justify\"><b><strong>EDUCON<\/strong><\/b><span>\u00a0<\/span>has become an unmissable event for professors, researchers and other professionals. We are talking about a f\u00f3rum,<span>\u00a0<\/span>sponsored by<span>\u00a0<\/span><b><strong>IEEE Education Society<\/strong><\/b>,<span>\u00a0<\/span>which is considered the<span>\u00a0<\/span>\u00a0the largest reference in education in the IEEE 8 Region (Europe, Middle East and North Africa). For many people, its the perfect place for collaboration and Exchange of ideas on engineering teaching and learning around the world.<\/p>\n<p style=\"font-weight: 400;text-align: justify\">\n<p style=\"font-weight: 400;text-align: justify\">\u00a0As usual, the<span>\u00a0<\/span><b><strong>eMadrid Network<\/strong><\/b><span>\u00a0<\/span>will participate in the conference with a two-parts-special session on<span>\u00a0<\/span><b><strong>&#8220;Education in the new normal&#8221;<\/strong><\/b>, in which it will discuss the different models to organize university education\u00a0when facing such an important challenge like the digitization of education. Good practices applied for the transition to emergency online teaching, models for the organization of teaching in a context of adapted presence, tools and applications with future projection or professional development or Professional development strategies for lecturing staff will be\u00a0some of the topics of discussion.<\/p>\n<p style=\"font-weight: 400;text-align: justify\">The first part of the eMadrid special session will take place on April 22nd at 16:30:<\/p>\n<ul style=\"font-weight: 400;text-align: justify\">\n<li>&#8220;<b><strong>Towards a Cloud-Based University Accelerated By the Pandemic&#8221;.\u00a0<\/strong><\/b>Carlos Delgado Kloos, Carlos Alario-Hoyos, Carmen Fern\u00e1ndez-Panadero, Pedro J. Mu\u00f1oz-Merino, Iria Est\u00e9vez-Ayres, Mario Mu\u00f1oz-Organero, Mar\u00eda Blanca Ib\u00e1\u00f1ez, Pedro Manuel Moreno-Marcos, Boni Garc\u00eda (Universidad Carlos III de Madrid).<\/li>\n<li><b><strong><a href=\"https:\/\/www.slideshare.net\/emadridnet\/educon-2021education-in-the-new-normal\">EDUCON 2021_Education in the New Normal<\/a><span>\u00a0<\/span><\/strong><\/b>de<span>\u00a0<\/span><b><strong><a href=\"https:\/\/www.slideshare.net\/emadridnet\">eMadrid network<\/a><\/strong><\/b>This paper got the Most Innovative Paper regarding Engineering Education Award<\/li>\n<li><b><strong><a href=\"https:\/\/www.slideshare.net\/emadridnet\/best-paper-awardseducon-2021\">Best Paper Awards_EDUCON 2021<\/a><span>\u00a0<\/span><\/strong><\/b>from<span>\u00a0<\/span><b><strong><a href=\"https:\/\/www.slideshare.net\/emadridnet\">eMadrid network<\/a><\/strong><\/b><\/li>\n<li><b><strong>&#8220;Why students\u2019 self-regulation is key towards the new normality?&#8221;<\/strong><\/b>. Ignacio Noguerol, Bernardo Tabuenca, Edmundo Tovar (Universidad Polit\u00e9cnica de Madrid).<\/li>\n<li><b><strong>&#8220;Data science meets standardized game learning analytics&#8221;.\u00a0<\/strong><\/b>Cristina Alonso-Fern\u00e1ndez, Antonio Calvo-Morata, Manuel Freire, Iv\u00e1n Mart\u00ednez-Ortiz, Baltasar Fern\u00e1ndez-Manj\u00f3n (Universidad Complutense de Madrid).<\/li>\n<li><b><strong><a href=\"https:\/\/www.slideshare.net\/emadridnet\/educon-2021data-science-meets-standardized-game-learning-analytics\">EDUCON 2021_Data Science meets standardized game learning analytics<\/a><span>\u00a0<\/span><\/strong><\/b>de<span>\u00a0<\/span><b><strong><a href=\"https:\/\/www.slideshare.net\/emadridnet\">eMadrid network<\/a><\/strong><\/b><\/li>\n<li>&#8220;Providing Learning Success as a Service: A Structured Literature Review&#8221;.\u00a0Sophie Heim, Clemens Drieschner, Holger Wittges, Helmut Krcmar (Technical University of Munich, Germany).\u00a0\u00a0<\/li>\n<li><b><strong>&#8220;iLabs as an online laboratory platform: A case study at Stanford University during theCOVID-19 Pandemic&#8221;.\u00a0<\/strong><\/b>Mohammad Asif Zaman, Lars Thorben Neustock, Lambertus Hesselink (Stanford University, United States of America).<\/li>\n<li><b><strong>&#8220;Teaching Operating Systems in the Time of COVID-19&#8221;<\/strong><\/b>. Eloy Anguiano, Rosa M Carro, Alvaro Ortigosa, Pilar Rodr\u00edguez (Universidad Aut\u00f3noma de Madrid).<\/li>\n<\/ul>\n<p style=\"font-weight: 400;text-align: justify\">\u00a0The second part of the eMadrid special session will start at 18:30, on April 22nd:\u00a0<\/p>\n<ul style=\"font-weight: 400;text-align: justify\">\n<li><b><strong>&#8220;Studying the Students&#8217; Learning in<span>\u00a0<\/span><a href=\"mailto:LoT@UNED%22\">LoT@UNED&#8221;<\/a><\/strong><\/b>.\u00a0Llanos Tobarra, Antonio Robles-G\u00f3mez, Rafael Pastor-Vargas, Roberto Hern\u00e1ndez, Juan M. Haut (Dpt. Communications and Control Systems, UNED, Spain).<\/li>\n<li><b><strong><a href=\"https:\/\/www.slideshare.net\/emadridnet\/educon-2021studying-the-students-learning-in-lotuned\">EDUCON 2021_Studying the Students&#8217; Learning in Lot@UNED<\/a><span>\u00a0<\/span><\/strong><\/b>de<span>\u00a0<\/span><b><strong><a href=\"https:\/\/www.slideshare.net\/emadridnet\">eMadrid network<\/a><\/strong><\/b><\/li>\n<li><b><strong>&#8220;Students\u2019 Emotions Using an Algorithm Experimentation Tool in the New Normal&#8221;<\/strong><\/b>. J. \u00c1ngel Vel\u00e1zquez-Iturbide, Daniel Palacios-Alonso (Universidad Rey Juan Carlos).<\/li>\n<li><b><strong><a href=\"https:\/\/www.slideshare.net\/emadridnet\/educon-2021students-emotions-using-an-algorithm-experimentation-tool-in-the-new-normal\">EDUCON 2021_Students&#8217; Emotions Using an Algorithm Experimentation Tool in the New Normal<\/a><span>\u00a0<\/span><\/strong><\/b>from<span>\u00a0<\/span><b><strong><a href=\"https:\/\/www.slideshare.net\/emadridnet\">eMadrid network<\/a><\/strong><\/b><\/li>\n<li><b><strong>&#8220;BeA (Blended e-Assessment): Adapting to the COVID-19 world&#8221;.\u00a0<\/strong><\/b>Mart\u00edn Llamas-Nistal, Fernando Ariel Mikic-Fonte, Manuel Caeiro-Rodr\u00edguez, Mart\u00edn Liz-Dom\u00ednguez (atlanTTic, Universidade de Vigo, Spain).<\/li>\n<li><b><strong>&#8220;Promoting Computational Thinking through Visual Block Programming Tools&#8221;.\u00a0<\/strong><\/b>Pedro Plaza, Manuel Castro, Jos\u00e9 Manuel S\u00e1ez-L\u00f3pez, Elio Sancrist\u00f3bal, Rosario Gil, Antonio Menacho, F\u00e9lix Garc\u00eda-Loro, Blanca Quintana, Sergio Mart\u00edn, Manuel Bl\u00e1zquez, Alejandro Macho, Pablo Baiz\u00e1n, Francisco Mur, German Carro, Clara P\u00e9rez, Ram\u00f3n Carrasco, \u00c1frica L\u00f3pez-Rey, Miguel Rodr\u00edguez-Artacho (UNED), Jose Antonio Ruip\u00e9rez-Valiente (MIT).<\/li>\n<li><b><strong><a href=\"https:\/\/www.slideshare.net\/emadridnet\/educon-2021promoting-computational-thinking-through-visual-block-programming-tools\">EDUCON 2021_Promoting Computational Thinking through Visual Block Programming Tools<\/a><span>\u00a0<\/span><\/strong><\/b>from<span>\u00a0<\/span><b><strong><a href=\"https:\/\/www.slideshare.net\/emadridnet\">eMadrid network<\/a><\/strong><\/b><\/li>\n<li><b><strong>&#8220;Which Virtualization Technology is Right forMy Online IT Educational Labs?&#8221;.\u00a0\u00a0<\/strong><\/b>Ahmad Samer Wazan, Mohammad Amin Kuhail, Kadhim Hayawi (Zayed University, United Arab Emirates), R\u00e9mi Venant (Le Mans University, France)<\/li>\n<\/ul>\n<p style=\"font-weight: 400;text-align: justify\">\u00a0More info about eMadrid network at EDUCON 2021<span>\u00a0<\/span><a href=\"http:\/\/www.educon-conference.org\/current\/index.php\">here.<\/a><\/p>\n<p>[\/et_pb_text][\/et_pb_column][\/et_pb_row][\/et_pb_section]<\/p>\n","protected":false},"excerpt":{"rendered":"<p>The\u00a0eMadrid network\u00a0will be, once again, part of\u00a0EDUCON\u00a0(IEEE Global Engineering Education Conference). This year&#8217;s edition will take place between\u00a0April 21st and 23rd.\u00a0Although Vienna was scheduled to host this meeting, it will finally take place\u00a0online, due to restrictions arising from the coronavirus pandemic. The organization is in the hands of the\u00a0Carinthia University of Applied Sciences\u00a0and the\u00a0University of [&hellip;]<\/p>\n","protected":false},"author":120,"featured_media":3370,"comment_status":"open","ping_status":"open","sticky":false,"template":"","format":"standard","meta":{"_et_pb_use_builder":"on","_et_pb_old_content":"","_et_gb_content_width":"","footnotes":""},"categories":[37],"tags":[],"class_list":["post-3369","post","type-post","status-publish","format-standard","has-post-thumbnail","hentry","category-news-en"],"_links":{"self":[{"href":"https:\/\/emadridnet.uc3m.es\/en\/wp-json\/wp\/v2\/posts\/3369","targetHints":{"allow":["GET"]}}],"collection":[{"href":"https:\/\/emadridnet.uc3m.es\/en\/wp-json\/wp\/v2\/posts"}],"about":[{"href":"https:\/\/emadridnet.uc3m.es\/en\/wp-json\/wp\/v2\/types\/post"}],"author":[{"embeddable":true,"href":"https:\/\/emadridnet.uc3m.es\/en\/wp-json\/wp\/v2\/users\/120"}],"replies":[{"embeddable":true,"href":"https:\/\/emadridnet.uc3m.es\/en\/wp-json\/wp\/v2\/comments?post=3369"}],"version-history":[{"count":2,"href":"https:\/\/emadridnet.uc3m.es\/en\/wp-json\/wp\/v2\/posts\/3369\/revisions"}],"predecessor-version":[{"id":3373,"href":"https:\/\/emadridnet.uc3m.es\/en\/wp-json\/wp\/v2\/posts\/3369\/revisions\/3373"}],"wp:featuredmedia":[{"embeddable":true,"href":"https:\/\/emadridnet.uc3m.es\/en\/wp-json\/wp\/v2\/media\/3370"}],"wp:attachment":[{"href":"https:\/\/emadridnet.uc3m.es\/en\/wp-json\/wp\/v2\/media?parent=3369"}],"wp:term":[{"taxonomy":"category","embeddable":true,"href":"https:\/\/emadridnet.uc3m.es\/en\/wp-json\/wp\/v2\/categories?post=3369"},{"taxonomy":"post_tag","embeddable":true,"href":"https:\/\/emadridnet.uc3m.es\/en\/wp-json\/wp\/v2\/tags?post=3369"}],"curies":[{"name":"wp","href":"https:\/\/api.w.org\/{rel}","templated":true}]}}