{"id":3381,"date":"2021-01-29T08:01:09","date_gmt":"2021-01-29T08:01:09","guid":{"rendered":"https:\/\/emadridnet.uc3m.es\/?p=3381"},"modified":"2021-12-15T08:01:39","modified_gmt":"2021-12-15T08:01:39","slug":"miguel-rodriguez-artacho-guest-editor-of-an-future-internets-special-issue","status":"publish","type":"post","link":"https:\/\/emadridnet.uc3m.es\/en\/2021\/01\/29\/miguel-rodriguez-artacho-guest-editor-of-an-future-internets-special-issue\/","title":{"rendered":"Miguel Rodr\u00edguez Artacho, guest editor of an Future Internet&#8217;s Special Issue"},"content":{"rendered":"<p>[et_pb_section fb_built=&#8221;1&#8243; fullwidth=&#8221;on&#8221; admin_label=&#8221;Header&#8221; _builder_version=&#8221;4.9.4&#8243; background_image=&#8221;https:\/\/storage.googleapis.com\/wp-uploads.bucket.wp.uc3m.es\/wp-content\/uploads\/sites\/40\/2021\/06\/02084601\/pexels-julia-m-cameron-4144294.jpg&#8221; parallax=&#8221;on&#8221; custom_padding=&#8221;|||&#8221; animation_style=&#8221;slide&#8221; animation_direction=&#8221;top&#8221; animation_intensity_slide=&#8221;2%&#8221; link_option_url_new_window=&#8221;on&#8221; global_colors_info=&#8221;{}&#8221; theme_builder_area=&#8221;post_content&#8221;][et_pb_fullwidth_header title=&#8221;Miguel Rodr\u00edguez Artacho, guest editor of an Future Internet&#8217;s Special Issue&#8221; button_one_url=&#8221;https:\/\/docs.google.com\/forms\/d\/e\/1FAIpQLSelJDv1KKVh6radHnahAkDmbmP__0i2QoT7NpRRfeKDNXCCNQ\/viewform&#8221; background_overlay_color=&#8221;rgba(255,255,255,0.6)&#8221; content_max_width=&#8221;700px&#8221; content_max_width_tablet=&#8221;100%&#8221; content_max_width_phone=&#8221;&#8221; content_max_width_last_edited=&#8221;on|desktop&#8221; _builder_version=&#8221;4.14.2&#8243; title_font=&#8221;Roboto|300|||||||&#8221; title_font_size=&#8221;60px&#8221; title_line_height=&#8221;1.4em&#8221; content_font=&#8221;||||||||&#8221; content_font_size=&#8221;17px&#8221; content_line_height=&#8221;1.9em&#8221; subhead_font=&#8221;|600|||||||&#8221; subhead_font_size=&#8221;20px&#8221; subhead_line_height=&#8221;1.8em&#8221; background_color=&#8221;rgba(76,76,76,0.3)&#8221; background_image=&#8221;https:\/\/storage.googleapis.com\/wp-uploads.bucket.wp.uc3m.es\/wp-content\/uploads\/sites\/40\/2021\/12\/15075959\/White-Blue-Green-and-Purple-Free-Vaccine-Announcement-Minimal-Illustrative-Twitter-Ad.png&#8221; custom_button_one=&#8221;on&#8221; button_one_text_size=&#8221;14px&#8221; button_one_text_color=&#8221;#ffffff&#8221; button_one_bg_color=&#8221;#8300e9&#8243; button_one_bg_color_gradient_start=&#8221;#d883f8&#8243; button_one_bg_color_gradient_end=&#8221;#352DBE&#8221; button_one_bg_color_gradient_direction=&#8221;90deg&#8221; button_one_border_width=&#8221;10px&#8221; button_one_border_color=&#8221;rgba(0,0,0,0)&#8221; button_one_border_radius=&#8221;100px&#8221; button_one_letter_spacing=&#8221;3px&#8221; button_one_font=&#8221;Roboto|700||on|||||&#8221; custom_button_two=&#8221;on&#8221; button_two_text_size=&#8221;14px&#8221; button_two_text_color=&#8221;#ffffff&#8221; button_two_bg_color=&#8221;#06c8ff&#8221; button_two_border_width=&#8221;10px&#8221; button_two_border_color=&#8221;rgba(0,0,0,0)&#8221; button_two_border_radius=&#8221;100px&#8221; button_two_letter_spacing=&#8221;3px&#8221; button_two_font=&#8221;Roboto|700||on|||||&#8221; background_layout=&#8221;light&#8221; custom_margin=&#8221;||||false&#8221; custom_padding=&#8221;12vw||12vw||true&#8221; custom_padding_tablet=&#8221;250px||250px||true&#8221; custom_padding_last_edited=&#8221;off|desktop&#8221; hover_enabled=&#8221;0&#8243; title_font_size_tablet=&#8221;40px&#8221; title_font_size_phone=&#8221;32px&#8221; title_font_size_last_edited=&#8221;on|desktop&#8221; button_one_text_color_hover=&#8221;#ffffff&#8221; button_two_text_color_hover=&#8221;#ffffff&#8221; button_one_letter_spacing_hover=&#8221;3px&#8221; button_two_letter_spacing_hover=&#8221;3px&#8221; global_colors_info=&#8221;{}&#8221; button_one_text_size__hover_enabled=&#8221;off&#8221; button_two_text_size__hover_enabled=&#8221;off&#8221; button_one_text_color__hover_enabled=&#8221;on&#8221; button_one_text_color__hover=&#8221;#ffffff&#8221; button_two_text_color__hover_enabled=&#8221;on&#8221; button_two_text_color__hover=&#8221;#ffffff&#8221; button_one_border_width__hover_enabled=&#8221;off&#8221; button_two_border_width__hover_enabled=&#8221;off&#8221; button_one_border_color__hover_enabled=&#8221;off&#8221; button_two_border_color__hover_enabled=&#8221;off&#8221; button_one_border_radius__hover_enabled=&#8221;off&#8221; button_two_border_radius__hover_enabled=&#8221;off&#8221; button_one_letter_spacing__hover_enabled=&#8221;on&#8221; button_one_letter_spacing__hover=&#8221;3px&#8221; button_two_letter_spacing__hover_enabled=&#8221;on&#8221; button_two_letter_spacing__hover=&#8221;3px&#8221; button_one_bg_color__hover_enabled=&#8221;off&#8221; button_two_bg_color__hover_enabled=&#8221;off&#8221; theme_builder_area=&#8221;post_content&#8221; title_text=&#8221;White-Blue-Green-and-Purple-Free-Vaccine-Announcement-Minimal-Illustrative-Twitter-Ad&#8221; sticky_enabled=&#8221;0&#8243;][\/et_pb_fullwidth_header][\/et_pb_section][et_pb_section fb_built=&#8221;1&#8243; admin_label=&#8221;Schedule&#8221; _builder_version=&#8221;3.22&#8243; max_width_tablet=&#8221;&#8221; max_width_phone=&#8221;100%&#8221; max_width_last_edited=&#8221;on|phone&#8221; min_height=&#8221;948.3px&#8221; custom_margin=&#8221;|||&#8221; custom_padding=&#8221;54px|0px|0px|0px|false|false&#8221; global_colors_info=&#8221;{}&#8221; theme_builder_area=&#8221;post_content&#8221;][et_pb_row _builder_version=&#8221;4.9.9&#8243; _module_preset=&#8221;default&#8221; global_colors_info=&#8221;{}&#8221; theme_builder_area=&#8221;post_content&#8221;][et_pb_column type=&#8221;4_4&#8243; _builder_version=&#8221;4.9.9&#8243; _module_preset=&#8221;default&#8221; global_colors_info=&#8221;{}&#8221; theme_builder_area=&#8221;post_content&#8221;][et_pb_text _builder_version=&#8221;4.11.4&#8243; _module_preset=&#8221;default&#8221; global_colors_info=&#8221;{}&#8221; theme_builder_area=&#8221;post_content&#8221;]<\/p>\n<p style=\"text-align: justify\"><span><strong>(Madrid, 5 de noviembre de 2021) <\/strong>La red eMadrid estar\u00e1 muy presente en el congreso\u00a0<b>WEEF\/GEDC 2021<\/b>\u00a0(World Engineering Education Forum\/Global Engineering Deans Council), organizado por los miembros del proyecto\u00a0<b>Edmundo Tovar<\/b>\u00a0(UPM) y\u00a0<b>Manuel Castro<\/b>\u00a0(UNED), junto a Hans J. Hoyer y en colaboraci\u00f3n con\u00a0<b>la International Federation of Engineering Education Societies<\/b>,\u00a0<b>la IEEE Education Society<\/b>\u00a0y\u00a0<b>Madrid Convention Bureau<\/b>.<\/span><\/p>\n<p style=\"text-align: justify\">El evento, que tendr\u00e1 lugar entre el<span>\u00a0<\/span><b>15 y el 18 de noviembre<\/b><span>\u00a0<\/span>en<span>\u00a0<\/span><b>formato h\u00edbrido<\/b>, contar\u00e1 tambi\u00e9n con la presencia del coordinador de eMadrid, Carlos Delgado Kloos (UC3M), que ejercer\u00e1 como Program Co-Chair, copresidiendo el Comit\u00e9 de Programa del Congreso. Adem\u00e1s, est\u00e1 previsto que presente el paper<span>\u00a0<\/span><b><i>Educational Pyramids Aligned: Bloom\u2019s Taxonomy, the DigCompEdu Framework and Instructional Designs.<span>\u00a0<\/span><\/i><\/b>Por otro lado, tambi\u00e9n participar\u00e1 como<span>\u00a0<\/span><b>Vicerrector de Estrategia y Educaci\u00f3n Digital<\/b><span>\u00a0<\/span>de la<span>\u00a0<\/span><b>UC3M<\/b><span>\u00a0<\/span>en la sesi\u00f3n de clausura, en la que tambi\u00e9n estar\u00e1n otros miembros eMadrid, como son<span>\u00a0<\/span><b>Edmundo Tovar<\/b><span>\u00a0<\/span>(UPM) y<span>\u00a0<\/span><b>Manuel Castro<\/b><span>\u00a0<\/span>(UNED), y la Vicerrectora de Investigaci\u00f3n, transferencia del conocimiento y divulgaci\u00f3n cient\u00edfica de la UNED,<span>\u00a0<\/span><b>Rosa Mar\u00eda Mart\u00edn Aranda<\/b>.<\/p>\n<p style=\"text-align: justify\"><b><i><span>Lifelong Learning in a Changing World: A Vision from the eMadrid Project\u00a0<\/span><\/i><\/b><span>es el t\u00edtulo elegido para la\u00a0<b>mesa redonda de eMadrid<\/b>, en la que podremos escuchar a\u00a0<b>Carlos Delgado Kloos<\/b>\u00a0(UC3M),\u00a0<b>Ruth Cobos P\u00e9rez<\/b>\u00a0(UAM),\u00a0<b>Baltasar Fern\u00e1ndez-Manj\u00f3n<\/b>\u00a0(UCM),\u00a0<b>Miguel Rodr\u00edguez Artacho<\/b>\u00a0(UNED),\u00a0<b>Edmundo Tovar\u00a0<\/b>(UPM) y<b>\u00a0\u00c1ngel Vel\u00e1zquez Iturbide<\/b>\u00a0(URJC).\u00a0<b>Sergio Mart\u00edn<\/b>\u00a0(URJC) y\u00a0<b>Pedro J. Mu\u00f1oz Merino<\/b>\u00a0(UC3M) ser\u00e1n los\u00a0<strong>Session Chair<\/strong>\u00a0y moderar\u00e1n la sesi\u00f3n<b>.<\/b><\/span><\/p>\n<p style=\"text-align: justify\">Las intervenciones de miembros de<span>\u00a0<\/span><b>eMadrid<\/b><span>\u00a0<\/span>no terminan aqu\u00ed: el<span>\u00a0<\/span><b>proyecto PROF-XXI<\/b>, coordinado por la<span>\u00a0<\/span><b>UC3M<\/b><span>\u00a0<\/span>y del que forman parte<span>\u00a0<\/span><b>Carlos Delgado Kloos<\/b><span>\u00a0<\/span>y<span>\u00a0<\/span><b>Carlos Alario-Hoyos<\/b>, entre otros, tendr\u00e1 tambi\u00e9n su espacio en<span>\u00a0<\/span><b>WEEF\/GEDC 2021<\/b>, a trav\u00e9s de la mesa redonda<span>\u00a0<\/span><b><i>PROF-XXI: Teaching and Learning Centers to Support the 21st Century Professor.<\/i><\/b><\/p>\n<p style=\"text-align: justify\">En la sesi\u00f3n de apertura habr\u00e1 representaci\u00f3n de las universidades madrile\u00f1as y sus rectores:<span>\u00a0<\/span><b>Ricardo Mairal<\/b>, de la UNED;<span>\u00a0<\/span><b>Guillermo Cisneros<\/b>, de la UPM; y<span>\u00a0<\/span><b>Juan Romo<\/b>, de la UC3M.<\/p>\n<p style=\"text-align: justify\"><span>\u00a0<\/span><strong><span>WEEF\/GEDC<\/span><\/strong><span>\u00a0es un punto de encuentro que busca impulsar el cumplimiento de la\u00a0<strong>Agenda 2030 para el Desarrollo Sostenible de la UNESCO<\/strong>\u00a0en el \u00e1mbito de la educaci\u00f3n superior. Establece, por ejemplo,\u00a0<strong>objetivos y metas para una educaci\u00f3n sostenible de calidad<\/strong>\u00a0(ODS 4). WEEF\/GEDC abarca aspectos muy diversos de la educaci\u00f3n superior y, en particular, de la educaci\u00f3n en ingenier\u00eda, la creaci\u00f3n de un desarrollo sostenible de competencias t\u00e9cnicas y blandas, educaci\u00f3n inclusiva y efectiva en t\u00e9rminos de resultados de aprendizaje, relacionados con el mercado profesional y el emprendimiento. El tema del congreso\u00a0<strong>\u201cDiversity and Ethics in Education for an Inclusive and Sustainable World\u201d<\/strong>\u00a0implica una profundizaci\u00f3n en la aplicaci\u00f3n de la ingenier\u00eda y la educaci\u00f3n para un mundo m\u00e1s inclusivo y sostenible.\u00a0<\/span><\/p>\n<p style=\"text-align: justify\"><span>Toda la informaci\u00f3n sobre\u00a0<strong>WEEF\/GEDC 2021<\/strong>\u00a0est\u00e1 disponible en su<a href=\"https:\/\/weefgedc2021.org\/\" target=\"_blank\" rel=\"noopener noreferrer\">\u00a0web.\u00a0<\/a><\/span><\/p>\n<p>[\/et_pb_text][\/et_pb_column][\/et_pb_row][\/et_pb_section]<\/p>\n","protected":false},"excerpt":{"rendered":"<p>(Madrid, 5 de noviembre de 2021) La red eMadrid estar\u00e1 muy presente en el congreso\u00a0WEEF\/GEDC 2021\u00a0(World Engineering Education Forum\/Global Engineering Deans Council), organizado por los miembros del proyecto\u00a0Edmundo Tovar\u00a0(UPM) y\u00a0Manuel Castro\u00a0(UNED), junto a Hans J. Hoyer y en colaboraci\u00f3n con\u00a0la International Federation of Engineering Education Societies,\u00a0la IEEE Education Society\u00a0y\u00a0Madrid Convention Bureau. El evento, que tendr\u00e1 [&hellip;]<\/p>\n","protected":false},"author":120,"featured_media":3382,"comment_status":"open","ping_status":"open","sticky":false,"template":"","format":"standard","meta":{"_et_pb_use_builder":"on","_et_pb_old_content":"","_et_gb_content_width":"","footnotes":""},"categories":[37],"tags":[],"class_list":["post-3381","post","type-post","status-publish","format-standard","has-post-thumbnail","hentry","category-news-en"],"_links":{"self":[{"href":"https:\/\/emadridnet.uc3m.es\/en\/wp-json\/wp\/v2\/posts\/3381","targetHints":{"allow":["GET"]}}],"collection":[{"href":"https:\/\/emadridnet.uc3m.es\/en\/wp-json\/wp\/v2\/posts"}],"about":[{"href":"https:\/\/emadridnet.uc3m.es\/en\/wp-json\/wp\/v2\/types\/post"}],"author":[{"embeddable":true,"href":"https:\/\/emadridnet.uc3m.es\/en\/wp-json\/wp\/v2\/users\/120"}],"replies":[{"embeddable":true,"href":"https:\/\/emadridnet.uc3m.es\/en\/wp-json\/wp\/v2\/comments?post=3381"}],"version-history":[{"count":2,"href":"https:\/\/emadridnet.uc3m.es\/en\/wp-json\/wp\/v2\/posts\/3381\/revisions"}],"predecessor-version":[{"id":3385,"href":"https:\/\/emadridnet.uc3m.es\/en\/wp-json\/wp\/v2\/posts\/3381\/revisions\/3385"}],"wp:featuredmedia":[{"embeddable":true,"href":"https:\/\/emadridnet.uc3m.es\/en\/wp-json\/wp\/v2\/media\/3382"}],"wp:attachment":[{"href":"https:\/\/emadridnet.uc3m.es\/en\/wp-json\/wp\/v2\/media?parent=3381"}],"wp:term":[{"taxonomy":"category","embeddable":true,"href":"https:\/\/emadridnet.uc3m.es\/en\/wp-json\/wp\/v2\/categories?post=3381"},{"taxonomy":"post_tag","embeddable":true,"href":"https:\/\/emadridnet.uc3m.es\/en\/wp-json\/wp\/v2\/tags?post=3381"}],"curies":[{"name":"wp","href":"https:\/\/api.w.org\/{rel}","templated":true}]}}