{"id":4153,"date":"2013-12-20T07:51:11","date_gmt":"2013-12-20T07:51:11","guid":{"rendered":"https:\/\/emadridnet.uc3m.es\/?p=4153"},"modified":"2021-12-23T07:51:42","modified_gmt":"2021-12-23T07:51:42","slug":"emadrid-representation-in-the-online-educa-berlin-conference","status":"publish","type":"post","link":"https:\/\/emadridnet.uc3m.es\/en\/2013\/12\/20\/emadrid-representation-in-the-online-educa-berlin-conference\/","title":{"rendered":"eMadrid Representation in the Online Educa Berlin Conference"},"content":{"rendered":"<p>[et_pb_section fb_built=&#8221;1&#8243; fullwidth=&#8221;on&#8221; admin_label=&#8221;Header&#8221; _builder_version=&#8221;4.9.4&#8243; background_image=&#8221;https:\/\/storage.googleapis.com\/wp-uploads.bucket.wp.uc3m.es\/wp-content\/uploads\/sites\/40\/2021\/06\/02084601\/pexels-julia-m-cameron-4144294.jpg&#8221; parallax=&#8221;on&#8221; custom_padding=&#8221;|||&#8221; animation_style=&#8221;slide&#8221; animation_direction=&#8221;top&#8221; animation_intensity_slide=&#8221;2%&#8221; link_option_url_new_window=&#8221;on&#8221; global_colors_info=&#8221;{}&#8221; theme_builder_area=&#8221;post_content&#8221;][et_pb_fullwidth_header title=&#8221;eMadrid Representation in the Online Educa Berlin Conference&#8221; button_one_url=&#8221;https:\/\/docs.google.com\/forms\/d\/e\/1FAIpQLSelJDv1KKVh6radHnahAkDmbmP__0i2QoT7NpRRfeKDNXCCNQ\/viewform&#8221; background_overlay_color=&#8221;rgba(255,255,255,0.6)&#8221; content_max_width=&#8221;700px&#8221; content_max_width_tablet=&#8221;100%&#8221; content_max_width_phone=&#8221;&#8221; content_max_width_last_edited=&#8221;on|desktop&#8221; _builder_version=&#8221;4.14.2&#8243; title_font=&#8221;Roboto|300|||||||&#8221; title_font_size=&#8221;60px&#8221; title_line_height=&#8221;1.4em&#8221; content_font=&#8221;||||||||&#8221; content_font_size=&#8221;17px&#8221; content_line_height=&#8221;1.9em&#8221; subhead_font=&#8221;|600|||||||&#8221; subhead_font_size=&#8221;20px&#8221; subhead_line_height=&#8221;1.8em&#8221; background_color=&#8221;rgba(76,76,76,0.3)&#8221; background_image=&#8221;https:\/\/storage.googleapis.com\/wp-uploads.bucket.wp.uc3m.es\/wp-content\/uploads\/sites\/40\/2021\/12\/23074926\/oeb.jpg&#8221; custom_button_one=&#8221;on&#8221; button_one_text_size=&#8221;14px&#8221; button_one_text_color=&#8221;#ffffff&#8221; button_one_bg_color=&#8221;#8300e9&#8243; button_one_bg_color_gradient_start=&#8221;#d883f8&#8243; button_one_bg_color_gradient_end=&#8221;#352DBE&#8221; button_one_bg_color_gradient_direction=&#8221;90deg&#8221; button_one_border_width=&#8221;10px&#8221; button_one_border_color=&#8221;rgba(0,0,0,0)&#8221; button_one_border_radius=&#8221;100px&#8221; button_one_letter_spacing=&#8221;3px&#8221; button_one_font=&#8221;Roboto|700||on|||||&#8221; custom_button_two=&#8221;on&#8221; button_two_text_size=&#8221;14px&#8221; button_two_text_color=&#8221;#ffffff&#8221; button_two_bg_color=&#8221;#06c8ff&#8221; button_two_border_width=&#8221;10px&#8221; button_two_border_color=&#8221;rgba(0,0,0,0)&#8221; button_two_border_radius=&#8221;100px&#8221; button_two_letter_spacing=&#8221;3px&#8221; button_two_font=&#8221;Roboto|700||on|||||&#8221; background_layout=&#8221;light&#8221; custom_margin=&#8221;||||false&#8221; custom_padding=&#8221;12vw||12vw||true&#8221; custom_padding_tablet=&#8221;250px||250px||true&#8221; custom_padding_last_edited=&#8221;off|desktop&#8221; hover_enabled=&#8221;0&#8243; title_font_size_tablet=&#8221;40px&#8221; title_font_size_phone=&#8221;32px&#8221; title_font_size_last_edited=&#8221;on|desktop&#8221; button_one_text_color_hover=&#8221;#ffffff&#8221; button_two_text_color_hover=&#8221;#ffffff&#8221; button_one_letter_spacing_hover=&#8221;3px&#8221; button_two_letter_spacing_hover=&#8221;3px&#8221; global_colors_info=&#8221;{}&#8221; button_one_text_size__hover_enabled=&#8221;off&#8221; button_two_text_size__hover_enabled=&#8221;off&#8221; button_one_text_color__hover_enabled=&#8221;on&#8221; button_one_text_color__hover=&#8221;#ffffff&#8221; button_two_text_color__hover_enabled=&#8221;on&#8221; button_two_text_color__hover=&#8221;#ffffff&#8221; button_one_border_width__hover_enabled=&#8221;off&#8221; button_two_border_width__hover_enabled=&#8221;off&#8221; button_one_border_color__hover_enabled=&#8221;off&#8221; button_two_border_color__hover_enabled=&#8221;off&#8221; button_one_border_radius__hover_enabled=&#8221;off&#8221; button_two_border_radius__hover_enabled=&#8221;off&#8221; button_one_letter_spacing__hover_enabled=&#8221;on&#8221; button_one_letter_spacing__hover=&#8221;3px&#8221; button_two_letter_spacing__hover_enabled=&#8221;on&#8221; button_two_letter_spacing__hover=&#8221;3px&#8221; button_one_bg_color__hover_enabled=&#8221;off&#8221; button_two_bg_color__hover_enabled=&#8221;off&#8221; theme_builder_area=&#8221;post_content&#8221; title_text=&#8221;oeb&#8221; sticky_enabled=&#8221;0&#8243;][\/et_pb_fullwidth_header][\/et_pb_section][et_pb_section fb_built=&#8221;1&#8243; admin_label=&#8221;Schedule&#8221; _builder_version=&#8221;3.22&#8243; max_width_tablet=&#8221;&#8221; max_width_phone=&#8221;100%&#8221; max_width_last_edited=&#8221;on|phone&#8221; min_height=&#8221;255.3px&#8221; custom_margin=&#8221;|||&#8221; custom_padding=&#8221;54px|0px|0px|0px|false|false&#8221; global_colors_info=&#8221;{}&#8221; theme_builder_area=&#8221;post_content&#8221;][et_pb_row _builder_version=&#8221;4.9.9&#8243; _module_preset=&#8221;default&#8221; global_colors_info=&#8221;{}&#8221; theme_builder_area=&#8221;post_content&#8221;][et_pb_column type=&#8221;4_4&#8243; _builder_version=&#8221;4.9.9&#8243; _module_preset=&#8221;default&#8221; global_colors_info=&#8221;{}&#8221; theme_builder_area=&#8221;post_content&#8221;][et_pb_text _builder_version=&#8221;4.14.2&#8243; _module_preset=&#8221;default&#8221; hover_enabled=&#8221;0&#8243; global_colors_info=&#8221;{}&#8221; theme_builder_area=&#8221;post_content&#8221; sticky_enabled=&#8221;0&#8243;]<\/p>\n<p style=\"text-align: justify\">Last 4-6 December,\u00a0the capital city of Germany hosted the 19th edition of Online Educa Berlin (OEB), which is considered one of the more important events in the world on technology-enhanced learning. The public that went there could see the presence of members of the eMadrid Network, like Carlos Delgado Kloos and Mar P\u00e9rez- Sanagust\u00edn from the UC3M group and Miguel Rodr\u00edguez Artacho from the UNED group.<\/p>\n<p style=\"text-align: justify\">Carlos Delgado Kloos , eMadrid coordinator participated on 5 December in a panel session entitled &#8221; MOOCs and Institutional Challenges&#8221;, that was on the evolution of the inclusion of this type of massive courses in Higher Education. For his part, the eMadrid responsible at the UNED, Miguel Rodr\u00edguez Artacho, offered the following day his talk &#8221; Adopting Adaptive Learning&#8221; , while Mar P\u00e9rez- Sanagust\u00edn , member of the UC3M group in eMadrid, presented the etiquetAR tool , which objective is to support the design of interactive activities using smart tags.<\/p>\n<p style=\"text-align: justify\"><a href=\"http:\/\/www.online-educa.com\/\" target=\"_blank\" rel=\"noopener\">Click here<\/a><span>\u00a0<\/span>for further information about this event.<\/p>\n<p>[\/et_pb_text][\/et_pb_column][\/et_pb_row][\/et_pb_section]<\/p>\n","protected":false},"excerpt":{"rendered":"<p>Last 4-6 December,\u00a0the capital city of Germany hosted the 19th edition of Online Educa Berlin (OEB), which is considered one of the more important events in the world on technology-enhanced learning. The public that went there could see the presence of members of the eMadrid Network, like Carlos Delgado Kloos and Mar P\u00e9rez- Sanagust\u00edn from [&hellip;]<\/p>\n","protected":false},"author":120,"featured_media":4154,"comment_status":"open","ping_status":"open","sticky":false,"template":"","format":"standard","meta":{"_et_pb_use_builder":"on","_et_pb_old_content":"","_et_gb_content_width":"","footnotes":""},"categories":[37],"tags":[],"class_list":["post-4153","post","type-post","status-publish","format-standard","has-post-thumbnail","hentry","category-news-en"],"_links":{"self":[{"href":"https:\/\/emadridnet.uc3m.es\/en\/wp-json\/wp\/v2\/posts\/4153","targetHints":{"allow":["GET"]}}],"collection":[{"href":"https:\/\/emadridnet.uc3m.es\/en\/wp-json\/wp\/v2\/posts"}],"about":[{"href":"https:\/\/emadridnet.uc3m.es\/en\/wp-json\/wp\/v2\/types\/post"}],"author":[{"embeddable":true,"href":"https:\/\/emadridnet.uc3m.es\/en\/wp-json\/wp\/v2\/users\/120"}],"replies":[{"embeddable":true,"href":"https:\/\/emadridnet.uc3m.es\/en\/wp-json\/wp\/v2\/comments?post=4153"}],"version-history":[{"count":2,"href":"https:\/\/emadridnet.uc3m.es\/en\/wp-json\/wp\/v2\/posts\/4153\/revisions"}],"predecessor-version":[{"id":4158,"href":"https:\/\/emadridnet.uc3m.es\/en\/wp-json\/wp\/v2\/posts\/4153\/revisions\/4158"}],"wp:featuredmedia":[{"embeddable":true,"href":"https:\/\/emadridnet.uc3m.es\/en\/wp-json\/wp\/v2\/media\/4154"}],"wp:attachment":[{"href":"https:\/\/emadridnet.uc3m.es\/en\/wp-json\/wp\/v2\/media?parent=4153"}],"wp:term":[{"taxonomy":"category","embeddable":true,"href":"https:\/\/emadridnet.uc3m.es\/en\/wp-json\/wp\/v2\/categories?post=4153"},{"taxonomy":"post_tag","embeddable":true,"href":"https:\/\/emadridnet.uc3m.es\/en\/wp-json\/wp\/v2\/tags?post=4153"}],"curies":[{"name":"wp","href":"https:\/\/api.w.org\/{rel}","templated":true}]}}