{"id":4595,"date":"2018-07-03T12:08:53","date_gmt":"2018-07-03T12:08:53","guid":{"rendered":"https:\/\/emadridnet.uc3m.es\/?p=4595"},"modified":"2022-01-05T12:10:42","modified_gmt":"2022-01-05T12:10:42","slug":"el-campus-virtual-corporativo-de-la-defensa-cvcdef","status":"publish","type":"post","link":"https:\/\/emadridnet.uc3m.es\/en\/2018\/07\/03\/el-campus-virtual-corporativo-de-la-defensa-cvcdef\/","title":{"rendered":"\u00abEl Campus virtual corporativo de la Defensa (CVCDEF)\u00bb"},"content":{"rendered":"<p>[et_pb_section fb_built=&#8221;1&#8243; fullwidth=&#8221;on&#8221; admin_label=&#8221;Header&#8221; _builder_version=&#8221;3.22&#8243; background_image=&#8221;https:\/\/emadridnet.uc3m.es\/wp-content\/uploads\/sites\/40\/2021\/05\/meetup-02.jpg&#8221; parallax=&#8221;on&#8221; custom_padding=&#8221;|||&#8221; animation_style=&#8221;slide&#8221; animation_direction=&#8221;top&#8221; animation_intensity_slide=&#8221;2%&#8221; global_colors_info=&#8221;{}&#8221; theme_builder_area=&#8221;post_content&#8221;][et_pb_fullwidth_header title=&#8221;\u00abEl Campus virtual corporativo de la Defensa (CVCDEF)\u00bb&#8221; subhead=&#8221;Coronel Jos\u00e9 Luis Carballo \u00c1lvarez y Tte. Cnel. Jos\u00e9 Carlos L\u00f3pez Palomo      &#8221; button_one_text=&#8221;Reg\u00edstrate gratis&#8221; button_one_url=&#8221;https:\/\/docs.google.com\/forms\/d\/e\/1FAIpQLSelJDv1KKVh6radHnahAkDmbmP__0i2QoT7NpRRfeKDNXCCNQ\/viewform&#8221; background_overlay_color=&#8221;rgba(255,255,255,0.6)&#8221; content_max_width=&#8221;700px&#8221; content_max_width_tablet=&#8221;100%&#8221; content_max_width_phone=&#8221;&#8221; content_max_width_last_edited=&#8221;on|desktop&#8221; _builder_version=&#8221;4.14.4&#8243; title_font=&#8221;Roboto|300|||||||&#8221; title_font_size=&#8221;60px&#8221; title_line_height=&#8221;1.4em&#8221; content_font=&#8221;||||||||&#8221; content_font_size=&#8221;17px&#8221; content_line_height=&#8221;1.9em&#8221; subhead_font=&#8221;|600|||||||&#8221; subhead_font_size=&#8221;20px&#8221; subhead_line_height=&#8221;1.8em&#8221; background_color=&#8221;rgba(255,255,255,0.3)&#8221; background_image=&#8221;https:\/\/storage.googleapis.com\/wp-uploads.bucket.wp.uc3m.es\/wp-content\/uploads\/sites\/40\/2022\/01\/05084646\/VIII-Jornadas-eMadrid-sobre-Cyberlearning-3.png&#8221; custom_button_one=&#8221;on&#8221; button_one_text_size=&#8221;14px&#8221; button_one_text_color=&#8221;#ffffff&#8221; button_one_bg_color=&#8221;#8300e9&#8243; button_one_bg_color_gradient_start=&#8221;#d883f8&#8243; button_one_bg_color_gradient_end=&#8221;#352DBE&#8221; button_one_bg_color_gradient_direction=&#8221;90deg&#8221; button_one_border_width=&#8221;10px&#8221; button_one_border_color=&#8221;rgba(0,0,0,0)&#8221; button_one_border_radius=&#8221;100px&#8221; button_one_letter_spacing=&#8221;3px&#8221; button_one_font=&#8221;Roboto|700||on|||||&#8221; custom_button_two=&#8221;on&#8221; button_two_text_size=&#8221;14px&#8221; button_two_text_color=&#8221;#ffffff&#8221; button_two_bg_color=&#8221;#06c8ff&#8221; button_two_border_width=&#8221;10px&#8221; button_two_border_color=&#8221;rgba(0,0,0,0)&#8221; button_two_border_radius=&#8221;100px&#8221; button_two_letter_spacing=&#8221;3px&#8221; button_two_font=&#8221;Roboto|700||on|||||&#8221; background_layout=&#8221;light&#8221; custom_margin=&#8221;||||false&#8221; custom_padding=&#8221;8vw||8vw||true&#8221; custom_padding_tablet=&#8221;250px||250px||true&#8221; custom_padding_last_edited=&#8221;off|desktop&#8221; hover_enabled=&#8221;0&#8243; title_font_size_tablet=&#8221;40px&#8221; title_font_size_phone=&#8221;32px&#8221; title_font_size_last_edited=&#8221;on|desktop&#8221; button_one_text_color_hover=&#8221;#ffffff&#8221; button_two_text_color_hover=&#8221;#ffffff&#8221; button_one_letter_spacing_hover=&#8221;3px&#8221; button_two_letter_spacing_hover=&#8221;3px&#8221; global_colors_info=&#8221;{}&#8221; button_one_text_size__hover_enabled=&#8221;off&#8221; button_two_text_size__hover_enabled=&#8221;off&#8221; button_one_text_color__hover_enabled=&#8221;on&#8221; button_one_text_color__hover=&#8221;#ffffff&#8221; button_two_text_color__hover_enabled=&#8221;on&#8221; button_two_text_color__hover=&#8221;#ffffff&#8221; button_one_border_width__hover_enabled=&#8221;off&#8221; button_two_border_width__hover_enabled=&#8221;off&#8221; button_one_border_color__hover_enabled=&#8221;off&#8221; button_two_border_color__hover_enabled=&#8221;off&#8221; button_one_border_radius__hover_enabled=&#8221;off&#8221; button_two_border_radius__hover_enabled=&#8221;off&#8221; button_one_letter_spacing__hover_enabled=&#8221;on&#8221; button_one_letter_spacing__hover=&#8221;3px&#8221; button_two_letter_spacing__hover_enabled=&#8221;on&#8221; button_two_letter_spacing__hover=&#8221;3px&#8221; button_one_bg_color__hover_enabled=&#8221;off&#8221; button_two_bg_color__hover_enabled=&#8221;off&#8221; theme_builder_area=&#8221;post_content&#8221; title_text=&#8221;VIII Jornadas eMadrid sobre \u00abCyberlearning\u00bb (3)&#8221; sticky_enabled=&#8221;0&#8243;][\/et_pb_fullwidth_header][\/et_pb_section][et_pb_section fb_built=&#8221;1&#8243; admin_label=&#8221;Visiting&#8221; _builder_version=&#8221;3.22&#8243; global_colors_info=&#8221;{}&#8221; theme_builder_area=&#8221;post_content&#8221;][et_pb_row _builder_version=&#8221;3.25&#8243; custom_padding=&#8221;27px|0px|24px|0px|false|false&#8221; global_colors_info=&#8221;{}&#8221; theme_builder_area=&#8221;post_content&#8221;][et_pb_column type=&#8221;4_4&#8243; _builder_version=&#8221;3.25&#8243; custom_padding=&#8221;|||&#8221; global_colors_info=&#8221;{}&#8221; custom_padding__hover=&#8221;|||&#8221; theme_builder_area=&#8221;post_content&#8221;][et_pb_text _builder_version=&#8221;4.14.4&#8243; text_font=&#8221;||||||||&#8221; text_font_size=&#8221;16px&#8221; text_line_height=&#8221;1.9em&#8221; header_font=&#8221;||||||||&#8221; header_2_font=&#8221;Roboto|300|||||||&#8221; header_2_font_size=&#8221;50px&#8221; header_2_line_height=&#8221;1.4em&#8221; hover_enabled=&#8221;0&#8243; header_2_font_size_tablet=&#8221;40px&#8221; header_2_font_size_phone=&#8221;32px&#8221; header_2_font_size_last_edited=&#8221;on|phone&#8221; global_colors_info=&#8221;{}&#8221; theme_builder_area=&#8221;post_content&#8221; sticky_enabled=&#8221;0&#8243;]<\/p>\n<h2>Resumen de la ponencia<\/h2>\n<p style=\"text-align: justify\"><span>Hace algo m\u00e1s de 10 a\u00f1os se inici\u00f3 en el Ministerio de Defensa un proyecto para unificar todos los sistemas de ense\u00f1anza virtual existentes en los Ej\u00e9rcitos y la Armada. Actualmente est\u00e1n integrados en el Campus Virtual Corporativo de la Defensa (CVCDEF), que ha utilizado varias plataformas de elearning como base y que desde 2014 emplea Moodle por ser la m\u00e1s extendida en la comunidad educativa y en las universidades espa\u00f1olas. En esta charla se presentar\u00e1 la estructura del sistema para adaptarse a la org\u00e1nica, peculiaridades y necesidades de los distintos centros de ense\u00f1anza, organismos y unidades que precisan formaci\u00f3n online en las Fuerzas Armadas (FAS), as\u00ed como qu\u00e9 se hace y c\u00f3mo se trabaja en el CVCDEF, finalizando con la exposici\u00f3n de la utilizaci\u00f3n del Campus por la Escuela Superior de las FAS, perteneciente al Centro Superior de Estudios de la Defensa Nacional, como centro de referencia dada su experiencia en ense\u00f1anza virtual.<\/span><\/p>\n<p>[\/et_pb_text][\/et_pb_column][\/et_pb_row][\/et_pb_section][et_pb_section fb_built=&#8221;1&#8243; admin_label=&#8221;About&#8221; _builder_version=&#8221;3.22&#8243; min_height=&#8221;677px&#8221; custom_margin=&#8221;-3px|||||&#8221; custom_padding=&#8221;0px|||||&#8221; global_colors_info=&#8221;{}&#8221; theme_builder_area=&#8221;post_content&#8221;][et_pb_row column_structure=&#8221;1_2,1_2&#8243; padding_top_bottom_link_1=&#8221;true&#8221; padding_left_right_link_1=&#8221;true&#8221; _builder_version=&#8221;4.9.4&#8243; min_height=&#8221;509.8px&#8221; global_colors_info=&#8221;{}&#8221; theme_builder_area=&#8221;post_content&#8221;][et_pb_column type=&#8221;1_2&#8243; _builder_version=&#8221;3.25&#8243; background_image=&#8221;https:\/\/storage.googleapis.com\/wp-uploads.bucket.wp.uc3m.es\/wp-content\/uploads\/sites\/40\/2021\/05\/28095053\/column-background-02.png&#8221; custom_padding=&#8221;50px|50px|50px|50px&#8221; custom_padding_tablet=&#8221;&#8221; custom_padding_phone=&#8221;20px|20px|20px|20px|true|true&#8221; custom_padding_last_edited=&#8221;on|phone&#8221; global_colors_info=&#8221;{}&#8221; padding_phone=&#8221;20px|20px|20px|20px|true|true&#8221; padding_last_edited=&#8221;on|phone&#8221; custom_padding__hover=&#8221;|||&#8221; theme_builder_area=&#8221;post_content&#8221;][et_pb_image src=&#8221;https:\/\/storage.googleapis.com\/wp-uploads.bucket.wp.uc3m.es\/wp-content\/uploads\/sites\/40\/2022\/01\/05101527\/fotonoticia_20150724171800_1200.jpg&#8221; title_text=&#8221;Coronel IM Don Jos\u00e9  Luis Carballo \u00c1lvarez (2)&#8221; align_tablet=&#8221;center&#8221; align_phone=&#8221;&#8221; align_last_edited=&#8221;on|desktop&#8221; _builder_version=&#8221;4.14.4&#8243; animation_style=&#8221;zoom&#8221; animation_intensity_zoom=&#8221;10%&#8221; hover_enabled=&#8221;0&#8243; box_shadow_style=&#8221;preset1&#8243; box_shadow_vertical=&#8221;32px&#8221; box_shadow_blur=&#8221;100px&#8221; box_shadow_color=&#8221;rgba(0,0,0,0.15)&#8221; global_colors_info=&#8221;{}&#8221; theme_builder_area=&#8221;post_content&#8221; sticky_enabled=&#8221;0&#8243;][\/et_pb_image][\/et_pb_column][et_pb_column type=&#8221;1_2&#8243; _builder_version=&#8221;3.25&#8243; custom_padding=&#8221;|||&#8221; custom_padding_tablet=&#8221;0px|||&#8221; custom_padding_last_edited=&#8221;off|desktop&#8221; global_colors_info=&#8221;{}&#8221; padding_tablet=&#8221;0px|||&#8221; padding_last_edited=&#8221;off|desktop&#8221; custom_padding__hover=&#8221;|||&#8221; theme_builder_area=&#8221;post_content&#8221;][et_pb_text _builder_version=&#8221;4.14.4&#8243; text_font=&#8221;||||||||&#8221; text_font_size=&#8221;16px&#8221; text_line_height=&#8221;1.9em&#8221; header_font=&#8221;||||||||&#8221; header_2_font=&#8221;Roboto|300|||||||&#8221; header_2_font_size=&#8221;50px&#8221; header_2_line_height=&#8221;1.4em&#8221; hover_enabled=&#8221;0&#8243; header_2_font_size_tablet=&#8221;40px&#8221; header_2_font_size_phone=&#8221;32px&#8221; header_2_font_size_last_edited=&#8221;on|phone&#8221; global_colors_info=&#8221;{}&#8221; theme_builder_area=&#8221;post_content&#8221; sticky_enabled=&#8221;0&#8243;]<\/p>\n<h2>Biograf\u00edas<\/h2>\n<p style=\"text-align: justify\"><span>Jos\u00e9 Luis Carballo \u00c1lvarez, Coronel de Infanter\u00eda de Marina, es diplomado de Estado Mayor de las Fuerzas Armada y diplomado por el Colegio de Defensa de la OTAN de Roma. Ha sido consejero t\u00e9cnico en el gabinete del secretario general de Pol\u00edtica de Defensa, jefe de la secci\u00f3n de Relaciones Multilaterales en el Estado Mayor Conjunto y Comandante del Tercio de Levante de Infanter\u00eda de Marina. Ha participado en diferentes misiones de paz desde el a\u00f1o 1995, ejerciendo en 2008 el mando del Batall\u00f3n Multinacional de la Uni\u00f3n Europea en Bosnia y Herzegovina. Es el actual director del departamento de Ense\u00f1anza Virtual de la Escuela de Estado Mayor de las Fuerzas Armadas.<\/span><\/p>\n<p>[\/et_pb_text][\/et_pb_column][\/et_pb_row][et_pb_row column_structure=&#8221;1_2,1_2&#8243; padding_top_bottom_link_1=&#8221;true&#8221; padding_left_right_link_1=&#8221;true&#8221; _builder_version=&#8221;4.9.4&#8243; min_height=&#8221;403.8px&#8221; global_colors_info=&#8221;{}&#8221; theme_builder_area=&#8221;post_content&#8221;][et_pb_column type=&#8221;1_2&#8243; _builder_version=&#8221;3.25&#8243; background_image=&#8221;https:\/\/storage.googleapis.com\/wp-uploads.bucket.wp.uc3m.es\/wp-content\/uploads\/sites\/40\/2021\/05\/28095053\/column-background-02.png&#8221; custom_padding=&#8221;50px|50px|50px|50px&#8221; custom_padding_tablet=&#8221;&#8221; custom_padding_phone=&#8221;20px|20px|20px|20px|true|true&#8221; custom_padding_last_edited=&#8221;on|phone&#8221; global_colors_info=&#8221;{}&#8221; padding_phone=&#8221;20px|20px|20px|20px|true|true&#8221; padding_last_edited=&#8221;on|phone&#8221; custom_padding__hover=&#8221;|||&#8221; theme_builder_area=&#8221;post_content&#8221;][et_pb_image src=&#8221;https:\/\/storage.googleapis.com\/wp-uploads.bucket.wp.uc3m.es\/wp-content\/uploads\/sites\/40\/2022\/01\/05105642\/coronel_lopez_palomo.jpg&#8221; title_text=&#8221;coronel_lopez_palomo&#8221; align_tablet=&#8221;center&#8221; align_phone=&#8221;&#8221; align_last_edited=&#8221;on|desktop&#8221; _builder_version=&#8221;4.14.4&#8243; animation_style=&#8221;zoom&#8221; animation_intensity_zoom=&#8221;10%&#8221; hover_enabled=&#8221;0&#8243; box_shadow_style=&#8221;preset1&#8243; box_shadow_vertical=&#8221;32px&#8221; box_shadow_blur=&#8221;100px&#8221; box_shadow_color=&#8221;rgba(0,0,0,0.15)&#8221; global_colors_info=&#8221;{}&#8221; theme_builder_area=&#8221;post_content&#8221; sticky_enabled=&#8221;0&#8243;][\/et_pb_image][\/et_pb_column][et_pb_column type=&#8221;1_2&#8243; _builder_version=&#8221;3.25&#8243; custom_padding=&#8221;|||&#8221; custom_padding_tablet=&#8221;0px|||&#8221; custom_padding_last_edited=&#8221;off|desktop&#8221; global_colors_info=&#8221;{}&#8221; padding_tablet=&#8221;0px|||&#8221; padding_last_edited=&#8221;off|desktop&#8221; custom_padding__hover=&#8221;|||&#8221; theme_builder_area=&#8221;post_content&#8221;][et_pb_text _builder_version=&#8221;4.14.4&#8243; text_font=&#8221;||||||||&#8221; text_font_size=&#8221;16px&#8221; text_line_height=&#8221;1.9em&#8221; header_font=&#8221;||||||||&#8221; header_2_font=&#8221;Roboto|300|||||||&#8221; header_2_font_size=&#8221;50px&#8221; header_2_line_height=&#8221;1.4em&#8221; hover_enabled=&#8221;0&#8243; header_2_font_size_tablet=&#8221;40px&#8221; header_2_font_size_phone=&#8221;32px&#8221; header_2_font_size_last_edited=&#8221;on|phone&#8221; global_colors_info=&#8221;{}&#8221; theme_builder_area=&#8221;post_content&#8221; sticky_enabled=&#8221;0&#8243;]<\/p>\n<h2><\/h2>\n<p style=\"text-align: justify\"><span>Jos\u00e9 Carlos L\u00f3pez Palomo,Teniente Coronel de Infanter\u00eda del Ej\u00e9rcito de Tierra, es diplomado en Inform\u00e1tica Militar desde 1994 y ha realizado varios cursos de actualizaci\u00f3n y seguridad de Tecnolog\u00edas de la Informaci\u00f3n, profesorado y tutor online. Ha ocupado puestos relacionados con la formaci\u00f3n y la inform\u00e1tica, como profesor en distintos centros de ense\u00f1anza durante 6 a\u00f1os; y como analista, programador y administrador de bases de datos del Sistema Integrado de Gesti\u00f3n Log\u00edstica del Ej\u00e9rcito (SIGLE) 8 a\u00f1os, participando activamente en la creaci\u00f3n, mantenimiento y actualizaci\u00f3n de dicho sistema. Desde 2007 est\u00e1 destinado en la Direcci\u00f3n General de Reclutamiento y Ense\u00f1anza Militar como Jefe de la Unidad de Ense\u00f1anza Virtual, siendo el director funcional y responsable del Campus Virtual Corporativo de la Defensa desde la concepci\u00f3n inicial del proyecto, habiendo participado tambi\u00e9n activamente en la creaci\u00f3n, desarrollo, mantenimiento y actualizaci\u00f3n de este sistema.<\/span><\/p>\n<p>[\/et_pb_text][\/et_pb_column][\/et_pb_row][\/et_pb_section][et_pb_section fb_built=&#8221;1&#8243; admin_label=&#8221;Past Events&#8221; _builder_version=&#8221;3.22&#8243; background_image=&#8221;https:\/\/emadridnet.uc3m.es\/wp-content\/uploads\/sites\/40\/2021\/05\/bg-4.png&#8221; background_size=&#8221;initial&#8221; background_position=&#8221;bottom_left&#8221; min_height=&#8221;1181.3px&#8221; custom_padding=&#8221;54px|0px|0|0px|false|false&#8221; global_colors_info=&#8221;{}&#8221; theme_builder_area=&#8221;post_content&#8221;][et_pb_row _builder_version=&#8221;3.25&#8243; global_colors_info=&#8221;{}&#8221; theme_builder_area=&#8221;post_content&#8221;][et_pb_column type=&#8221;4_4&#8243; _builder_version=&#8221;3.25&#8243; custom_padding=&#8221;|||&#8221; global_colors_info=&#8221;{}&#8221; custom_padding__hover=&#8221;|||&#8221; theme_builder_area=&#8221;post_content&#8221;][et_pb_text _builder_version=&#8221;3.27.4&#8243; text_font=&#8221;||||||||&#8221; text_font_size=&#8221;16px&#8221; text_line_height=&#8221;1.9em&#8221; header_font=&#8221;||||||||&#8221; header_2_font=&#8221;Roboto|300|||||||&#8221; header_2_font_size=&#8221;50px&#8221; header_2_line_height=&#8221;1.4em&#8221; text_orientation=&#8221;center&#8221; header_2_font_size_tablet=&#8221;40px&#8221; header_2_font_size_phone=&#8221;32px&#8221; header_2_font_size_last_edited=&#8221;on|phone&#8221; locked=&#8221;off&#8221; global_colors_info=&#8221;{}&#8221; theme_builder_area=&#8221;post_content&#8221;]<\/p>\n<h2>V\u00eddeo<\/h2>\n<p>&nbsp;<\/p>\n<p>[\/et_pb_text][\/et_pb_column][\/et_pb_row][et_pb_row custom_padding_last_edited=&#8221;on|phone&#8221; _builder_version=&#8221;3.25&#8243; background_image=&#8221;https:\/\/storage.googleapis.com\/wp-uploads.bucket.wp.uc3m.es\/wp-content\/uploads\/sites\/40\/2021\/05\/28095101\/column-background-03-1.png&#8221; min_height=&#8221;400px&#8221; custom_margin=&#8221;7px|auto||auto||&#8221; custom_padding=&#8221;50px|50px|0|50px|false|false&#8221; custom_padding_tablet=&#8221;&#8221; custom_padding_phone=&#8221;20px|20px||20px||true&#8221; global_colors_info=&#8221;{}&#8221; theme_builder_area=&#8221;post_content&#8221;][et_pb_column type=&#8221;4_4&#8243; _builder_version=&#8221;3.25&#8243; custom_padding=&#8221;|||&#8221; global_colors_info=&#8221;{}&#8221; custom_padding__hover=&#8221;|||&#8221; theme_builder_area=&#8221;post_content&#8221;][et_pb_video src=&#8221;https:\/\/vimeo.com\/280355223&#8243; image_src=&#8221;https:\/\/storage.googleapis.com\/wp-uploads.bucket.wp.uc3m.es\/wp-content\/uploads\/sites\/40\/2021\/06\/02101312\/ESP-Carina-y-Pedro.png&#8221; play_icon_color=&#8221;#000000&#8243; _builder_version=&#8221;4.14.4&#8243; animation_style=&#8221;zoom&#8221; animation_direction=&#8221;bottom&#8221; animation_intensity_zoom=&#8221;10%&#8221; animation_starting_opacity=&#8221;100%&#8221; hover_enabled=&#8221;0&#8243; box_shadow_style=&#8221;preset1&#8243; box_shadow_vertical=&#8221;32px&#8221; box_shadow_blur=&#8221;100px&#8221; box_shadow_color=&#8221;rgba(0,0,0,0.15)&#8221; global_colors_info=&#8221;{}&#8221; theme_builder_area=&#8221;post_content&#8221; sticky_enabled=&#8221;0&#8243;][\/et_pb_video][\/et_pb_column][\/et_pb_row][et_pb_row _builder_version=&#8221;4.9.4&#8243; _module_preset=&#8221;default&#8221; global_colors_info=&#8221;{}&#8221; theme_builder_area=&#8221;post_content&#8221;][et_pb_column type=&#8221;4_4&#8243; _builder_version=&#8221;4.9.4&#8243; _module_preset=&#8221;default&#8221; global_colors_info=&#8221;{}&#8221; theme_builder_area=&#8221;post_content&#8221;][et_pb_text _builder_version=&#8221;3.27.4&#8243; text_font=&#8221;||||||||&#8221; text_font_size=&#8221;16px&#8221; text_line_height=&#8221;1.9em&#8221; header_font=&#8221;||||||||&#8221; header_2_font=&#8221;Roboto|300|||||||&#8221; header_2_font_size=&#8221;50px&#8221; header_2_line_height=&#8221;1.4em&#8221; text_orientation=&#8221;center&#8221; header_2_font_size_tablet=&#8221;40px&#8221; header_2_font_size_phone=&#8221;32px&#8221; header_2_font_size_last_edited=&#8221;on|phone&#8221; locked=&#8221;off&#8221; global_colors_info=&#8221;{}&#8221; theme_builder_area=&#8221;post_content&#8221;]<\/p>\n<h2>Presentaci\u00f3n<\/h2>\n<p>[\/et_pb_text][\/et_pb_column][\/et_pb_row][et_pb_row _builder_version=&#8221;4.9.4&#8243; _module_preset=&#8221;default&#8221; global_colors_info=&#8221;{}&#8221; theme_builder_area=&#8221;post_content&#8221;][et_pb_column type=&#8221;4_4&#8243; _builder_version=&#8221;4.9.4&#8243; _module_preset=&#8221;default&#8221; global_colors_info=&#8221;{}&#8221; theme_builder_area=&#8221;post_content&#8221;][et_pb_video_slider _builder_version=&#8221;4.14.4&#8243; _module_preset=&#8221;default&#8221; hover_enabled=&#8221;0&#8243; global_colors_info=&#8221;{}&#8221; theme_builder_area=&#8221;post_content&#8221; sticky_enabled=&#8221;0&#8243;][et_pb_video_slider_item src=&#8221;https:\/\/www.slideshare.net\/emadridnet\/03072018-el-campus-virtual-corporativo-de-la-defensa-por-el-teniente-coronel-jos-carlos-lpez-palomo&#8221; _builder_version=&#8221;4.14.4&#8243; _module_preset=&#8221;default&#8221; hover_enabled=&#8221;0&#8243; global_colors_info=&#8221;{}&#8221; theme_builder_area=&#8221;post_content&#8221; show_image_overlay=&#8221;off&#8221; sticky_enabled=&#8221;0&#8243;][\/et_pb_video_slider_item][\/et_pb_video_slider][\/et_pb_column][\/et_pb_row][\/et_pb_section]<\/p>\n","protected":false},"excerpt":{"rendered":"<p>Resumen de la ponencia Hace algo m\u00e1s de 10 a\u00f1os se inici\u00f3 en el Ministerio de Defensa un proyecto para unificar todos los sistemas de ense\u00f1anza virtual existentes en los Ej\u00e9rcitos y la Armada. Actualmente est\u00e1n integrados en el Campus Virtual Corporativo de la Defensa (CVCDEF), que ha utilizado varias plataformas de elearning como base [&hellip;]<\/p>\n","protected":false},"author":82,"featured_media":0,"comment_status":"open","ping_status":"open","sticky":false,"template":"","format":"standard","meta":{"_et_pb_use_builder":"on","_et_pb_old_content":"","_et_gb_content_width":"","footnotes":""},"categories":[1],"tags":[],"class_list":["post-4595","post","type-post","status-publish","format-standard","hentry","category-sin-categorizar"],"_links":{"self":[{"href":"https:\/\/emadridnet.uc3m.es\/en\/wp-json\/wp\/v2\/posts\/4595","targetHints":{"allow":["GET"]}}],"collection":[{"href":"https:\/\/emadridnet.uc3m.es\/en\/wp-json\/wp\/v2\/posts"}],"about":[{"href":"https:\/\/emadridnet.uc3m.es\/en\/wp-json\/wp\/v2\/types\/post"}],"author":[{"embeddable":true,"href":"https:\/\/emadridnet.uc3m.es\/en\/wp-json\/wp\/v2\/users\/82"}],"replies":[{"embeddable":true,"href":"https:\/\/emadridnet.uc3m.es\/en\/wp-json\/wp\/v2\/comments?post=4595"}],"version-history":[{"count":2,"href":"https:\/\/emadridnet.uc3m.es\/en\/wp-json\/wp\/v2\/posts\/4595\/revisions"}],"predecessor-version":[{"id":4598,"href":"https:\/\/emadridnet.uc3m.es\/en\/wp-json\/wp\/v2\/posts\/4595\/revisions\/4598"}],"wp:attachment":[{"href":"https:\/\/emadridnet.uc3m.es\/en\/wp-json\/wp\/v2\/media?parent=4595"}],"wp:term":[{"taxonomy":"category","embeddable":true,"href":"https:\/\/emadridnet.uc3m.es\/en\/wp-json\/wp\/v2\/categories?post=4595"},{"taxonomy":"post_tag","embeddable":true,"href":"https:\/\/emadridnet.uc3m.es\/en\/wp-json\/wp\/v2\/tags?post=4595"}],"curies":[{"name":"wp","href":"https:\/\/api.w.org\/{rel}","templated":true}]}}