{"id":6122,"date":"2016-04-10T10:51:13","date_gmt":"2016-04-10T10:51:13","guid":{"rendered":"https:\/\/emadridnet.uc3m.es\/?p=6122"},"modified":"2022-02-22T11:01:47","modified_gmt":"2022-02-22T11:01:47","slug":"emadrid-en-el-ieee-educon-2016","status":"publish","type":"post","link":"https:\/\/emadridnet.uc3m.es\/en\/2016\/04\/10\/emadrid-en-el-ieee-educon-2016\/","title":{"rendered":"eMadrid en el IEEE EDUCON 2016"},"content":{"rendered":"\n[et_pb_section fb_built=&#8221;1&#8243; fullwidth=&#8221;on&#8221; admin_label=&#8221;Header&#8221; _builder_version=&#8221;4.9.4&#8243; background_image=&#8221;https:\/\/storage.googleapis.com\/wp-uploads.bucket.wp.uc3m.es\/wp-content\/uploads\/sites\/40\/2021\/06\/02084601\/pexels-julia-m-cameron-4144294.jpg&#8221; parallax=&#8221;on&#8221; custom_padding=&#8221;|||&#8221; animation_style=&#8221;slide&#8221; animation_direction=&#8221;top&#8221; animation_intensity_slide=&#8221;2%&#8221; link_option_url_new_window=&#8221;on&#8221; global_colors_info=&#8221;{}&#8221; theme_builder_area=&#8221;post_content&#8221;][et_pb_fullwidth_header title=&#8221;eMadrid en el IEEE EDUCON 2016&#8243; subhead=&#8221;10 a 13 de abril, 2016&#8243; button_one_url=&#8221;https:\/\/docs.google.com\/forms\/d\/e\/1FAIpQLSelJDv1KKVh6radHnahAkDmbmP__0i2QoT7NpRRfeKDNXCCNQ\/viewform&#8221; background_overlay_color=&#8221;rgba(255,255,255,0.6)&#8221; content_max_width=&#8221;700px&#8221; content_max_width_tablet=&#8221;100%&#8221; content_max_width_phone=&#8221;&#8221; content_max_width_last_edited=&#8221;on|desktop&#8221; _builder_version=&#8221;4.14.8&#8243; title_font=&#8221;Roboto|300|||||||&#8221; title_font_size=&#8221;60px&#8221; title_line_height=&#8221;1.4em&#8221; content_font=&#8221;||||||||&#8221; content_font_size=&#8221;17px&#8221; content_line_height=&#8221;1.9em&#8221; subhead_font=&#8221;|600|||||||&#8221; subhead_font_size=&#8221;20px&#8221; subhead_line_height=&#8221;1.8em&#8221; background_color=&#8221;rgba(206,206,206,0.3)&#8221; background_image=&#8221;https:\/\/storage.googleapis.com\/wp-uploads.bucket.wp.uc3m.es\/wp-content\/uploads\/sites\/40\/2021\/11\/18093850\/EDUCON2020-2730-April-2020-Porto-Portugal.png&#8221; custom_button_one=&#8221;on&#8221; button_one_text_size=&#8221;14px&#8221; button_one_text_color=&#8221;#ffffff&#8221; button_one_bg_color=&#8221;#8300e9&#8243; button_one_bg_color_gradient_start=&#8221;#d883f8&#8243; button_one_bg_color_gradient_end=&#8221;#352DBE&#8221; button_one_bg_color_gradient_direction=&#8221;90deg&#8221; button_one_border_width=&#8221;10px&#8221; button_one_border_color=&#8221;rgba(0,0,0,0)&#8221; button_one_border_radius=&#8221;100px&#8221; button_one_letter_spacing=&#8221;3px&#8221; button_one_font=&#8221;Roboto|700||on|||||&#8221; custom_button_two=&#8221;on&#8221; button_two_text_size=&#8221;14px&#8221; button_two_text_color=&#8221;#ffffff&#8221; button_two_bg_color=&#8221;#06c8ff&#8221; button_two_border_width=&#8221;10px&#8221; button_two_border_color=&#8221;rgba(0,0,0,0)&#8221; button_two_border_radius=&#8221;100px&#8221; button_two_letter_spacing=&#8221;3px&#8221; button_two_font=&#8221;Roboto|700||on|||||&#8221; background_layout=&#8221;light&#8221; custom_margin=&#8221;||||false&#8221; custom_padding=&#8221;0vw||0vw||true|&#8221; custom_padding_tablet=&#8221;250px||250px||true&#8221; custom_padding_last_edited=&#8221;off|desktop&#8221; hover_enabled=&#8221;0&#8243; title_font_size_tablet=&#8221;40px&#8221; title_font_size_phone=&#8221;32px&#8221; title_font_size_last_edited=&#8221;on|desktop&#8221; button_one_text_color_hover=&#8221;#ffffff&#8221; button_two_text_color_hover=&#8221;#ffffff&#8221; button_one_letter_spacing_hover=&#8221;3px&#8221; button_two_letter_spacing_hover=&#8221;3px&#8221; global_colors_info=&#8221;{}&#8221; button_one_text_size__hover_enabled=&#8221;off&#8221; button_two_text_size__hover_enabled=&#8221;off&#8221; button_one_text_color__hover_enabled=&#8221;on&#8221; button_one_text_color__hover=&#8221;#ffffff&#8221; button_two_text_color__hover_enabled=&#8221;on&#8221; button_two_text_color__hover=&#8221;#ffffff&#8221; button_one_border_width__hover_enabled=&#8221;off&#8221; button_two_border_width__hover_enabled=&#8221;off&#8221; button_one_border_color__hover_enabled=&#8221;off&#8221; button_two_border_color__hover_enabled=&#8221;off&#8221; button_one_border_radius__hover_enabled=&#8221;off&#8221; button_two_border_radius__hover_enabled=&#8221;off&#8221; button_one_letter_spacing__hover_enabled=&#8221;on&#8221; button_one_letter_spacing__hover=&#8221;3px&#8221; button_two_letter_spacing__hover_enabled=&#8221;on&#8221; button_two_letter_spacing__hover=&#8221;3px&#8221; button_one_bg_color__hover_enabled=&#8221;off&#8221; button_two_bg_color__hover_enabled=&#8221;off&#8221; theme_builder_area=&#8221;post_content&#8221; title_text=&#8221;EDUCON2020-2730-April-2020-Porto-Portugal&#8221; sticky_enabled=&#8221;0&#8243;][\/et_pb_fullwidth_header][\/et_pb_section][et_pb_section fb_built=&#8221;1&#8243; admin_label=&#8221;conference&#8221; _builder_version=&#8221;3.22&#8243; custom_margin=&#8221;-35px|||||&#8221; global_colors_info=&#8221;{}&#8221; theme_builder_area=&#8221;post_content&#8221;][et_pb_row _builder_version=&#8221;4.14.7&#8243; _module_preset=&#8221;default&#8221; min_height=&#8221;279px&#8221; custom_margin=&#8221;-29px|auto|-11px|auto||&#8221; global_colors_info=&#8221;{}&#8221; theme_builder_area=&#8221;post_content&#8221;][et_pb_column type=&#8221;4_4&#8243; _builder_version=&#8221;4.14.7&#8243; _module_preset=&#8221;default&#8221; global_colors_info=&#8221;{}&#8221; theme_builder_area=&#8221;post_content&#8221;][et_pb_text _builder_version=&#8221;4.14.8&#8243; _module_preset=&#8221;default&#8221; min_height=&#8221;167px&#8221; custom_margin=&#8221;33px|||||&#8221; custom_padding=&#8221;0px|||||&#8221; hover_enabled=&#8221;0&#8243; global_colors_info=&#8221;{}&#8221; theme_builder_area=&#8221;post_content&#8221; sticky_enabled=&#8221;0&#8243;]<p style=\"text-align: justify\">Durante los d\u00edas del 10 al 13 de abril tendr\u00e1 lugar el congreso anual<span>\u00a0<\/span><strong><a href=\"https:\/\/web.archive.org\/web\/20190704211251\/http:\/\/www.educon-conference.org\/educon2016\/\">EDUCON<\/a><\/strong><span>\u00a0<\/span>(IEEE Global Engineering Education Conference). Este a\u00f1o se celebrar\u00e1 en Abu Dhabi (UAE) y llevar\u00e1 como t\u00edtulo<span>\u00a0<\/span><em>&#8220;Smart Education in Smart Cities&#8221;<\/em>.<\/p>\n<p style=\"text-align: justify\">Miembros de las universidades de la<span>\u00a0<\/span><strong>red eMadrid<\/strong><span>\u00a0<\/span>participar\u00e1n en una sesi\u00f3n especial llamada<span>\u00a0<\/span><em>&#8220;Designing Educational Material&#8221;<\/em><span>\u00a0<\/span>en la que se<span>\u00a0<\/span><span>presentar\u00e1n distintos trabajos que giran en torno a esta tem\u00e1tica com\u00fan.<\/span><\/p>\n<p style=\"text-align: justify\">En concreto, tras una presentaci\u00f3n general sobre la sesi\u00f3n, que ser\u00e1 realizada por Carlos Delgado Kloos como<span>\u00a0<\/span><em>Session Chair<\/em>, los distintos grupos del proyecto presentar\u00e1n las siguientes contribuciones:<\/p>\n<ul style=\"text-align: justify\">\n<li><strong>From Software Engineering to Courseware Engineering<\/strong><\/li>\n<\/ul>\n<p style=\"text-align: justify\"><span><em>Carlos Delgado Kloos, M\u00aa Blanca Ib\u00e1\u00f1ez, Carlos Alario-Hoyos, Pedro J. Mu\u00f1oz-Merino, Iria Est\u00e9vez-Ayres, Carmen Fern\u00e1ndez-Panadero, Julio Villena.<\/em><\/span><\/p>\n<p style=\"text-align: justify\"><span><em>Universidad Carlos III de Madrid, Spain.<\/em><\/span><\/p>\n<ul style=\"text-align: justify\">\n<li><strong>Computer Science MOOCs: a Methodology for the Recording of Videos<\/strong><\/li>\n<\/ul>\n<p style=\"text-align: justify\"><em>Mercedes Alonso-Ramos(1), Sergio Mart\u00edn(1), Mar\u00eda Jos\u00e9 Albert(1), Bel\u00e9n Mori\u00f1igo(1), Miguel Rodr\u00edguez(1), Manuel Castro(1), Dario Assante(2);<\/em><\/p>\n<p style=\"text-align: justify\"><em><span>(1)UNED, Spain; (2) UniNettuno, Italy.<\/span><\/em><\/p>\n<ul style=\"text-align: justify\">\n<li><strong>An Approach to Gamify an Adaptive Questionnaire Environment<\/strong><\/li>\n<\/ul>\n<p style=\"text-align: justify\"><em>Pablo Molins-Ruano, Francisco Jurado, Pilar Rodr\u00edguez, Santiago Atrio, Sacha G\u00f3mez.<\/em><\/p>\n<p style=\"text-align: justify\"><em><span>Universidad Aut\u00f3noma de Madrid, Spain.<\/span><\/em><\/p>\n<ul style=\"text-align: justify\">\n<li><strong>Comparing Computational Thinking Development Assessment Scores with Software Complexity Metrics<\/strong><\/li>\n<\/ul>\n<p style=\"text-align: justify\"><em>Jes\u00fas Moreno-Le\u00f3n(1), Gregorio Robles(2), Marcos Rom\u00e1n-Gonz\u00e1lez(3).<\/em><\/p>\n<p style=\"text-align: justify\"><em>(1)Programamos; (2)Universidad Rey Juan Carlos, Spain; (3) Universidad Nacional de Educaci\u00f3n a Distancia.<\/em><\/p>\n<ul style=\"text-align: justify\">\n<li><strong>Integrating OER in the design of educational material<\/strong><\/li>\n<\/ul>\n<p style=\"text-align: justify\"><em>Nelson Piedra(2), Janneth Chicaiza(2), Jorge L\u00f3pez(2),Edmundo Tovar(1).<\/em><\/p>\n<p style=\"text-align: justify\"><em>(1)Universidad Polit\u00e9cnica de Madrid, Spain; (2)Universidad T\u00e9cnica Particular de Loja.<\/em><\/p>\n<ul style=\"text-align: justify\">\n<li><strong>Tools and Approaches for Simplifying Serious Games Development in Educational Settings<\/strong><\/li>\n<\/ul>\n<p style=\"text-align: justify\"><em>Dan Cristian Rotaru, Antonio Calvo Morata, Manuel Freire,\u00a0Baltasar Fern\u00e1ndez-Manj\u00f3n.<\/em><\/p>\n<p style=\"text-align: justify\"><em>FDI, UCM, Spain.<\/em><\/p>[\/et_pb_text][\/et_pb_column][\/et_pb_row][\/et_pb_section]\n","protected":false},"excerpt":{"rendered":"<p>Durante los d\u00edas del 10 al 13 de abril tendr\u00e1 lugar el congreso anual\u00a0EDUCON\u00a0(IEEE Global Engineering Education Conference). Este a\u00f1o se celebrar\u00e1 en Abu Dhabi (UAE) y llevar\u00e1 como t\u00edtulo\u00a0&#8220;Smart Education in Smart Cities&#8221;. Miembros de las universidades de la\u00a0red eMadrid\u00a0participar\u00e1n en una sesi\u00f3n especial llamada\u00a0&#8220;Designing Educational Material&#8221;\u00a0en la que se\u00a0presentar\u00e1n distintos trabajos que giran [&hellip;]<\/p>\n","protected":false},"author":82,"featured_media":6128,"comment_status":"open","ping_status":"open","sticky":false,"template":"","format":"standard","meta":{"_et_pb_use_builder":"on","_et_pb_old_content":"","_et_gb_content_width":"","footnotes":""},"categories":[6,4],"tags":[],"class_list":["post-6122","post","type-post","status-publish","format-standard","has-post-thumbnail","hentry","category-eventos","category-inicio"],"_links":{"self":[{"href":"https:\/\/emadridnet.uc3m.es\/en\/wp-json\/wp\/v2\/posts\/6122","targetHints":{"allow":["GET"]}}],"collection":[{"href":"https:\/\/emadridnet.uc3m.es\/en\/wp-json\/wp\/v2\/posts"}],"about":[{"href":"https:\/\/emadridnet.uc3m.es\/en\/wp-json\/wp\/v2\/types\/post"}],"author":[{"embeddable":true,"href":"https:\/\/emadridnet.uc3m.es\/en\/wp-json\/wp\/v2\/users\/82"}],"replies":[{"embeddable":true,"href":"https:\/\/emadridnet.uc3m.es\/en\/wp-json\/wp\/v2\/comments?post=6122"}],"version-history":[{"count":3,"href":"https:\/\/emadridnet.uc3m.es\/en\/wp-json\/wp\/v2\/posts\/6122\/revisions"}],"predecessor-version":[{"id":6133,"href":"https:\/\/emadridnet.uc3m.es\/en\/wp-json\/wp\/v2\/posts\/6122\/revisions\/6133"}],"wp:featuredmedia":[{"embeddable":true,"href":"https:\/\/emadridnet.uc3m.es\/en\/wp-json\/wp\/v2\/media\/6128"}],"wp:attachment":[{"href":"https:\/\/emadridnet.uc3m.es\/en\/wp-json\/wp\/v2\/media?parent=6122"}],"wp:term":[{"taxonomy":"category","embeddable":true,"href":"https:\/\/emadridnet.uc3m.es\/en\/wp-json\/wp\/v2\/categories?post=6122"},{"taxonomy":"post_tag","embeddable":true,"href":"https:\/\/emadridnet.uc3m.es\/en\/wp-json\/wp\/v2\/tags?post=6122"}],"curies":[{"name":"wp","href":"https:\/\/api.w.org\/{rel}","templated":true}]}}