{"id":6585,"date":"2022-03-07T10:16:56","date_gmt":"2022-03-07T10:16:56","guid":{"rendered":"https:\/\/emadridnet.uc3m.es\/?p=6585"},"modified":"2022-04-05T07:37:26","modified_gmt":"2022-04-05T07:37:26","slug":"emadrid-special-session-at-educon-2022","status":"publish","type":"post","link":"https:\/\/emadridnet.uc3m.es\/en\/2022\/03\/07\/emadrid-special-session-at-educon-2022\/","title":{"rendered":"eMadrid special session at EDUCON 2022"},"content":{"rendered":"<p>[et_pb_section fb_built=&#8221;1&#8243; fullwidth=&#8221;on&#8221; admin_label=&#8221;Header&#8221; _builder_version=&#8221;4.15&#8243; background_image=&#8221;https:\/\/storage.googleapis.com\/wp-uploads.bucket.wp.uc3m.es\/wp-content\/uploads\/sites\/40\/2021\/06\/02084601\/pexels-julia-m-cameron-4144294.jpg&#8221; parallax=&#8221;on&#8221; custom_padding=&#8221;|||&#8221; animation_style=&#8221;slide&#8221; animation_direction=&#8221;top&#8221; animation_intensity_slide=&#8221;2%&#8221; link_option_url_new_window=&#8221;on&#8221; global_colors_info=&#8221;{}&#8221;][et_pb_fullwidth_header title=&#8221;eMadrid special session at EDUCON 2022&#8243; subhead=&#8221;Tunisia, March 28th-31st, 2022&#8243; button_one_url=&#8221;https:\/\/docs.google.com\/forms\/d\/e\/1FAIpQLSelJDv1KKVh6radHnahAkDmbmP__0i2QoT7NpRRfeKDNXCCNQ\/viewform&#8221; background_overlay_color=&#8221;rgba(255,255,255,0.6)&#8221; content_max_width=&#8221;700px&#8221; content_max_width_tablet=&#8221;100%&#8221; content_max_width_phone=&#8221;&#8221; content_max_width_last_edited=&#8221;on|desktop&#8221; _builder_version=&#8221;4.15&#8243; title_font=&#8221;Roboto|300|||||||&#8221; title_font_size=&#8221;60px&#8221; title_line_height=&#8221;1.4em&#8221; content_font=&#8221;||||||||&#8221; content_font_size=&#8221;17px&#8221; content_line_height=&#8221;1.9em&#8221; subhead_font=&#8221;|600|||||||&#8221; subhead_font_size=&#8221;20px&#8221; subhead_line_height=&#8221;1.8em&#8221; background_color=&#8221;rgba(76,76,76,0.3)&#8221; background_image=&#8221;https:\/\/storage.googleapis.com\/wp-uploads.bucket.wp.uc3m.es\/wp-content\/uploads\/sites\/40\/2022\/03\/07095749\/IEEE-Educon-2022.png&#8221; custom_button_one=&#8221;on&#8221; button_one_text_size=&#8221;14px&#8221; button_one_text_color=&#8221;#ffffff&#8221; button_one_bg_color=&#8221;#8300e9&#8243; button_one_bg_color_gradient_start=&#8221;#d883f8&#8243; button_one_bg_color_gradient_end=&#8221;#352DBE&#8221; button_one_bg_color_gradient_direction=&#8221;90deg&#8221; button_one_border_width=&#8221;10px&#8221; button_one_border_color=&#8221;rgba(0,0,0,0)&#8221; button_one_border_radius=&#8221;100px&#8221; button_one_letter_spacing=&#8221;3px&#8221; button_one_font=&#8221;Roboto|700||on|||||&#8221; custom_button_two=&#8221;on&#8221; button_two_text_size=&#8221;14px&#8221; button_two_text_color=&#8221;#ffffff&#8221; button_two_bg_color=&#8221;#06c8ff&#8221; button_two_border_width=&#8221;10px&#8221; button_two_border_color=&#8221;rgba(0,0,0,0)&#8221; button_two_border_radius=&#8221;100px&#8221; button_two_letter_spacing=&#8221;3px&#8221; button_two_font=&#8221;Roboto|700||on|||||&#8221; background_layout=&#8221;light&#8221; custom_margin=&#8221;||||false&#8221; custom_padding=&#8221;0vw||0vw||true|&#8221; custom_padding_tablet=&#8221;250px||250px||true&#8221; custom_padding_last_edited=&#8221;off|desktop&#8221; title_font_size_tablet=&#8221;40px&#8221; title_font_size_phone=&#8221;32px&#8221; title_font_size_last_edited=&#8221;on|desktop&#8221; button_one_text_color_hover=&#8221;#ffffff&#8221; button_two_text_color_hover=&#8221;#ffffff&#8221; button_one_letter_spacing_hover=&#8221;3px&#8221; button_two_letter_spacing_hover=&#8221;3px&#8221; global_colors_info=&#8221;{}&#8221; button_one_text_size__hover_enabled=&#8221;off&#8221; button_two_text_size__hover_enabled=&#8221;off&#8221; button_one_text_color__hover_enabled=&#8221;on&#8221; button_one_text_color__hover=&#8221;#ffffff&#8221; button_two_text_color__hover_enabled=&#8221;on&#8221; button_two_text_color__hover=&#8221;#ffffff&#8221; button_one_border_width__hover_enabled=&#8221;off&#8221; button_two_border_width__hover_enabled=&#8221;off&#8221; button_one_border_color__hover_enabled=&#8221;off&#8221; button_two_border_color__hover_enabled=&#8221;off&#8221; button_one_border_radius__hover_enabled=&#8221;off&#8221; button_two_border_radius__hover_enabled=&#8221;off&#8221; button_one_letter_spacing__hover_enabled=&#8221;on&#8221; button_one_letter_spacing__hover=&#8221;3px&#8221; button_two_letter_spacing__hover_enabled=&#8221;on&#8221; button_two_letter_spacing__hover=&#8221;3px&#8221; button_one_bg_color__hover_enabled=&#8221;off&#8221; button_two_bg_color__hover_enabled=&#8221;off&#8221;][\/et_pb_fullwidth_header][\/et_pb_section][et_pb_section fb_built=&#8221;1&#8243; admin_label=&#8221;Schedule&#8221; _builder_version=&#8221;4.15&#8243; max_width_tablet=&#8221;&#8221; max_width_phone=&#8221;100%&#8221; max_width_last_edited=&#8221;on|phone&#8221; min_height=&#8221;932.3px&#8221; custom_margin=&#8221;||4px|||&#8221; custom_padding=&#8221;0px|0px|0px|0px|false|false&#8221; global_colors_info=&#8221;{}&#8221;][et_pb_row _builder_version=&#8221;4.15&#8243; _module_preset=&#8221;default&#8221; global_colors_info=&#8221;{}&#8221;][et_pb_column type=&#8221;4_4&#8243; _builder_version=&#8221;4.15&#8243; _module_preset=&#8221;default&#8221; global_colors_info=&#8221;{}&#8221;][et_pb_text _builder_version=&#8221;4.15&#8243; _module_preset=&#8221;default&#8221; global_colors_info=&#8221;{}&#8221;]<\/p>\n<p style=\"text-align: justify\">One more year, the<strong> eMadrid network<\/strong>\u00a0will participate in the <strong>IEEE Global Engineering Education Conference<\/strong> <strong>(EDUCON)<\/strong>. After two online editions due to COVID-19 restrictions, EDUCON becomes a <strong>hybrid event<\/strong>, which will take place in <strong>Tunisia between March 28th and 31st<\/strong>. The topic this year is <strong>&#8220;Digital transformation for a sustainable engineering education&#8221;<\/strong>. This time, the organizers of the conference are the <strong>Arab League Educational, Cultural and Scientific Organization (ALECSO)<\/strong>, the <strong>University of Sfax<\/strong> and the <strong>Virtual University of Tunis<\/strong>.<\/p>\n<p style=\"text-align: justify\"><strong>EDUCON<\/strong> has become one of the most important events for professors, researchers and industry professionals. It is a meeting point that -under the auspices of the <strong>IEEE Education Society<\/strong>&#8211; is considered to be the greatest benchmark in education in <strong>IEEE Region 8<\/strong> (Europe, the Middle East and North Africa).<\/p>\n<p style=\"text-align: justify\">The <strong>eMadrid Network<\/strong> will be present again at the conference through a special session on <strong>&#8220;Technologies to orchestrate education&#8221;<\/strong>, where several technologies to articulate teaching in different areas will be addressed. This special session will take place on <strong>Friday, March 30th, starting at 8:30 in the morning<\/strong>. The scheduled presentations are the following:<\/p>\n<ul style=\"text-align: justify\">\n<li><strong>\u201cProgramming Teaching Interaction\u201d, <\/strong>Carlos Delgado Kloos, Carmen Fern\u00e1ndez-Panadero, Carlos Alario-Hoyos, Pedro Manuel Moreno-Marcos, Mar\u00eda Blanca Ib\u00e1\u00f1ez, Pedro J. Mu\u00f1oz-Merino, Boni Garc\u00eda, Iria Est\u00e9vez-Ayres (Universidad Carlos III de Madrid).<\/li>\n<li><strong>\u201cUsing e-Learning Standards to Improve Serious Game Deployment and Evaluation\u201d, <\/strong>Iv\u00e1n P\u00e9rez Colado, V\u00edctor P\u00e9rez Colado, Iv\u00e1n Mart\u00ednez Ortiz, Manuel Freire, Baltasar Fern\u00e1ndez Manj\u00f3n (Universidad Complutense de Madrid).<\/li>\n<li><strong>\u201cReplication of an Evaluation of Teacher Training in the Classification of Programming Exercises Using Bloom\u2019s Taxonomy\u201d, <\/strong> \u00c1ngel Vel\u00e1zquez-Iturbide (Universidad Rey Juan Carlos).<\/li>\n<li><strong>\u201cOrchestrating special education during the COVID-19 lockdown. A mapping study of the technologies and challenges\u201d, <\/strong>Yussy Chinchay, Javier G\u00f3mez, Germ\u00e1n Montoro (Universidad Aut\u00f3noma de Madrid).<\/li>\n<li><strong>\u201cEngineering IoT systems in the convergence between agronomic and computer sciences\u201d, <\/strong>Bernardo Tabuenca, Vicente Garcia-Alcantara, Carlos Gilarranz-Casado, Alejandro Leo-Ram\u00edrez, Juan Arquero-Gallego, Edmundo Tovar (Universidad Polit\u00e9cnica de Madrid).<\/li>\n<li><strong>\u201cRaspberry Pi Applications in Electronics and Control Laboratories\u201d, <\/strong>Nelson Vaca, Felix Garcia-Loro, Sergio Martin Gutierrez, Manuel Castro, Elio Sancristobal, Miguel Rodriguez-Artacho (Universidad Nacional de Educaci\u00f3n a Distancia).<\/li>\n<\/ul>\n<p style=\"text-align: justify\">More information about <strong>EDUCON 2022<\/strong> <a href=\"http:\/\/www.educon-conference.org\/current\/index.php\" target=\"_blank\" rel=\"noopener\">here<\/a>.<\/p>\n<p>[\/et_pb_text][\/et_pb_column][\/et_pb_row][et_pb_row _builder_version=&#8221;4.15.1&#8243; _module_preset=&#8221;default&#8221; global_colors_info=&#8221;{}&#8221;][et_pb_column type=&#8221;4_4&#8243; _builder_version=&#8221;4.15.1&#8243; _module_preset=&#8221;default&#8221; global_colors_info=&#8221;{}&#8221;][et_pb_text _builder_version=&#8221;4.15.1&#8243; _module_preset=&#8221;default&#8221; hover_enabled=&#8221;0&#8243; global_colors_info=&#8221;{}&#8221; sticky_enabled=&#8221;0&#8243;]<\/p>\n<h2><span style=\"font-size: xx-large\"><strong>Slides<\/strong><\/span><\/h2>\n<p><iframe loading=\"lazy\" title=\"2022_03_28 EDUCON 2022: &quot;\u201cProgramming Teaching Interaction\u201d-Carlos Delgado Kloos\" src=\"https:\/\/www.slideshare.net\/slideshow\/embed_code\/key\/E3PqtbbVRbDs7N\" width=\"427\" height=\"356\" frameborder=\"0\" marginwidth=\"0\" marginheight=\"0\" scrolling=\"no\" style=\"border:1px solid #CCC; border-width:1px; margin-bottom:5px; max-width: 100%;\" allowfullscreen> <\/iframe> <\/p>\n<div style=\"margin-bottom:5px\"> <strong> <a href=\"https:\/\/www.slideshare.net\/emadridnet\/20220328-educon-2022-programming-teaching-interactioncarlos-delgado-kloos\" title=\"2022_03_28 EDUCON 2022: &quot;\u201cProgramming Teaching Interaction\u201d-Carlos Delgado Kloos\" target=\"_blank\">2022_03_28 EDUCON 2022: &quot;\u201cProgramming Teaching Interaction\u201d-Carlos Delgado Kloos<\/a> <\/strong> from <strong><a href=\"https:\/\/www.slideshare.net\/emadridnet\" target=\"_blank\">eMadrid network<\/a><\/strong> <\/div>\n<\/p>\n<p><iframe loading=\"lazy\" title=\"2022_03_22 EDUCON 2022 \u201cUsing e-Learning Standards to Improve Serious Game Deployment and Evaluation\u201d - Baltasar Fern\u00e1ndez Manj\u00f3n\" src=\"https:\/\/www.slideshare.net\/slideshow\/embed_code\/key\/fsfpAtqqGnignE\" width=\"427\" height=\"356\" frameborder=\"0\" marginwidth=\"0\" marginheight=\"0\" scrolling=\"no\" style=\"border:1px solid #CCC; border-width:1px; margin-bottom:5px; max-width: 100%;\" allowfullscreen> <\/iframe> <\/p>\n<div style=\"margin-bottom:5px\"> <strong> <a href=\"https:\/\/www.slideshare.net\/emadridnet\/20220322-educon-2022-using-elearning-standards-to-improve-serious-game-deployment-and-evaluation-baltasar-fernndez-manjn\" title=\"2022_03_22 EDUCON 2022 \u201cUsing e-Learning Standards to Improve Serious Game Deployment and Evaluation\u201d - Baltasar Fern\u00e1ndez Manj\u00f3n\" target=\"_blank\">2022_03_22 EDUCON 2022 \u201cUsing e-Learning Standards to Improve Serious Game Deployment and Evaluation\u201d &#8211; Baltasar Fern\u00e1ndez Manj\u00f3n<\/a> <\/strong> from <strong><a href=\"https:\/\/www.slideshare.net\/emadridnet\" target=\"_blank\">eMadrid network<\/a><\/strong> <\/div>\n<\/p>\n<p><iframe loading=\"lazy\" title=\"Using e-Learning Standards to Improve Serious Game Deployment and Evaluation - EDUCON 2022\" width=\"1080\" height=\"608\" src=\"https:\/\/www.youtube.com\/embed\/M8S8WxgSH54?feature=oembed\"  allow=\"accelerometer; autoplay; clipboard-write; encrypted-media; gyroscope; picture-in-picture\" allowfullscreen><\/iframe><\/p>\n<p><iframe loading=\"lazy\" title=\"2022_03_28 EDUCON 2022 \u201cReplication of an Evaluation of Teacher Training in the Classification of Programming Exercises Using Bloom\u2019s Taxonomy\u201d - \u00c1ngel Vel\u00e1zquez Iturbide\" src=\"https:\/\/www.slideshare.net\/slideshow\/embed_code\/key\/2Ctm0VsWoVCcsu\" width=\"427\" height=\"356\" frameborder=\"0\" marginwidth=\"0\" marginheight=\"0\" scrolling=\"no\" style=\"border:1px solid #CCC; border-width:1px; margin-bottom:5px; max-width: 100%;\" allowfullscreen> <\/iframe> <\/p>\n<div style=\"margin-bottom:5px\"> <strong> <a href=\"https:\/\/www.slideshare.net\/emadridnet\/20220328-educon-2022-replication-of-an-evaluation-of-teacher-training-in-the-classification-of-programming-exercises-using-blooms-taxonomy-ngel-velzquez-iturbide\" title=\"2022_03_28 EDUCON 2022 \u201cReplication of an Evaluation of Teacher Training in the Classification of Programming Exercises Using Bloom\u2019s Taxonomy\u201d - \u00c1ngel Vel\u00e1zquez Iturbide\" target=\"_blank\">2022_03_28 EDUCON 2022 \u201cReplication of an Evaluation of Teacher Training in the Classification of Programming Exercises Using Bloom\u2019s Taxonomy\u201d &#8211; \u00c1ngel Vel\u00e1zquez Iturbide<\/a> <\/strong> from <strong><a href=\"https:\/\/www.slideshare.net\/emadridnet\" target=\"_blank\">eMadrid network<\/a><\/strong> <\/div>\n<\/p>\n<p><iframe loading=\"lazy\" title=\"2022_03_28 &quot;Raspberry Pi Applications in Electronics and Control Laboratories&quot;\" src=\"https:\/\/www.slideshare.net\/slideshow\/embed_code\/key\/4GKxVlZwi69KHD\" width=\"427\" height=\"356\" frameborder=\"0\" marginwidth=\"0\" marginheight=\"0\" scrolling=\"no\" style=\"border:1px solid #CCC; border-width:1px; margin-bottom:5px; max-width: 100%;\" allowfullscreen> <\/iframe> <\/p>\n<div style=\"margin-bottom:5px\"> <strong> <a href=\"https:\/\/www.slideshare.net\/emadridnet\/20220328-raspberry-pi-applications-in-electronics-and-control-laboratories\" title=\"2022_03_28 &quot;Raspberry Pi Applications in Electronics and Control Laboratories&quot;\" target=\"_blank\">2022_03_28 &quot;Raspberry Pi Applications in Electronics and Control Laboratories&quot;<\/a> <\/strong> from <strong><a href=\"https:\/\/www.slideshare.net\/emadridnet\" target=\"_blank\">eMadrid network<\/a><\/strong> <\/div>\n<\/p>\n<p>[\/et_pb_text][\/et_pb_column][\/et_pb_row][\/et_pb_section]<\/p>\n","protected":false},"excerpt":{"rendered":"<p>One more year, the eMadrid network\u00a0will participate in the IEEE Global Engineering Education Conference (EDUCON). After two online editions due to COVID-19 restrictions, EDUCON becomes a hybrid event, which will take place in Tunisia between March 28th and 31st. The topic this year is &#8220;Digital transformation for a sustainable engineering education&#8221;. This time, the organizers [&hellip;]<\/p>\n","protected":false},"author":82,"featured_media":6580,"comment_status":"open","ping_status":"open","sticky":false,"template":"","format":"standard","meta":{"_et_pb_use_builder":"on","_et_pb_old_content":"","_et_gb_content_width":"","footnotes":""},"categories":[35,37],"tags":[],"class_list":["post-6585","post","type-post","status-publish","format-standard","has-post-thumbnail","hentry","category-home-en","category-news-en"],"_links":{"self":[{"href":"https:\/\/emadridnet.uc3m.es\/en\/wp-json\/wp\/v2\/posts\/6585","targetHints":{"allow":["GET"]}}],"collection":[{"href":"https:\/\/emadridnet.uc3m.es\/en\/wp-json\/wp\/v2\/posts"}],"about":[{"href":"https:\/\/emadridnet.uc3m.es\/en\/wp-json\/wp\/v2\/types\/post"}],"author":[{"embeddable":true,"href":"https:\/\/emadridnet.uc3m.es\/en\/wp-json\/wp\/v2\/users\/82"}],"replies":[{"embeddable":true,"href":"https:\/\/emadridnet.uc3m.es\/en\/wp-json\/wp\/v2\/comments?post=6585"}],"version-history":[{"count":4,"href":"https:\/\/emadridnet.uc3m.es\/en\/wp-json\/wp\/v2\/posts\/6585\/revisions"}],"predecessor-version":[{"id":7869,"href":"https:\/\/emadridnet.uc3m.es\/en\/wp-json\/wp\/v2\/posts\/6585\/revisions\/7869"}],"wp:featuredmedia":[{"embeddable":true,"href":"https:\/\/emadridnet.uc3m.es\/en\/wp-json\/wp\/v2\/media\/6580"}],"wp:attachment":[{"href":"https:\/\/emadridnet.uc3m.es\/en\/wp-json\/wp\/v2\/media?parent=6585"}],"wp:term":[{"taxonomy":"category","embeddable":true,"href":"https:\/\/emadridnet.uc3m.es\/en\/wp-json\/wp\/v2\/categories?post=6585"},{"taxonomy":"post_tag","embeddable":true,"href":"https:\/\/emadridnet.uc3m.es\/en\/wp-json\/wp\/v2\/tags?post=6585"}],"curies":[{"name":"wp","href":"https:\/\/api.w.org\/{rel}","templated":true}]}}