{"id":6755,"date":"2015-03-18T11:54:50","date_gmt":"2015-03-18T11:54:50","guid":{"rendered":"https:\/\/emadridnet.uc3m.es\/?p=6755"},"modified":"2022-03-11T10:04:32","modified_gmt":"2022-03-11T10:04:32","slug":"emadrid-at-ieee-educon-2015","status":"publish","type":"post","link":"https:\/\/emadridnet.uc3m.es\/en\/2015\/03\/18\/emadrid-at-ieee-educon-2015\/","title":{"rendered":"eMadrid at IEEE Educon 2015"},"content":{"rendered":"<p>[et_pb_section fb_built=&#8221;1&#8243; fullwidth=&#8221;on&#8221; admin_label=&#8221;Header&#8221; _builder_version=&#8221;4.9.4&#8243; background_image=&#8221;https:\/\/storage.googleapis.com\/wp-uploads.bucket.wp.uc3m.es\/wp-content\/uploads\/sites\/40\/2021\/06\/02084601\/pexels-julia-m-cameron-4144294.jpg&#8221; parallax=&#8221;on&#8221; custom_padding=&#8221;|||&#8221; animation_style=&#8221;slide&#8221; animation_direction=&#8221;top&#8221; animation_intensity_slide=&#8221;2%&#8221; link_option_url_new_window=&#8221;on&#8221; global_colors_info=&#8221;{}&#8221; theme_builder_area=&#8221;post_content&#8221;][et_pb_fullwidth_header title=&#8221;eMadrid at IEEE EDUCON 2015&#8243; button_one_url=&#8221;https:\/\/docs.google.com\/forms\/d\/e\/1FAIpQLSelJDv1KKVh6radHnahAkDmbmP__0i2QoT7NpRRfeKDNXCCNQ\/viewform&#8221; background_overlay_color=&#8221;rgba(255,255,255,0.6)&#8221; content_max_width=&#8221;700px&#8221; content_max_width_tablet=&#8221;100%&#8221; content_max_width_phone=&#8221;&#8221; content_max_width_last_edited=&#8221;on|desktop&#8221; _builder_version=&#8221;4.14.8&#8243; title_font=&#8221;Roboto|300|||||||&#8221; title_font_size=&#8221;60px&#8221; title_line_height=&#8221;1.4em&#8221; content_font=&#8221;||||||||&#8221; content_font_size=&#8221;17px&#8221; content_line_height=&#8221;1.9em&#8221; subhead_font=&#8221;|600|||||||&#8221; subhead_font_size=&#8221;20px&#8221; subhead_line_height=&#8221;1.8em&#8221; background_color=&#8221;rgba(76,76,76,0.3)&#8221; background_image=&#8221;https:\/\/storage.googleapis.com\/wp-uploads.bucket.wp.uc3m.es\/wp-content\/uploads\/sites\/40\/2022\/03\/10115118\/descarga-6.png&#8221; custom_button_one=&#8221;on&#8221; button_one_text_size=&#8221;14px&#8221; button_one_text_color=&#8221;#ffffff&#8221; button_one_bg_color=&#8221;#8300e9&#8243; button_one_bg_color_gradient_start=&#8221;#d883f8&#8243; button_one_bg_color_gradient_end=&#8221;#352DBE&#8221; button_one_bg_color_gradient_direction=&#8221;90deg&#8221; button_one_border_width=&#8221;10px&#8221; button_one_border_color=&#8221;rgba(0,0,0,0)&#8221; button_one_border_radius=&#8221;100px&#8221; button_one_letter_spacing=&#8221;3px&#8221; button_one_font=&#8221;Roboto|700||on|||||&#8221; custom_button_two=&#8221;on&#8221; button_two_text_size=&#8221;14px&#8221; button_two_text_color=&#8221;#ffffff&#8221; button_two_bg_color=&#8221;#06c8ff&#8221; button_two_border_width=&#8221;10px&#8221; button_two_border_color=&#8221;rgba(0,0,0,0)&#8221; button_two_border_radius=&#8221;100px&#8221; button_two_letter_spacing=&#8221;3px&#8221; button_two_font=&#8221;Roboto|700||on|||||&#8221; background_layout=&#8221;light&#8221; custom_margin=&#8221;||||false&#8221; custom_padding=&#8221;12vw||12vw||true&#8221; custom_padding_tablet=&#8221;250px||250px||true&#8221; custom_padding_last_edited=&#8221;off|desktop&#8221; hover_enabled=&#8221;0&#8243; title_font_size_tablet=&#8221;40px&#8221; title_font_size_phone=&#8221;32px&#8221; title_font_size_last_edited=&#8221;on|desktop&#8221; button_one_text_color_hover=&#8221;#ffffff&#8221; button_two_text_color_hover=&#8221;#ffffff&#8221; button_one_letter_spacing_hover=&#8221;3px&#8221; button_two_letter_spacing_hover=&#8221;3px&#8221; global_colors_info=&#8221;{}&#8221; button_one_text_size__hover_enabled=&#8221;off&#8221; button_two_text_size__hover_enabled=&#8221;off&#8221; button_one_text_color__hover_enabled=&#8221;on&#8221; button_one_text_color__hover=&#8221;#ffffff&#8221; button_two_text_color__hover_enabled=&#8221;on&#8221; button_two_text_color__hover=&#8221;#ffffff&#8221; button_one_border_width__hover_enabled=&#8221;off&#8221; button_two_border_width__hover_enabled=&#8221;off&#8221; button_one_border_color__hover_enabled=&#8221;off&#8221; button_two_border_color__hover_enabled=&#8221;off&#8221; button_one_border_radius__hover_enabled=&#8221;off&#8221; button_two_border_radius__hover_enabled=&#8221;off&#8221; button_one_letter_spacing__hover_enabled=&#8221;on&#8221; button_one_letter_spacing__hover=&#8221;3px&#8221; button_two_letter_spacing__hover_enabled=&#8221;on&#8221; button_two_letter_spacing__hover=&#8221;3px&#8221; button_one_bg_color__hover_enabled=&#8221;off&#8221; button_two_bg_color__hover_enabled=&#8221;off&#8221; theme_builder_area=&#8221;post_content&#8221; title_text=&#8221;descarga (6)&#8221; sticky_enabled=&#8221;0&#8243;]<\/p>\n<p>Tall\u00ednn, March 18th to 20th, 2015<\/p>\n<p>[\/et_pb_fullwidth_header][\/et_pb_section][et_pb_section fb_built=&#8221;1&#8243; admin_label=&#8221;Schedule&#8221; _builder_version=&#8221;3.22&#8243; max_width_tablet=&#8221;&#8221; max_width_phone=&#8221;100%&#8221; max_width_last_edited=&#8221;on|phone&#8221; min_height=&#8221;595.3px&#8221; custom_margin=&#8221;|||&#8221; custom_padding=&#8221;0px|0px|2px|0px|false|false&#8221; global_colors_info=&#8221;{}&#8221; theme_builder_area=&#8221;post_content&#8221;][et_pb_row _builder_version=&#8221;4.9.9&#8243; _module_preset=&#8221;default&#8221; hover_enabled=&#8221;0&#8243; global_colors_info=&#8221;{}&#8221; theme_builder_area=&#8221;post_content&#8221; sticky_enabled=&#8221;0&#8243;][et_pb_column type=&#8221;4_4&#8243; _builder_version=&#8221;4.9.9&#8243; _module_preset=&#8221;default&#8221; global_colors_info=&#8221;{}&#8221; theme_builder_area=&#8221;post_content&#8221;][et_pb_text _builder_version=&#8221;4.14.8&#8243; _module_preset=&#8221;default&#8221; hover_enabled=&#8221;0&#8243; global_colors_info=&#8221;{}&#8221; theme_builder_area=&#8221;post_content&#8221; sticky_enabled=&#8221;0&#8243;]<\/p>\n<p style=\"text-align: justify\">The eMadrid network is present once again with a special session at<span>\u00a0<\/span><a href=\"https:\/\/web.archive.org\/web\/20190724021757\/http:\/\/www.educon-conference.org\/educon2015\/\">EDUCON<\/a><span>\u00a0<\/span>(IEEE Global Engineering Education Conference). EDUCON will be held this year from March 18 to 20 in Tallinn (Estonia). The eMadrid special session is entitled &#8220;Mixing and Blending MOOC Technologies with Face-to-Face Pedagogies&#8221;, in which members of eMadrid universities will present different studies around this common theme.<\/p>\n<p style=\"text-align: justify\">Specifically, after a special session overview, which will be conducted by Carlos Delgado Kloos as<span>\u00a0<\/span><em>Session Chair<\/em>, the project groups will present the following contributions:<\/p>\n<p style=\"text-align: justify\">\n<ul style=\"text-align: justify\">\n<li style=\"text-align: justify\"><strong>Computer programming as an educational tool in the English classroom<\/strong><br \/>Jes\u00fas Moreno-Le\u00f3n (1), Gregorio Robles (2)<br \/>(1) Programamos.es, Spain; (2) Universidad Rey Juan Carlos, Spain<\/li>\n<li style=\"text-align: justify\">Mixing and Blending MOOC Technologies with Face-to-Face Pedagogies<br \/>Carlos Delgado-Kloos, Pedro J. Mu\u00f1oz-Merino, Carlos Alario-Hoyos, Iria Est\u00e9vez Ayres, Carmen Fern\u00e1ndez-Panadero<br \/>Universidad Carlos III de Madrid, Spain<\/li>\n<li style=\"text-align: justify\"><strong>Requirements for educational games in MOOCs<\/strong><br \/>Manuel Freire, Iv\u00e1n Mart\u00ednez-Ortiz, Pablo Moreno-Ger, Baltasar Fern\u00e1ndez-Manj\u00f3n<br \/>Universidad Complutense de Madrid, Spain<\/li>\n<li style=\"text-align: justify\"><strong>Towards a Learning Analytics Approach for Supporting discovery and reuse of OER. An approach based on Social Networks Analysis and Linked Open Data<\/strong><br \/>Nelson Piedra (1), Janneth Chicaiza (1), Jorge L\u00f3pez (1), Edmundo Tovar Caro (2)<br \/>(1) Universidad T\u00e9cnica Particular de Loja, Ecuador; (2) Universidad Polit\u00e9cnica de Madrid, Spain<\/li>\n<li style=\"text-align: justify\"><strong>Towards learning resources rankings in MOOCs: A Pairwise based Reputation Mechanism<\/strong><br \/>Roberto Centeno, Miguel Rodriguez-Artacho, Felix Garc\u00eda-Loro, Elio Sancrist\u00f3bal, Gabriel D\u00edaz, Manuel Castro. UNED, Spain<\/li>\n<li style=\"text-align: justify\"><strong>Towards MOOCs scenaries based on Collaborative Learning Approaches<\/strong><br \/>Iv\u00e1n Claros, Leovy Echeverria, Ruth Cobos<br \/>Universidad Aut\u00f3noma de Madrid, Spain<\/li>\n<\/ul>\n<p>[\/et_pb_text][\/et_pb_column][\/et_pb_row][\/et_pb_section]<\/p>\n","protected":false},"excerpt":{"rendered":"<p>Tall\u00ednn, March 18th to 20th, 2015The eMadrid network is present once again with a special session at\u00a0EDUCON\u00a0(IEEE Global Engineering Education Conference). EDUCON will be held this year from March 18 to 20 in Tallinn (Estonia). The eMadrid special session is entitled &#8220;Mixing and Blending MOOC Technologies with Face-to-Face Pedagogies&#8221;, in which members of eMadrid universities [&hellip;]<\/p>\n","protected":false},"author":82,"featured_media":6756,"comment_status":"open","ping_status":"open","sticky":false,"template":"","format":"standard","meta":{"_et_pb_use_builder":"on","_et_pb_old_content":"","_et_gb_content_width":"","footnotes":""},"categories":[36,35],"tags":[],"class_list":["post-6755","post","type-post","status-publish","format-standard","has-post-thumbnail","hentry","category-events-en","category-home-en"],"_links":{"self":[{"href":"https:\/\/emadridnet.uc3m.es\/en\/wp-json\/wp\/v2\/posts\/6755","targetHints":{"allow":["GET"]}}],"collection":[{"href":"https:\/\/emadridnet.uc3m.es\/en\/wp-json\/wp\/v2\/posts"}],"about":[{"href":"https:\/\/emadridnet.uc3m.es\/en\/wp-json\/wp\/v2\/types\/post"}],"author":[{"embeddable":true,"href":"https:\/\/emadridnet.uc3m.es\/en\/wp-json\/wp\/v2\/users\/82"}],"replies":[{"embeddable":true,"href":"https:\/\/emadridnet.uc3m.es\/en\/wp-json\/wp\/v2\/comments?post=6755"}],"version-history":[{"count":2,"href":"https:\/\/emadridnet.uc3m.es\/en\/wp-json\/wp\/v2\/posts\/6755\/revisions"}],"predecessor-version":[{"id":6760,"href":"https:\/\/emadridnet.uc3m.es\/en\/wp-json\/wp\/v2\/posts\/6755\/revisions\/6760"}],"wp:featuredmedia":[{"embeddable":true,"href":"https:\/\/emadridnet.uc3m.es\/en\/wp-json\/wp\/v2\/media\/6756"}],"wp:attachment":[{"href":"https:\/\/emadridnet.uc3m.es\/en\/wp-json\/wp\/v2\/media?parent=6755"}],"wp:term":[{"taxonomy":"category","embeddable":true,"href":"https:\/\/emadridnet.uc3m.es\/en\/wp-json\/wp\/v2\/categories?post=6755"},{"taxonomy":"post_tag","embeddable":true,"href":"https:\/\/emadridnet.uc3m.es\/en\/wp-json\/wp\/v2\/tags?post=6755"}],"curies":[{"name":"wp","href":"https:\/\/api.w.org\/{rel}","templated":true}]}}