{"id":688,"date":"2021-01-29T10:12:37","date_gmt":"2021-01-29T10:12:37","guid":{"rendered":"https:\/\/emadridnet.uc3m.es\/?p=688"},"modified":"2021-11-17T09:06:27","modified_gmt":"2021-11-17T09:06:27","slug":"miguel-rodriguez-artacho-editor-de-un-numero-especial-de-future-internet","status":"publish","type":"post","link":"https:\/\/emadridnet.uc3m.es\/en\/2021\/01\/29\/miguel-rodriguez-artacho-editor-de-un-numero-especial-de-future-internet\/","title":{"rendered":"Miguel Rodr\u00edguez Artacho, editor de un n\u00famero especial de &#8216;Future Internet&#8217;"},"content":{"rendered":"\n[et_pb_section fb_built=&#8221;1&#8243; fullwidth=&#8221;on&#8221; admin_label=&#8221;Header&#8221; _builder_version=&#8221;4.9.4&#8243; background_image=&#8221;https:\/\/storage.googleapis.com\/wp-uploads.bucket.wp.uc3m.es\/wp-content\/uploads\/sites\/40\/2021\/06\/02084601\/pexels-julia-m-cameron-4144294.jpg&#8221; parallax=&#8221;on&#8221; custom_padding=&#8221;|||&#8221; animation_style=&#8221;slide&#8221; animation_direction=&#8221;top&#8221; animation_intensity_slide=&#8221;2%&#8221; link_option_url_new_window=&#8221;on&#8221; global_colors_info=&#8221;{}&#8221;][et_pb_fullwidth_header title=&#8221;Miguel Rodr\u00edguez Artacho, editor de un n\u00famero especial de &#8216;Future Internet'&#8221; button_one_url=&#8221;https:\/\/docs.google.com\/forms\/d\/e\/1FAIpQLSelJDv1KKVh6radHnahAkDmbmP__0i2QoT7NpRRfeKDNXCCNQ\/viewform&#8221; background_overlay_color=&#8221;rgba(255,255,255,0.6)&#8221; content_max_width=&#8221;700px&#8221; content_max_width_tablet=&#8221;100%&#8221; content_max_width_phone=&#8221;&#8221; content_max_width_last_edited=&#8221;on|desktop&#8221; _builder_version=&#8221;4.11.4&#8243; title_font=&#8221;Roboto|300|||||||&#8221; title_font_size=&#8221;60px&#8221; title_line_height=&#8221;1.4em&#8221; content_font=&#8221;||||||||&#8221; content_font_size=&#8221;17px&#8221; content_line_height=&#8221;1.9em&#8221; subhead_font=&#8221;|600|||||||&#8221; subhead_font_size=&#8221;20px&#8221; subhead_line_height=&#8221;1.8em&#8221; background_color=&#8221;rgba(76,76,76,0.3)&#8221; background_image=&#8221;https:\/\/storage.googleapis.com\/wp-uploads.bucket.wp.uc3m.es\/wp-content\/uploads\/sites\/40\/2021\/11\/10101118\/White-Blue-Green-and-Purple-Free-Vaccine-Announcement-Minimal-Illustrative-Twitter-Ad.png&#8221; custom_button_one=&#8221;on&#8221; button_one_text_size=&#8221;14px&#8221; button_one_text_color=&#8221;#ffffff&#8221; button_one_bg_color=&#8221;#8300e9&#8243; button_one_bg_color_gradient_start=&#8221;#d883f8&#8243; button_one_bg_color_gradient_end=&#8221;#352DBE&#8221; button_one_bg_color_gradient_direction=&#8221;90deg&#8221; button_one_border_width=&#8221;10px&#8221; button_one_border_color=&#8221;rgba(0,0,0,0)&#8221; button_one_border_radius=&#8221;100px&#8221; button_one_letter_spacing=&#8221;3px&#8221; button_one_font=&#8221;Roboto|700||on|||||&#8221; custom_button_two=&#8221;on&#8221; button_two_text_size=&#8221;14px&#8221; button_two_text_color=&#8221;#ffffff&#8221; button_two_bg_color=&#8221;#06c8ff&#8221; button_two_border_width=&#8221;10px&#8221; button_two_border_color=&#8221;rgba(0,0,0,0)&#8221; button_two_border_radius=&#8221;100px&#8221; button_two_letter_spacing=&#8221;3px&#8221; button_two_font=&#8221;Roboto|700||on|||||&#8221; background_layout=&#8221;light&#8221; custom_margin=&#8221;||||false&#8221; custom_padding=&#8221;12vw||12vw||true&#8221; custom_padding_tablet=&#8221;250px||250px||true&#8221; custom_padding_last_edited=&#8221;off|desktop&#8221; hover_enabled=&#8221;0&#8243; title_font_size_tablet=&#8221;40px&#8221; title_font_size_phone=&#8221;32px&#8221; title_font_size_last_edited=&#8221;on|desktop&#8221; button_one_text_color_hover=&#8221;#ffffff&#8221; button_two_text_color_hover=&#8221;#ffffff&#8221; button_one_letter_spacing_hover=&#8221;3px&#8221; button_two_letter_spacing_hover=&#8221;3px&#8221; global_colors_info=&#8221;{}&#8221; button_one_text_size__hover_enabled=&#8221;off&#8221; button_two_text_size__hover_enabled=&#8221;off&#8221; button_one_text_color__hover_enabled=&#8221;on&#8221; button_one_text_color__hover=&#8221;#ffffff&#8221; button_two_text_color__hover_enabled=&#8221;on&#8221; button_two_text_color__hover=&#8221;#ffffff&#8221; button_one_border_width__hover_enabled=&#8221;off&#8221; button_two_border_width__hover_enabled=&#8221;off&#8221; button_one_border_color__hover_enabled=&#8221;off&#8221; button_two_border_color__hover_enabled=&#8221;off&#8221; button_one_border_radius__hover_enabled=&#8221;off&#8221; button_two_border_radius__hover_enabled=&#8221;off&#8221; button_one_letter_spacing__hover_enabled=&#8221;on&#8221; button_one_letter_spacing__hover=&#8221;3px&#8221; button_two_letter_spacing__hover_enabled=&#8221;on&#8221; button_two_letter_spacing__hover=&#8221;3px&#8221; button_one_bg_color__hover_enabled=&#8221;off&#8221; button_two_bg_color__hover_enabled=&#8221;off&#8221; title_text=&#8221;White-Blue-Green-and-Purple-Free-Vaccine-Announcement-Minimal-Illustrative-Twitter-Ad&#8221; sticky_enabled=&#8221;0&#8243;][\/et_pb_fullwidth_header][\/et_pb_section][et_pb_section fb_built=&#8221;1&#8243; admin_label=&#8221;Schedule&#8221; _builder_version=&#8221;3.22&#8243; max_width_tablet=&#8221;&#8221; max_width_phone=&#8221;100%&#8221; max_width_last_edited=&#8221;on|phone&#8221; min_height=&#8221;545.3px&#8221; custom_margin=&#8221;|||&#8221; custom_padding=&#8221;54px|0px|0px|0px|false|false&#8221; global_colors_info=&#8221;{}&#8221;][et_pb_row _builder_version=&#8221;4.9.9&#8243; _module_preset=&#8221;default&#8221; global_colors_info=&#8221;{}&#8221;][et_pb_column type=&#8221;4_4&#8243; _builder_version=&#8221;4.9.9&#8243; _module_preset=&#8221;default&#8221; global_colors_info=&#8221;{}&#8221;][et_pb_text _builder_version=&#8221;4.11.4&#8243; _module_preset=&#8221;default&#8221; hover_enabled=&#8221;0&#8243; global_colors_info=&#8221;{}&#8221; sticky_enabled=&#8221;0&#8243;]<p style=\"text-align: justify\"><span><strong>(Madrid, 29 de enero de 2021) <\/strong><\/span><strong>Miguel Rodr\u00edguez Artacho<\/strong>, miembro de la<span>\u00a0<\/span><strong>red eMadrid<\/strong>, profesor en la<span>\u00a0<\/span><strong>UNED<\/strong><span>\u00a0<\/span>e integrante del grupo<span>\u00a0<\/span><a href=\"http:\/\/www.ieec.uned.es\/gelios.htm\" target=\"_blank\" rel=\"noopener\"><strong>G-eLios<\/strong><\/a><span>\u00a0<\/span>(Grupo de Investigaci\u00f3n en Ingenier\u00eda El\u00e9ctrica y Tecnolog\u00edas Avanzadas en Educaci\u00f3n, Electr\u00f3nica, Control, Computadores, Energ\u00edas Renovables, Sostenibilidad, Movilidad y Comunicaciones), ser\u00e1 el editor del n\u00famero especial de la revista<span>\u00a0<\/span><strong>&#8216;<a href=\"https:\/\/www.mdpi.com\/journal\/futureinternet\" target=\"_blank\" rel=\"noopener\">Future Internet&#8217;<\/a>: &#8220;Nuevos desaf\u00edos para el e-learning y la educaci\u00f3n digital&#8221;.\u00a0<\/strong><\/p>\n<p style=\"text-align: justify\">El objetivo de la publicaci\u00f3n es<span>\u00a0<\/span><strong>recopilar las innovaciones m\u00e1s recientes en el campo del aprendizaje basado en IT y las tecnolog\u00edas educativas<\/strong><span>\u00a0<\/span>y mostrar c\u00f3mo se ha empleado la investigaci\u00f3n en esta nueva educaci\u00f3n digital, nacida a ra\u00edz de la pandemia por el COVID-19. La intenci\u00f3n es la de reunir investigadores para discutir nuevas ideas, resultados recientes y, en especial, desaf\u00edos actuales y futuros en la educaci\u00f3n digital. Como temas potenciales, se mencionan algunos como entornos de aprendizaje, realidad virtual y aumentada, miner\u00eda de datos, anal\u00edticas de aprendizaje o herramientas de e-learning y evaluaci\u00f3n autom\u00e1tica.\u00a0<\/p>\n<p style=\"text-align: justify\">La fecha l\u00edmite para la recepci\u00f3n de art\u00edculos es el\u00a0<strong>30 de junio de 2021<\/strong><span>\u00a0<\/span>y el env\u00edo se realiza a trav\u00e9s de la p\u00e1gina web de<span>\u00a0<\/span><a href=\"https:\/\/bit.ly\/3r0p6zJ\" target=\"_blank\" rel=\"noopener\">MDPI<\/a>\u00a0(Multidisciplinary Digital Publishing Institute). Tienes m\u00e1s detalles al respecto en este<span>\u00a0<\/span><a href=\"https:\/\/www.mdpi.com\/journal\/futureinternet\/special_issues\/NC_ELDE\" target=\"_blank\" rel=\"noopener\">enlace<\/a>.\u00a0<\/p>\n<p style=\"text-align: justify\"><span><a href=\"https:\/\/www.mdpi.com\/journal\/futureinternet\" target=\"_blank\" rel=\"noopener\"><strong>Future Internet<\/strong>\u00a0<\/a>(ISSN 1999-5903) es una revista acad\u00e9mica de acceso abierto revisada por pares sobre tecnolog\u00edas de Internet y la sociedad de la informaci\u00f3n, publicada mensualmente en l\u00ednea por MDPI.<\/span><\/p>[\/et_pb_text][\/et_pb_column][\/et_pb_row][\/et_pb_section]\n","protected":false},"excerpt":{"rendered":"<p>(Madrid, 29 de enero de 2021) Miguel Rodr\u00edguez Artacho, miembro de la\u00a0red eMadrid, profesor en la\u00a0UNED\u00a0e integrante del grupo\u00a0G-eLios\u00a0(Grupo de Investigaci\u00f3n en Ingenier\u00eda El\u00e9ctrica y Tecnolog\u00edas Avanzadas en Educaci\u00f3n, Electr\u00f3nica, Control, Computadores, Energ\u00edas Renovables, Sostenibilidad, Movilidad y Comunicaciones), ser\u00e1 el editor del n\u00famero especial de la revista\u00a0&#8216;Future Internet&#8217;: &#8220;Nuevos desaf\u00edos para el e-learning y la [&hellip;]<\/p>\n","protected":false},"author":82,"featured_media":690,"comment_status":"open","ping_status":"open","sticky":false,"template":"","format":"standard","meta":{"_et_pb_use_builder":"on","_et_pb_old_content":"","_et_gb_content_width":"","footnotes":""},"categories":[15],"tags":[],"class_list":["post-688","post","type-post","status-publish","format-standard","has-post-thumbnail","hentry","category-noticias"],"_links":{"self":[{"href":"https:\/\/emadridnet.uc3m.es\/en\/wp-json\/wp\/v2\/posts\/688","targetHints":{"allow":["GET"]}}],"collection":[{"href":"https:\/\/emadridnet.uc3m.es\/en\/wp-json\/wp\/v2\/posts"}],"about":[{"href":"https:\/\/emadridnet.uc3m.es\/en\/wp-json\/wp\/v2\/types\/post"}],"author":[{"embeddable":true,"href":"https:\/\/emadridnet.uc3m.es\/en\/wp-json\/wp\/v2\/users\/82"}],"replies":[{"embeddable":true,"href":"https:\/\/emadridnet.uc3m.es\/en\/wp-json\/wp\/v2\/comments?post=688"}],"version-history":[{"count":3,"href":"https:\/\/emadridnet.uc3m.es\/en\/wp-json\/wp\/v2\/posts\/688\/revisions"}],"predecessor-version":[{"id":958,"href":"https:\/\/emadridnet.uc3m.es\/en\/wp-json\/wp\/v2\/posts\/688\/revisions\/958"}],"wp:featuredmedia":[{"embeddable":true,"href":"https:\/\/emadridnet.uc3m.es\/en\/wp-json\/wp\/v2\/media\/690"}],"wp:attachment":[{"href":"https:\/\/emadridnet.uc3m.es\/en\/wp-json\/wp\/v2\/media?parent=688"}],"wp:term":[{"taxonomy":"category","embeddable":true,"href":"https:\/\/emadridnet.uc3m.es\/en\/wp-json\/wp\/v2\/categories?post=688"},{"taxonomy":"post_tag","embeddable":true,"href":"https:\/\/emadridnet.uc3m.es\/en\/wp-json\/wp\/v2\/tags?post=688"}],"curies":[{"name":"wp","href":"https:\/\/api.w.org\/{rel}","templated":true}]}}