{"id":7089,"date":"2014-06-30T09:42:01","date_gmt":"2014-06-30T09:42:01","guid":{"rendered":"https:\/\/emadridnet.uc3m.es\/?p=7089"},"modified":"2022-03-16T09:42:34","modified_gmt":"2022-03-16T09:42:34","slug":"seminario-explorando-el-espacio-educativo-de-moocs-y-spocs","status":"publish","type":"post","link":"https:\/\/emadridnet.uc3m.es\/en\/2014\/06\/30\/seminario-explorando-el-espacio-educativo-de-moocs-y-spocs\/","title":{"rendered":"Seminario \u201cExplorando el espacio educativo de MOOCs y SPOCs\u201d"},"content":{"rendered":"<p>[et_pb_section fb_built=&#8221;1&#8243; fullwidth=&#8221;on&#8221; admin_label=&#8221;Header&#8221; _builder_version=&#8221;4.9.4&#8243; background_image=&#8221;https:\/\/storage.googleapis.com\/wp-uploads.bucket.wp.uc3m.es\/wp-content\/uploads\/sites\/40\/2021\/06\/02084601\/pexels-julia-m-cameron-4144294.jpg&#8221; parallax=&#8221;on&#8221; custom_padding=&#8221;|||&#8221; animation_style=&#8221;slide&#8221; animation_direction=&#8221;top&#8221; animation_intensity_slide=&#8221;2%&#8221; link_option_url_new_window=&#8221;on&#8221; global_colors_info=&#8221;{}&#8221; theme_builder_area=&#8221;post_content&#8221;][et_pb_fullwidth_header title=&#8221;Seminario de la C\u00e1tedra UNESCO \u00abExplorando el espacio educativo de MOOCs y SPOCs\u00bb&#8221; subhead=&#8221;30 de junio de 2014&#8243; background_overlay_color=&#8221;rgba(255,255,255,0.6)&#8221; content_max_width=&#8221;700px&#8221; content_max_width_tablet=&#8221;100%&#8221; content_max_width_phone=&#8221;&#8221; content_max_width_last_edited=&#8221;on|desktop&#8221; _builder_version=&#8221;4.14.9&#8243; title_font=&#8221;Roboto|300|||||||&#8221; title_font_size=&#8221;60px&#8221; title_line_height=&#8221;1.4em&#8221; content_font=&#8221;||||||||&#8221; content_font_size=&#8221;17px&#8221; content_line_height=&#8221;1.9em&#8221; subhead_font=&#8221;|600|||||||&#8221; subhead_font_size=&#8221;20px&#8221; subhead_line_height=&#8221;1.8em&#8221; background_enable_color=&#8221;off&#8221; background_image=&#8221;https:\/\/storage.googleapis.com\/wp-uploads.bucket.wp.uc3m.es\/wp-content\/uploads\/sites\/40\/2022\/03\/16093516\/figure2-370&#215;190-1.jpg&#8221; background_repeat=&#8221;repeat&#8221; custom_button_one=&#8221;on&#8221; button_one_text_size=&#8221;14px&#8221; button_one_text_color=&#8221;#ffffff&#8221; button_one_bg_color=&#8221;#8300e9&#8243; button_one_bg_color_gradient_start=&#8221;#d883f8&#8243; button_one_bg_color_gradient_end=&#8221;#352DBE&#8221; button_one_bg_color_gradient_direction=&#8221;90deg&#8221; button_one_border_width=&#8221;10px&#8221; button_one_border_color=&#8221;rgba(0,0,0,0)&#8221; button_one_border_radius=&#8221;100px&#8221; button_one_letter_spacing=&#8221;3px&#8221; button_one_font=&#8221;Roboto|700||on|||||&#8221; custom_button_two=&#8221;on&#8221; button_two_text_size=&#8221;14px&#8221; button_two_text_color=&#8221;#ffffff&#8221; button_two_bg_color=&#8221;#06c8ff&#8221; button_two_border_width=&#8221;10px&#8221; button_two_border_color=&#8221;rgba(0,0,0,0)&#8221; button_two_border_radius=&#8221;100px&#8221; button_two_letter_spacing=&#8221;3px&#8221; button_two_font=&#8221;Roboto|700||on|||||&#8221; background_layout=&#8221;light&#8221; custom_margin=&#8221;||||false&#8221; custom_padding=&#8221;12vw||12vw||true&#8221; custom_padding_tablet=&#8221;250px||250px||true&#8221; custom_padding_last_edited=&#8221;off|desktop&#8221; link_option_url_new_window=&#8221;on&#8221; hover_enabled=&#8221;0&#8243; title_font_size_tablet=&#8221;40px&#8221; title_font_size_phone=&#8221;32px&#8221; title_font_size_last_edited=&#8221;on|desktop&#8221; button_one_text_color_hover=&#8221;#ffffff&#8221; button_two_text_color_hover=&#8221;#ffffff&#8221; button_one_letter_spacing_hover=&#8221;3px&#8221; button_two_letter_spacing_hover=&#8221;3px&#8221; global_colors_info=&#8221;{}&#8221; button_one_text_size__hover_enabled=&#8221;off&#8221; button_two_text_size__hover_enabled=&#8221;off&#8221; button_one_text_color__hover_enabled=&#8221;on&#8221; button_one_text_color__hover=&#8221;#ffffff&#8221; button_two_text_color__hover_enabled=&#8221;on&#8221; button_two_text_color__hover=&#8221;#ffffff&#8221; button_one_border_width__hover_enabled=&#8221;off&#8221; button_two_border_width__hover_enabled=&#8221;off&#8221; button_one_border_color__hover_enabled=&#8221;off&#8221; button_two_border_color__hover_enabled=&#8221;off&#8221; button_one_border_radius__hover_enabled=&#8221;off&#8221; button_two_border_radius__hover_enabled=&#8221;off&#8221; button_one_letter_spacing__hover_enabled=&#8221;on&#8221; button_one_letter_spacing__hover=&#8221;3px&#8221; button_two_letter_spacing__hover_enabled=&#8221;on&#8221; button_two_letter_spacing__hover=&#8221;3px&#8221; button_one_bg_color__hover_enabled=&#8221;off&#8221; button_two_bg_color__hover_enabled=&#8221;off&#8221; theme_builder_area=&#8221;post_content&#8221; title_text=&#8221;figure2-370&#215;190&#8243; sticky_enabled=&#8221;0&#8243;][\/et_pb_fullwidth_header][\/et_pb_section][et_pb_section fb_built=&#8221;1&#8243; admin_label=&#8221;conference&#8221; _builder_version=&#8221;3.22&#8243; global_colors_info=&#8221;{}&#8221; theme_builder_area=&#8221;post_content&#8221;][et_pb_row _builder_version=&#8221;4.14.8&#8243; _module_preset=&#8221;default&#8221; global_colors_info=&#8221;{}&#8221; theme_builder_area=&#8221;post_content&#8221;][et_pb_column type=&#8221;4_4&#8243; _builder_version=&#8221;4.14.8&#8243; _module_preset=&#8221;default&#8221; global_colors_info=&#8221;{}&#8221; theme_builder_area=&#8221;post_content&#8221;][et_pb_text _builder_version=&#8221;4.14.9&#8243; _module_preset=&#8221;default&#8221; hover_enabled=&#8221;0&#8243; global_colors_info=&#8221;{}&#8221; theme_builder_area=&#8221;post_content&#8221; sticky_enabled=&#8221;0&#8243;]<\/p>\n<p style=\"text-align: justify\">El pr\u00f3ximo Lunes 30 de Junio se celebrar\u00e1 el segundo seminario de la<span>\u00a0<\/span><a href=\"https:\/\/web.archive.org\/web\/20190702165118\/http:\/\/educate.gast.it.uc3m.es\/\" target=\"_blank\" rel=\"noopener\">C\u00e1tedra UNESCO: Educaci\u00f3n Digital Escalable para Todos<\/a><span>\u00a0<\/span>con el t\u00edtulo &#8220;<em>Explorando el espacio educativo de MOOCs y SPOCs<\/em>&#8220;, el cual tendr\u00e1 lugar en el Campus de Legan\u00e9s de la Universidad Carlos III de Madrid.<\/p>\n<p style=\"text-align: justify\">Los MOOCs (Massive Open Online Courses) han despertado el inter\u00e9s por la tecnolog\u00eda educativa a nivel global al demostrar lo que se es capaz de conseguir al aplicar las tecnolog\u00edas de internet a la educaci\u00f3n. Pero esas mismas tecnolog\u00edas se pueden utilizar con distintos prop\u00f3sitos que los que preconizan estrictamente los MOOCs. Un ejemplo son los SPOCs (Small Private Online Courses), en los que el \u00e1mbito es privado y el n\u00famero de estudiantes reducido. En definitiva, el fen\u00f3meno MOOC no ha hecho m\u00e1s que encender la llama para muchas otras interesantes aplicaciones de TIC a la educaci\u00f3n. En el presente seminario, se pretende explorar ese espacio de tecnolog\u00eda educativa en el que se incluyen MOOCs y SPOCs, analizando las nuevas oportunidades que se abren ante nosotros.<\/p>\n<p style=\"text-align: justify\">M\u00e1s informaci\u00f3n:<span>\u00a0<\/span><a href=\"https:\/\/web.archive.org\/web\/20190702165118\/http:\/\/educate.gast.it.uc3m.es\/eventos\/seminario2014-2\/\">http:\/\/educate.gast.it.uc3m.es\/eventos\/seminario2014-2\/<\/a><\/p>\n<p>[\/et_pb_text][\/et_pb_column][\/et_pb_row][\/et_pb_section][et_pb_section fb_built=&#8221;1&#8243; admin_label=&#8221;Speakers&#8221; _builder_version=&#8221;3.22&#8243; background_image=&#8221;https:\/\/emadridnet.uc3m.es\/wp-content\/uploads\/sites\/40\/2021\/05\/bg-4.png&#8221; background_size=&#8221;initial&#8221; background_position=&#8221;top_left&#8221; custom_padding=&#8221;|||&#8221; global_colors_info=&#8221;{}&#8221; theme_builder_area=&#8221;post_content&#8221;][et_pb_row _builder_version=&#8221;4.9.4&#8243; _module_preset=&#8221;default&#8221; global_colors_info=&#8221;{}&#8221; theme_builder_area=&#8221;post_content&#8221;][et_pb_column type=&#8221;4_4&#8243; _builder_version=&#8221;4.9.4&#8243; _module_preset=&#8221;default&#8221; global_colors_info=&#8221;{}&#8221; theme_builder_area=&#8221;post_content&#8221;][et_pb_code _builder_version=&#8221;4.9.4&#8243; _module_preset=&#8221;default&#8221; global_colors_info=&#8221;{}&#8221; theme_builder_area=&#8221;post_content&#8221;][\/et_pb_code][et_pb_divider _builder_version=&#8221;4.11.4&#8243; _module_preset=&#8221;default&#8221; global_colors_info=&#8221;{}&#8221; theme_builder_area=&#8221;post_content&#8221;][\/et_pb_divider][et_pb_text _builder_version=&#8221;4.11.4&#8243; _module_preset=&#8221;default&#8221; global_colors_info=&#8221;{}&#8221; theme_builder_area=&#8221;post_content&#8221;]<\/p>\n<h2 style=\"text-align: justify\"><span class=\"im\"><span>Informaci\u00f3n b\u00e1sica sobre protecci\u00f3n de datos<\/span><\/span><\/h2>\n<p style=\"text-align: justify\">RESPONSABLE DEL TRATAMIENTO. Universidad Carlos III de Madrid.<\/p>\n<p style=\"text-align: justify\">IDENTIFICACI\u00d3N DEL TRATAMIENTO. Jornadas y conferencias.<\/p>\n<p style=\"text-align: justify\">FINALIDAD. Organizar y desarrollar jornadas, conferencias, ponencias y otras actividades similares. Gesti\u00f3n de las inscripciones y, en su caso, cobros, comunicaci\u00f3n y promoci\u00f3n y difusi\u00f3n de dichas actividades.<\/p>\n<p style=\"text-align: justify\">EJERCICIO DE DERECHOS. Podr\u00e1 ejercer sus derechos de acceso, rectificaci\u00f3n, supresi\u00f3n, limitaci\u00f3n, portabilidad y oposici\u00f3n a su tratamiento, mediante el env\u00edo de un correo a la siguiente direcci\u00f3n:<span>\u00a0<\/span><a href=\"mailto:dpd@uc3m.es\" target=\"_blank\" rel=\"noopener noreferrer\"><span>dpd@uc3m.es<\/span><\/a><\/p>\n<p style=\"text-align: justify\"><span>INFORMACI\u00d3N ADICIONAL. Puede consultar la informaci\u00f3n adicional y detallada sobre nuestra Pol\u00edtica de Privacidad en\u00a0<\/span><a href=\"https:\/\/www.uc3m.es\/protecciondedatos\" target=\"_blank\" rel=\"noopener noreferrer\"><span>https:\/\/www.uc3m.es\/protecciondedatos<\/span><\/a><\/p>\n<p>[\/et_pb_text][\/et_pb_column][\/et_pb_row][\/et_pb_section]<\/p>\n","protected":false},"excerpt":{"rendered":"<p>El pr\u00f3ximo Lunes 30 de Junio se celebrar\u00e1 el segundo seminario de la\u00a0C\u00e1tedra UNESCO: Educaci\u00f3n Digital Escalable para Todos\u00a0con el t\u00edtulo &#8220;Explorando el espacio educativo de MOOCs y SPOCs&#8221;, el cual tendr\u00e1 lugar en el Campus de Legan\u00e9s de la Universidad Carlos III de Madrid. Los MOOCs (Massive Open Online Courses) han despertado el inter\u00e9s [&hellip;]<\/p>\n","protected":false},"author":82,"featured_media":7090,"comment_status":"closed","ping_status":"open","sticky":false,"template":"","format":"standard","meta":{"_et_pb_use_builder":"on","_et_pb_old_content":"","_et_gb_content_width":"","footnotes":""},"categories":[6,4],"tags":[],"class_list":["post-7089","post","type-post","status-publish","format-standard","has-post-thumbnail","hentry","category-eventos","category-inicio"],"_links":{"self":[{"href":"https:\/\/emadridnet.uc3m.es\/en\/wp-json\/wp\/v2\/posts\/7089","targetHints":{"allow":["GET"]}}],"collection":[{"href":"https:\/\/emadridnet.uc3m.es\/en\/wp-json\/wp\/v2\/posts"}],"about":[{"href":"https:\/\/emadridnet.uc3m.es\/en\/wp-json\/wp\/v2\/types\/post"}],"author":[{"embeddable":true,"href":"https:\/\/emadridnet.uc3m.es\/en\/wp-json\/wp\/v2\/users\/82"}],"replies":[{"embeddable":true,"href":"https:\/\/emadridnet.uc3m.es\/en\/wp-json\/wp\/v2\/comments?post=7089"}],"version-history":[{"count":2,"href":"https:\/\/emadridnet.uc3m.es\/en\/wp-json\/wp\/v2\/posts\/7089\/revisions"}],"predecessor-version":[{"id":7094,"href":"https:\/\/emadridnet.uc3m.es\/en\/wp-json\/wp\/v2\/posts\/7089\/revisions\/7094"}],"wp:featuredmedia":[{"embeddable":true,"href":"https:\/\/emadridnet.uc3m.es\/en\/wp-json\/wp\/v2\/media\/7090"}],"wp:attachment":[{"href":"https:\/\/emadridnet.uc3m.es\/en\/wp-json\/wp\/v2\/media?parent=7089"}],"wp:term":[{"taxonomy":"category","embeddable":true,"href":"https:\/\/emadridnet.uc3m.es\/en\/wp-json\/wp\/v2\/categories?post=7089"},{"taxonomy":"post_tag","embeddable":true,"href":"https:\/\/emadridnet.uc3m.es\/en\/wp-json\/wp\/v2\/tags?post=7089"}],"curies":[{"name":"wp","href":"https:\/\/api.w.org\/{rel}","templated":true}]}}