{"id":742,"date":"2021-11-11T23:44:54","date_gmt":"2021-11-11T23:44:54","guid":{"rendered":"https:\/\/emadridnet.uc3m.es\/?p=742"},"modified":"2022-11-14T09:02:38","modified_gmt":"2022-11-14T09:02:38","slug":"comites","status":"publish","type":"post","link":"https:\/\/emadridnet.uc3m.es\/en\/2021\/11\/11\/comites\/","title":{"rendered":"Comit\u00e9s"},"content":{"rendered":"<p>[et_pb_section fb_built=&#8221;1&#8243; fullwidth=&#8221;on&#8221; admin_label=&#8221;Header&#8221; _builder_version=&#8221;4.16&#8243; background_image=&#8221;https:\/\/storage.googleapis.com\/wp-uploads.bucket.wp.uc3m.es\/wp-content\/uploads\/sites\/40\/2021\/06\/02084601\/pexels-julia-m-cameron-4144294.jpg&#8221; parallax=&#8221;on&#8221; custom_padding=&#8221;|||&#8221; animation_style=&#8221;slide&#8221; animation_direction=&#8221;top&#8221; animation_intensity_slide=&#8221;2%&#8221; link_option_url_new_window=&#8221;on&#8221; global_colors_info=&#8221;{}&#8221;][et_pb_fullwidth_header title=&#8221;Comit\u00e9s&#8221; button_one_url=&#8221;https:\/\/docs.google.com\/forms\/d\/e\/1FAIpQLSelJDv1KKVh6radHnahAkDmbmP__0i2QoT7NpRRfeKDNXCCNQ\/viewform&#8221; background_overlay_color=&#8221;rgba(255,255,255,0.6)&#8221; content_max_width=&#8221;700px&#8221; content_max_width_tablet=&#8221;100%&#8221; content_max_width_phone=&#8221;&#8221; content_max_width_last_edited=&#8221;on|desktop&#8221; _builder_version=&#8221;4.16&#8243; title_font=&#8221;Roboto|300|||||||&#8221; title_font_size=&#8221;60px&#8221; title_line_height=&#8221;1.4em&#8221; content_font=&#8221;||||||||&#8221; content_font_size=&#8221;17px&#8221; content_line_height=&#8221;1.9em&#8221; subhead_font=&#8221;|600|||||||&#8221; subhead_font_size=&#8221;20px&#8221; subhead_line_height=&#8221;1.8em&#8221; background_color=&#8221;rgba(76,76,76,0.3)&#8221; background_image=&#8221;https:\/\/storage.googleapis.com\/wp-uploads.bucket.wp.uc3m.es\/wp-content\/uploads\/sites\/40\/2021\/11\/10111511\/job-ge5d9ac998_1280.jpg&#8221; custom_button_one=&#8221;on&#8221; button_one_text_size=&#8221;14px&#8221; button_one_text_color=&#8221;#ffffff&#8221; button_one_bg_color=&#8221;#8300e9&#8243; button_one_bg_color_gradient_direction=&#8221;90deg&#8221; button_one_bg_color_gradient_stops=&#8221;#d883f8 0%|#352DBE 100%&#8221; button_one_bg_color_gradient_start=&#8221;#d883f8&#8243; button_one_bg_color_gradient_end=&#8221;#352DBE&#8221; button_one_border_width=&#8221;10px&#8221; button_one_border_color=&#8221;rgba(0,0,0,0)&#8221; button_one_border_radius=&#8221;100px&#8221; button_one_letter_spacing=&#8221;3px&#8221; button_one_font=&#8221;Roboto|700||on|||||&#8221; custom_button_two=&#8221;on&#8221; button_two_text_size=&#8221;14px&#8221; button_two_text_color=&#8221;#ffffff&#8221; button_two_bg_color=&#8221;#06c8ff&#8221; button_two_border_width=&#8221;10px&#8221; button_two_border_color=&#8221;rgba(0,0,0,0)&#8221; button_two_border_radius=&#8221;100px&#8221; button_two_letter_spacing=&#8221;3px&#8221; button_two_font=&#8221;Roboto|700||on|||||&#8221; background_layout=&#8221;light&#8221; custom_margin=&#8221;||||false&#8221; custom_padding=&#8221;12vw||12vw||true&#8221; custom_padding_tablet=&#8221;250px||250px||true&#8221; custom_padding_last_edited=&#8221;off|desktop&#8221; title_font_size_tablet=&#8221;40px&#8221; title_font_size_phone=&#8221;32px&#8221; title_font_size_last_edited=&#8221;on|desktop&#8221; button_one_text_color_hover=&#8221;#ffffff&#8221; button_two_text_color_hover=&#8221;#ffffff&#8221; button_one_letter_spacing_hover=&#8221;3px&#8221; button_two_letter_spacing_hover=&#8221;3px&#8221; global_colors_info=&#8221;{}&#8221; button_one_text_size__hover_enabled=&#8221;off&#8221; button_two_text_size__hover_enabled=&#8221;off&#8221; button_one_text_color__hover_enabled=&#8221;on&#8221; button_one_text_color__hover=&#8221;#ffffff&#8221; button_two_text_color__hover_enabled=&#8221;on&#8221; button_two_text_color__hover=&#8221;#ffffff&#8221; button_one_border_width__hover_enabled=&#8221;off&#8221; button_two_border_width__hover_enabled=&#8221;off&#8221; button_one_border_color__hover_enabled=&#8221;off&#8221; button_two_border_color__hover_enabled=&#8221;off&#8221; button_one_border_radius__hover_enabled=&#8221;off&#8221; button_two_border_radius__hover_enabled=&#8221;off&#8221; button_one_letter_spacing__hover_enabled=&#8221;on&#8221; button_one_letter_spacing__hover=&#8221;3px&#8221; button_two_letter_spacing__hover_enabled=&#8221;on&#8221; button_two_letter_spacing__hover=&#8221;3px&#8221; button_one_bg_color__hover_enabled=&#8221;off&#8221; button_two_bg_color__hover_enabled=&#8221;off&#8221;][\/et_pb_fullwidth_header][\/et_pb_section][et_pb_section fb_built=&#8221;1&#8243; admin_label=&#8221;Schedule&#8221; _builder_version=&#8221;4.16&#8243; max_width_tablet=&#8221;&#8221; max_width_phone=&#8221;100%&#8221; max_width_last_edited=&#8221;on|phone&#8221; min_height=&#8221;1028.3px&#8221; custom_margin=&#8221;|||&#8221; custom_padding=&#8221;54px|0px|0px|0px|false|false&#8221; global_colors_info=&#8221;{}&#8221;][et_pb_row _builder_version=&#8221;4.16&#8243; _module_preset=&#8221;default&#8221; global_colors_info=&#8221;{}&#8221;][et_pb_column type=&#8221;4_4&#8243; _builder_version=&#8221;4.16&#8243; _module_preset=&#8221;default&#8221; global_colors_info=&#8221;{}&#8221;][et_pb_text _builder_version=&#8221;4.16&#8243; _module_preset=&#8221;default&#8221; global_colors_info=&#8221;{}&#8221;]<\/p>\n<h2>Comit\u00e9 de gesti\u00f3n<\/h2>\n<p>[\/et_pb_text][\/et_pb_column][\/et_pb_row][et_pb_row _builder_version=&#8221;4.16&#8243; _module_preset=&#8221;default&#8221; global_colors_info=&#8221;{}&#8221;][et_pb_column type=&#8221;4_4&#8243; _builder_version=&#8221;4.16&#8243; _module_preset=&#8221;default&#8221; global_colors_info=&#8221;{}&#8221;][et_pb_text _builder_version=&#8221;4.16&#8243; _module_preset=&#8221;default&#8221; global_colors_info=&#8221;{}&#8221;]<\/p>\n<ul>\n<li>\n<h3><a title=\"UC3M\" href=\"http:\/\/www.uc3m.es\/\" target=\"_blank\" rel=\"noopener\">Universidad Carlos III de Madrid<\/a><\/h3>\n<\/li>\n<\/ul>\n<p>[\/et_pb_text][\/et_pb_column][\/et_pb_row][et_pb_row column_structure=&#8221;1_3,2_3&#8243; _builder_version=&#8221;4.16&#8243; _module_preset=&#8221;default&#8221; global_colors_info=&#8221;{}&#8221;][et_pb_column type=&#8221;1_3&#8243; _builder_version=&#8221;4.16&#8243; _module_preset=&#8221;default&#8221; global_colors_info=&#8221;{}&#8221;][et_pb_image src=&#8221;https:\/\/storage.googleapis.com\/wp-uploads.bucket.wp.uc3m.es\/wp-content\/uploads\/sites\/40\/2021\/11\/10111803\/1371212474099.jpg&#8221; title_text=&#8221;1371212474099&#8243; _builder_version=&#8221;4.16&#8243; _module_preset=&#8221;default&#8221; global_colors_info=&#8221;{}&#8221;][\/et_pb_image][\/et_pb_column][et_pb_column type=&#8221;2_3&#8243; _builder_version=&#8221;4.16&#8243; _module_preset=&#8221;default&#8221; global_colors_info=&#8221;{}&#8221;][et_pb_text _builder_version=&#8221;4.16&#8243; _module_preset=&#8221;default&#8221; global_colors_info=&#8221;{}&#8221;]<\/p>\n<p style=\"text-align: justify\"><strong>Carlos Delgado Kloos<\/strong> es Ingeniero de Telecomunicaci\u00f3n por la Universidad Polit\u00e9cnica de Madrid (UPM) y Doctor en Inform\u00e1tica por la Universidad T\u00e9cnica de M\u00fanich. Desde 1996 es Catedr\u00e1tico de Ingenier\u00eda Telem\u00e1tica en la Universidad Carlos III de Madrid. Adem\u00e1s en la actualidad es Vicerrector de Estrategia y Educaci\u00f3n Digital. Su inter\u00e9s principal en la actualidad se centra en la tecnolog\u00eda educativa. Ha liderado m\u00e1s de 20 proyectos de investigaci\u00f3n tanto a nivel europeo (Esprit, IST, @LIS, eContentPlus), como nacional y bilateral (Espa\u00f1a-Alemania y Espa\u00f1a-Francia). Entre ellos cabe destacar que ha actuado como coordinador del proyecto E-LANE sobre e-learning, financiado por la Uni\u00f3n Europea y que ha sido miembro del Consejo de Direcci\u00f3n del Consorcio .LRN &lt;<a href=\"http:\/\/www.dotlrn.org\" target=\"_blank\" rel=\"noopener\">www.dotlrn.org<\/a>&gt;, una plataforma educativa de c\u00f3digo abierto. Ha publicado m\u00e1s de 200 art\u00edculos cient\u00edficos en congresos y revistas nacionales e internacionales. Adem\u00e1s ha escrito un libro y co-editado otros cinco. Ha ocupado y ocupa m\u00faltiples cargos a nivel nacional e internacional. En relaci\u00f3n con el e-learning cabe destacar que es el representante espa\u00f1ol en el comit\u00e9 TC3 sobre educaci\u00f3n de IFIP. Ha sido miembro de comit\u00e9s de programa de m\u00e1s de 100 congresos, entre los que cabe resaltar la vicepresidencia del Comit\u00e9 de Programa del Congreso Mundial de Inform\u00e1tica de IFIP en el a\u2013o 1992 y la presidencia del Comit\u00e9 de Programa de DATE 2002, Telecom I+D 2003, EduTech2004 y EUNICE2005. Adem\u00e1s ha sido revisor para varias revistas y programas de investigaci\u00f3n (a nivel nacional, europeo e intercontinental).<\/p>\n<p>[\/et_pb_text][\/et_pb_column][\/et_pb_row][et_pb_row column_structure=&#8221;1_3,2_3&#8243; _builder_version=&#8221;4.16&#8243; _module_preset=&#8221;default&#8221; global_colors_info=&#8221;{}&#8221;][et_pb_column type=&#8221;1_3&#8243; _builder_version=&#8221;4.16&#8243; _module_preset=&#8221;default&#8221; global_colors_info=&#8221;{}&#8221;][et_pb_image src=&#8221;https:\/\/storage.googleapis.com\/wp-uploads.bucket.wp.uc3m.es\/wp-content\/uploads\/sites\/40\/2021\/11\/05103843\/foto_Pedro.jpg&#8221; title_text=&#8221;foto_Pedro&#8221; _builder_version=&#8221;4.16&#8243; _module_preset=&#8221;default&#8221; global_colors_info=&#8221;{}&#8221;][\/et_pb_image][\/et_pb_column][et_pb_column type=&#8221;2_3&#8243; _builder_version=&#8221;4.16&#8243; _module_preset=&#8221;default&#8221; global_colors_info=&#8221;{}&#8221;][et_pb_text _builder_version=&#8221;4.16&#8243; _module_preset=&#8221;default&#8221; global_colors_info=&#8221;{}&#8221;]<\/p>\n<p style=\"text-align: justify\"><strong>Pedro J. Mu\u00f1oz-Merino<\/strong> es Profesor Titular de la Universidad Carlos III de Madrid. En 2003 se licenci\u00f3 en Ingenier\u00eda de Telecomunicaci\u00f3n por la Universidad Polit\u00e9cnica de Valencia y en 2009 se doctor\u00f3 en Ingenier\u00eda Telem\u00e1tica por la Universidad Carlos III de Madrid. Obtuvo su acreditaci\u00f3n en 2020 como Catedr\u00e1tico por la agencia ANECA del Ministerio de Educaci\u00f3n de Espa\u00f1a. Ha sido el coordinador del proyecto LALA, un proyecto financiado por la Comisi\u00f3n Europea para la adopci\u00f3n de anal\u00edticas de aprendizaje en Am\u00e9rica Latina. Tambi\u00e9n ha participado en m\u00e1s de 40 proyectos de investigaci\u00f3n a nivel internacional y nacional, incluyendo tambi\u00e9n varios contratos con empresas, siendo Investigador Principal en varios de ellos relacionados con anal\u00edtica de aprendizaje, miner\u00eda de datos educativos y sistemas adaptativos. Es coautor de m\u00e1s de 150 publicaciones cient\u00edficas, incluidas m\u00e1s de 50 en revistas indexadas en el JCR. Adem\u00e1s, ha coordinado el desarrollo y despliegue de diferentes herramientas de anal\u00edtica de aprendizaje. Tambi\u00e9n es miembro senior de IEEE desde 2015. Sus habilidades y experiencia incluyen investigaci\u00f3n y desarrollo en anal\u00edtica de aprendizaje, miner\u00eda de datos educativos, evaluaci\u00f3n de experiencias de aprendizaje, estudios de usuarios, gamificaci\u00f3n o sistemas de tutor\u00eda inteligente. Pueden contactar con \u00e9l a trav\u00e9s de su cuenta de Twitter @pedmume<\/p>\n<p>[\/et_pb_text][\/et_pb_column][\/et_pb_row][et_pb_row _builder_version=&#8221;4.16&#8243; _module_preset=&#8221;default&#8221; global_colors_info=&#8221;{}&#8221;][et_pb_column type=&#8221;4_4&#8243; _builder_version=&#8221;4.16&#8243; _module_preset=&#8221;default&#8221; global_colors_info=&#8221;{}&#8221;][et_pb_text _builder_version=&#8221;4.16&#8243; _module_preset=&#8221;default&#8221; global_colors_info=&#8221;{}&#8221;]<\/p>\n<ul>\n<li>\n<h3><a href=\"http:\/\/www.uam.es\/\" target=\"_blank\" rel=\"noopener\">Universidad Aut\u00f3noma de Madrid<\/a><\/h3>\n<\/li>\n<\/ul>\n<p>[\/et_pb_text][\/et_pb_column][\/et_pb_row][et_pb_row column_structure=&#8221;1_3,2_3&#8243; _builder_version=&#8221;4.16&#8243; _module_preset=&#8221;default&#8221; global_colors_info=&#8221;{}&#8221;][et_pb_column type=&#8221;1_3&#8243; _builder_version=&#8221;4.16&#8243; _module_preset=&#8221;default&#8221; global_colors_info=&#8221;{}&#8221;][et_pb_image src=&#8221;https:\/\/storage.googleapis.com\/wp-uploads.bucket.wp.uc3m.es\/wp-content\/uploads\/sites\/40\/2022\/03\/31065900\/5014011.jpg&#8221; title_text=&#8221;5014011&#8243; force_fullwidth=&#8221;on&#8221; _builder_version=&#8221;4.16&#8243; _module_preset=&#8221;default&#8221; global_colors_info=&#8221;{}&#8221;][\/et_pb_image][\/et_pb_column][et_pb_column type=&#8221;2_3&#8243; _builder_version=&#8221;4.16&#8243; _module_preset=&#8221;default&#8221; global_colors_info=&#8221;{}&#8221;][et_pb_text _builder_version=&#8221;4.16&#8243; _module_preset=&#8221;default&#8221; global_colors_info=&#8221;{}&#8221;]<\/p>\n<p style=\"text-align: justify\"><strong>Pilar Rodr\u00edguez<\/strong><span>\u00a0es doctora en CC. F\u00edsicas por la Universidad Complutense de Madrid, donde se licenci\u00f3 con anterioridad (especialidad de C\u00e1lculo Autom\u00e1tico). Se incorpor\u00f3 a IBM como investigadora en el Centro Cient\u00edfico UAM-IBM y, posteriormente, en el Instituto de Ingenier\u00eda del Conocimiento (IIC). En la actualidad es profesora titular en el departamento de Ingenier\u00eda Inform\u00e1tica de la Universidad Aut\u00f3noma de Madrid (UAM) y miembro del grupo de investigaci\u00f3n\u00a0<\/span><a href=\"http:\/\/vghia.ii.uam.es\/ghia\/\" target=\"_blank\" rel=\"noopener\">GHIA<\/a><span>\u00a0de dicha universidad. Sus principales \u00e1reas de investigaci\u00f3n son las arquitecturas e-learning, los sistemas adaptativos educativos, tanto en entornos individuales como colaborativos, y el modelado de usuario.<\/span><\/p>\n<p>[\/et_pb_text][\/et_pb_column][\/et_pb_row][et_pb_row column_structure=&#8221;1_3,2_3&#8243; _builder_version=&#8221;4.16&#8243; _module_preset=&#8221;default&#8221; global_colors_info=&#8221;{}&#8221;][et_pb_column type=&#8221;1_3&#8243; _builder_version=&#8221;4.16&#8243; _module_preset=&#8221;default&#8221; global_colors_info=&#8221;{}&#8221;][et_pb_image src=&#8221;https:\/\/storage.googleapis.com\/wp-uploads.bucket.wp.uc3m.es\/wp-content\/uploads\/sites\/40\/2022\/02\/09084221\/RuthCobos21-scaled.jpg&#8221; title_text=&#8221;RuthCobos21&#8243; _builder_version=&#8221;4.16&#8243; _module_preset=&#8221;default&#8221; global_colors_info=&#8221;{}&#8221;][\/et_pb_image][\/et_pb_column][et_pb_column type=&#8221;2_3&#8243; _builder_version=&#8221;4.16&#8243; _module_preset=&#8221;default&#8221; global_colors_info=&#8221;{}&#8221;][et_pb_text _builder_version=&#8221;4.16&#8243; _module_preset=&#8221;default&#8221; global_colors_info=&#8221;{}&#8221;]<\/p>\n<p style=\"text-align: justify\"><strong>Ruth Cobos<\/strong><span>\u00a0<\/span>es profesora en el Departamento de Ingenier\u00eda Inform\u00e1tica de la Universidad Aut\u00f3noma de Madrid (UAM), e investigadora en el Grupo de Herramientas Interactivas y Aplicaciones (GHIA). Es Ingeniera Inform\u00e1tica desde 1998 y Doctora Ingeniera Inform\u00e1tica desde 2003 por la UAM. Ha realizado tres estancias postdoctorales (en total 18 meses, 2004-2006) en la Universidad T\u00e9cnica de Munich (TUM). Ha participado y dirigido proyectos de investigaci\u00f3n en las \u00e1reas de Trabajo Colaborativo asistido por Ordenador, Social Media, Educaci\u00f3n, e-Learning, Blended Learning, MOOCs and SPOCs. En la actualidad es Delegada del Rector para Tecnolog\u00edas de la Educaci\u00f3n de la UAM.<span>\u00a0<\/span><\/p>\n<p style=\"text-align: justify\"><a href=\"http:\/\/arantxa.ii.uam.es\/~rcobos\/\" target=\"_blank\" rel=\"noopener\">Acceder a su web personal<\/a><\/p>\n<p>[\/et_pb_text][\/et_pb_column][\/et_pb_row][et_pb_row _builder_version=&#8221;4.16&#8243; _module_preset=&#8221;default&#8221; global_colors_info=&#8221;{}&#8221;][et_pb_column type=&#8221;4_4&#8243; _builder_version=&#8221;4.16&#8243; _module_preset=&#8221;default&#8221; global_colors_info=&#8221;{}&#8221;][et_pb_text _builder_version=&#8221;4.16&#8243; _module_preset=&#8221;default&#8221; global_colors_info=&#8221;{}&#8221;]<\/p>\n<ul>\n<li>\n<h3><a title=\"UCM\" href=\"http:\/\/www.ucm.es\/\">Universidad Complutense de Madrid<\/a><\/h3>\n<\/li>\n<\/ul>\n<p>[\/et_pb_text][\/et_pb_column][\/et_pb_row][et_pb_row column_structure=&#8221;1_3,2_3&#8243; _builder_version=&#8221;4.16&#8243; _module_preset=&#8221;default&#8221; global_colors_info=&#8221;{}&#8221;][et_pb_column type=&#8221;1_3&#8243; _builder_version=&#8221;4.16&#8243; _module_preset=&#8221;default&#8221; global_colors_info=&#8221;{}&#8221;][et_pb_image src=&#8221;https:\/\/storage.googleapis.com\/wp-uploads.bucket.wp.uc3m.es\/wp-content\/uploads\/sites\/40\/2022\/02\/08104554\/unnamed.png&#8221; title_text=&#8221;balta&#8221; _builder_version=&#8221;4.16&#8243; _module_preset=&#8221;default&#8221; global_colors_info=&#8221;{}&#8221;][\/et_pb_image][\/et_pb_column][et_pb_column type=&#8221;2_3&#8243; _builder_version=&#8221;4.16&#8243; _module_preset=&#8221;default&#8221; global_colors_info=&#8221;{}&#8221;][et_pb_text _builder_version=&#8221;4.16&#8243; _module_preset=&#8221;default&#8221; global_colors_info=&#8221;{}&#8221;]<\/p>\n<p style=\"text-align: justify\"><b>Baltasar Fern\u00e1ndez-Manj\u00f3n<\/b><span style=\"font-weight: 400\"> es Catedr\u00e1tico de Universidad en la Facultad de Inform\u00e1tica de la Universidad Complutense de Madrid (UCM) y profesor de Juegos Serios. Es doctor en Ciencias F\u00edsicas (especialidad de C\u00e1lculo Autom\u00e1tico) por la UCM. Actualmente es director del grupo de investigaci\u00f3n en e-learning e-UCM y el director de la C\u00e1tedra Telef\u00f3nica-Complutense en Educaci\u00f3n Digital y Juegos Serios. Sus l\u00edneas de investigaci\u00f3n principales son las tecnolog\u00edas para e-learning, los est\u00e1ndares educativos y las aplicaciones de los juegos y simulaciones educativas (o serious games), temas sobre los que ha publicado mas de 200 art\u00edculos en revistas y congresos internacionales y ha dirigido o co-digirido 13 tesis doctorales. Previamente ha sido Vicedecano de Investigaci\u00f3n en la Fac de Inform\u00e1tica (UCM) y director acad\u00e9mico de los estudios de inform\u00e1tica en el CES Felipe II de Aranjuez. Durante 2010-2011 fue Visiting Associate Professor en Harvard University y Visiting Scientist en el Massachusetts General Hospital en Boston (USA). Dr. Fern\u00e1ndez Manj\u00f3n es IEEE Senior Member. Ha participado en numerosos proyectos europeos de investigaci\u00f3n en diversos programas (FP7, LLP) entre los que destacan los dos proyectos H2020 de mayor financiaci\u00f3n sobre juegos serios y anal\u00edticas de aprendizaje (RAGE y BEACONING). Actualmente est\u00e1 trabajando en juegos para mejorar la ense\u00f1anza de la programaci\u00f3n en los colegios y para concienciar en una mayor igualdad de g\u00e9nero.<\/span><\/p>\n<p>[\/et_pb_text][\/et_pb_column][\/et_pb_row][et_pb_row column_structure=&#8221;1_3,2_3&#8243; _builder_version=&#8221;4.16&#8243; _module_preset=&#8221;default&#8221; global_colors_info=&#8221;{}&#8221;][et_pb_column type=&#8221;1_3&#8243; _builder_version=&#8221;4.16&#8243; _module_preset=&#8221;default&#8221; global_colors_info=&#8221;{}&#8221;][et_pb_image src=&#8221;https:\/\/storage.googleapis.com\/wp-uploads.bucket.wp.uc3m.es\/wp-content\/uploads\/sites\/40\/2021\/11\/10112801\/descarga-4.jpg&#8221; title_text=&#8221;descarga (4)&#8221; _builder_version=&#8221;4.16&#8243; _module_preset=&#8221;default&#8221; global_colors_info=&#8221;{}&#8221;][\/et_pb_image][\/et_pb_column][et_pb_column type=&#8221;2_3&#8243; _builder_version=&#8221;4.16&#8243; _module_preset=&#8221;default&#8221; global_colors_info=&#8221;{}&#8221;][et_pb_text _builder_version=&#8221;4.16&#8243; _module_preset=&#8221;default&#8221; global_colors_info=&#8221;{}&#8221;]<\/p>\n<p style=\"text-align: justify\"><strong>Manuel Freire<\/strong><span>\u00a0es Doctor en Ingenier\u00eda Inform\u00e1tica por la\u00a0 Universidad Aut\u00f3noma de Madrid (UAM). Sus intereses se centran en la visualizaci\u00f3n de informaci\u00f3n, la interacci\u00f3n persona-ordenador, el aprendizaje online y los juegos serios. En 2008, realiz\u00f3 una estancia postdoctoral Fulbright en el laboratorio HCIL de la Universidad de Maryland, EEUU. En 2010, entr\u00f3 en el grupo\u00a0 e-UCM de la Universidad Complutense de Madrid (UCM), donde, desde 2013, es Profesor Contratado Doctor.<\/span><\/p>\n<p>[\/et_pb_text][\/et_pb_column][\/et_pb_row][et_pb_row _builder_version=&#8221;4.16&#8243; _module_preset=&#8221;default&#8221; global_colors_info=&#8221;{}&#8221;][et_pb_column type=&#8221;4_4&#8243; _builder_version=&#8221;4.16&#8243; _module_preset=&#8221;default&#8221; global_colors_info=&#8221;{}&#8221;][et_pb_text _builder_version=&#8221;4.16&#8243; _module_preset=&#8221;default&#8221; global_colors_info=&#8221;{}&#8221;]<\/p>\n<ul>\n<li>\n<h3><a href=\"http:\/\/www.uned.es\/\" target=\"_blank\" rel=\"noopener\">Universidad Nacional de Educaci\u00f3n a Distancia<\/a><\/h3>\n<\/li>\n<\/ul>\n<p>[\/et_pb_text][\/et_pb_column][\/et_pb_row][et_pb_row column_structure=&#8221;1_3,2_3&#8243; _builder_version=&#8221;4.16&#8243; _module_preset=&#8221;default&#8221; global_colors_info=&#8221;{}&#8221;][et_pb_column type=&#8221;1_3&#8243; _builder_version=&#8221;4.16&#8243; _module_preset=&#8221;default&#8221; global_colors_info=&#8221;{}&#8221;][et_pb_image src=&#8221;https:\/\/storage.googleapis.com\/wp-uploads.bucket.wp.uc3m.es\/wp-content\/uploads\/sites\/40\/2021\/11\/18073411\/miguel-emadrid-1.jpg&#8221; title_text=&#8221;miguel-emadrid (1)&#8221; force_fullwidth=&#8221;on&#8221; _builder_version=&#8221;4.16&#8243; _module_preset=&#8221;default&#8221; global_colors_info=&#8221;{}&#8221;][\/et_pb_image][\/et_pb_column][et_pb_column type=&#8221;2_3&#8243; _builder_version=&#8221;4.16&#8243; _module_preset=&#8221;default&#8221; global_colors_info=&#8221;{}&#8221;][et_pb_text _builder_version=&#8221;4.16&#8243; _module_preset=&#8221;default&#8221; global_colors_info=&#8221;{}&#8221;]<\/p>\n<p style=\"text-align: justify\"><b><span>Miguel Rodr\u00edguez Artacho\u00a0<\/span><\/b><span>\u00a0es Profesor Titular en el departamento de Lenguajes y Sistemas Inform\u00e1ticos de la UNED. \u00a0Su investigaci\u00f3n se centra en el desarrollo de especificaciones de contenido para modelar los procesos de aprendizaje individual y colaborativo, as\u00ed como recursos y herramientas de aprendizaje. Participa en grupos de estandarizaci\u00f3n de tecnolog\u00edas educativas como CEN-TC353 y AENOR SC36 donde es secretario t\u00e9cnico. Ha sido profesor visitante de la Universidad TELUQ en Montreal (Canad\u00e1) en 2015 y Ateneo de Manila (Filipinas) en 2017.<\/span><\/p>\n<p>[\/et_pb_text][\/et_pb_column][\/et_pb_row][et_pb_row column_structure=&#8221;1_3,2_3&#8243; _builder_version=&#8221;4.16&#8243; _module_preset=&#8221;default&#8221; global_colors_info=&#8221;{}&#8221;][et_pb_column type=&#8221;1_3&#8243; _builder_version=&#8221;4.16&#8243; _module_preset=&#8221;default&#8221; global_colors_info=&#8221;{}&#8221;][et_pb_image src=&#8221;https:\/\/storage.googleapis.com\/wp-uploads.bucket.wp.uc3m.es\/wp-content\/uploads\/sites\/40\/2021\/11\/10113406\/33472000.jpg&#8221; title_text=&#8221;33472000&#8243; force_fullwidth=&#8221;on&#8221; _builder_version=&#8221;4.16&#8243; _module_preset=&#8221;default&#8221; global_colors_info=&#8221;{}&#8221;][\/et_pb_image][\/et_pb_column][et_pb_column type=&#8221;2_3&#8243; _builder_version=&#8221;4.16&#8243; _module_preset=&#8221;default&#8221; global_colors_info=&#8221;{}&#8221;][et_pb_text _builder_version=&#8221;4.16&#8243; _module_preset=&#8221;default&#8221; global_colors_info=&#8221;{}&#8221;]<\/p>\n<p style=\"text-align: justify\"><strong>Sergio Mart\u00edn Guti\u00e9rrez <\/strong>es Profesor Titular en las \u00e1reas de Ingenier\u00eda Electr\u00f3nica y Telem\u00e1tica en la UNED y Coordinador del M\u00e1ster Universitario en Investigaci\u00f3n en Ingenier\u00eda El\u00e9ctrica, Electr\u00f3nica y Control Industrial. Su actividad investigadora se centra en el \u00e1mbito de innovaci\u00f3n educativa aplicada a la ingenier\u00eda, particularmente en el an\u00e1lisis de tendencias y los laboratorios remotos, as\u00ed como en el Internet de las Cosas y los sistemas m\u00f3viles y ubicuos. Ha dirigido proyectos internacionales y es editor asociado de varias revistas de prestigio como IEEE Transactions on Learning Technologies y MDPI Sensors. Ha realizado estancias de investigaci\u00f3n en el Massachusetts Institute of Technology &#8211; MIT (Estados Unidos de Am\u00e9rica) y en Curtin University (Australia). Es autor de m\u00e1s de 200 art\u00edculos, ha dirigido y participado en m\u00e1s de 20 MOOCs, grabado cerca de 200 v\u00eddeo clases y dirigido el desarrollo de m\u00e1s de 200 laboratorios on-line para la pr\u00e1ctica remota de sus alumnos de ingenier\u00eda, siendo premiado por alguno de ellos con el prestigioso premio internacional GOLC. Ha recibido en total m\u00e1s de 27 premios y distinciones. Es Senior Member de IEEE y pertenece a la Sociedad de Honor IEEE HKN.<\/p>\n<p>[\/et_pb_text][\/et_pb_column][\/et_pb_row][et_pb_row _builder_version=&#8221;4.16&#8243; _module_preset=&#8221;default&#8221; global_colors_info=&#8221;{}&#8221;][et_pb_column type=&#8221;4_4&#8243; _builder_version=&#8221;4.16&#8243; _module_preset=&#8221;default&#8221; global_colors_info=&#8221;{}&#8221;][et_pb_text _builder_version=&#8221;4.16&#8243; _module_preset=&#8221;default&#8221; global_colors_info=&#8221;{}&#8221;]<\/p>\n<ul>\n<li>\n<h3><a href=\"http:\/\/www.upm.es\/\" target=\"_blank\" rel=\"noopener\">Universidad Polit\u00e9cnica de Madrid<\/a><\/h3>\n<\/li>\n<\/ul>\n<p>[\/et_pb_text][\/et_pb_column][\/et_pb_row][et_pb_row column_structure=&#8221;1_3,2_3&#8243; _builder_version=&#8221;4.16&#8243; _module_preset=&#8221;default&#8221; global_colors_info=&#8221;{}&#8221;][et_pb_column type=&#8221;1_3&#8243; _builder_version=&#8221;4.16&#8243; _module_preset=&#8221;default&#8221; global_colors_info=&#8221;{}&#8221;][et_pb_image src=&#8221;https:\/\/storage.googleapis.com\/wp-uploads.bucket.wp.uc3m.es\/wp-content\/uploads\/sites\/40\/2021\/11\/10113846\/descarga-5.jpg&#8221; title_text=&#8221;descarga (5)&#8221; _builder_version=&#8221;4.16&#8243; _module_preset=&#8221;default&#8221; global_colors_info=&#8221;{}&#8221;][\/et_pb_image][\/et_pb_column][et_pb_column type=&#8221;2_3&#8243; _builder_version=&#8221;4.16&#8243; _module_preset=&#8221;default&#8221; global_colors_info=&#8221;{}&#8221;][et_pb_text _builder_version=&#8221;4.16&#8243; _module_preset=&#8221;default&#8221; global_colors_info=&#8221;{}&#8221;]<\/p>\n<p style=\"text-align: justify\"><strong>Edmundo Tovar<\/strong><span>, Profesor Titular de la Universidad Polit\u00e9cnica de Madrid (UPM) es doctor en Inform\u00e1tica (1994) y Licenciado en Inform\u00e1tica (1986) por la UPM. Es &#8220;Certified Software Development Professional&#8221; (CSDP) por la IEEE Computer Society. IEEE Senior Member. Ha sido Chair del Cap\u00edtulo Espa\u00f1ol de la Sociedad de Educaci\u00f3n de IEEE, y actualmente coordinador del Comit\u00e9 de Recursos Educativos de dicho Cap\u00edtulo. Es miembro del Comit\u00e9 Administrativo de IEEE Education Society AdCom y del Steering Committee de la Conferencia Frontiers in Education. Responsable del grupo de Innovaci\u00f3n Educativa de la UPM \u201cGICAC\u201d, actualmente es Vicedecano para la Calidad y Planificaci\u00f3n Estrat\u00e9gica de la Facultad de Inform\u00e1tica de la UPM as\u00ed como Director Ejecutivo de la Oficina OpenCurseWare UPM y del Consejo de Directores del Consorcio OCW.<\/span><\/p>\n<p>[\/et_pb_text][\/et_pb_column][\/et_pb_row][et_pb_row column_structure=&#8221;1_3,2_3&#8243; _builder_version=&#8221;4.16&#8243; _module_preset=&#8221;default&#8221; global_colors_info=&#8221;{}&#8221;][et_pb_column type=&#8221;1_3&#8243; _builder_version=&#8221;4.16&#8243; _module_preset=&#8221;default&#8221; global_colors_info=&#8221;{}&#8221;][et_pb_image src=&#8221;https:\/\/storage.googleapis.com\/wp-uploads.bucket.wp.uc3m.es\/wp-content\/uploads\/sites\/40\/2021\/11\/10114016\/descarga-6.jpg&#8221; title_text=&#8221;descarga (6)&#8221; _builder_version=&#8221;4.16&#8243; _module_preset=&#8221;default&#8221; global_colors_info=&#8221;{}&#8221;][\/et_pb_image][\/et_pb_column][et_pb_column type=&#8221;2_3&#8243; _builder_version=&#8221;4.16&#8243; _module_preset=&#8221;default&#8221; global_colors_info=&#8221;{}&#8221;][et_pb_text _builder_version=&#8221;4.16&#8243; _module_preset=&#8221;default&#8221; global_colors_info=&#8221;{}&#8221;]<\/p>\n<p style=\"text-align: justify\"><span><strong>Bernardo Tabuenca<\/strong> recibi\u00f3 su doctorado por la Open University of The Netherlands (OUNL) en 2015, donde realiz\u00f3 su investigaci\u00f3n con el Centro de Investigaci\u00f3n para el Aprendizaje, la Ense\u00f1anza y la Tecnolog\u00eda sobre el tema \u201cUbiquitous Technology for lifelong learners&#8221;. Anteriormente, hab\u00eda obtenido el Grado en Ciencias de la Computaci\u00f3n y un M\u00e1ster en Tecnolog\u00eda Educativa. Actualmente es Profesor Contratado Doctor en la Universidad Polit\u00e9cnica de Madrid (UPM) dentro del departamento de Sistemas Inform\u00e1ticos de la ETSISI. Bernardo es miembro del grupo de investigaci\u00f3n REFERENT de la UPM y sus \u00e1reas de investigaci\u00f3n actuales incluyen el aprendizaje mejorado por la tecnolog\u00eda, la tecnolog\u00eda m\u00f3vil, el Internet de las cosas (IoT) y los entornos de aprendizaje inteligentes.<\/span><\/p>\n<div class=\"yj6qo ajU\"><\/div>\n<p>[\/et_pb_text][\/et_pb_column][\/et_pb_row][et_pb_row _builder_version=&#8221;4.16&#8243; _module_preset=&#8221;default&#8221; global_colors_info=&#8221;{}&#8221;][et_pb_column type=&#8221;4_4&#8243; _builder_version=&#8221;4.16&#8243; _module_preset=&#8221;default&#8221; global_colors_info=&#8221;{}&#8221;][et_pb_text _builder_version=&#8221;4.16&#8243; _module_preset=&#8221;default&#8221; global_colors_info=&#8221;{}&#8221;]<\/p>\n<ul>\n<li>\n<h3><a href=\"http:\/\/www.urjc.es\/\" target=\"_blank\" rel=\"noopener\">Universidad Rey Juan Carlos<\/a><\/h3>\n<\/li>\n<\/ul>\n<p>[\/et_pb_text][\/et_pb_column][\/et_pb_row][et_pb_row column_structure=&#8221;1_3,2_3&#8243; _builder_version=&#8221;4.16&#8243; _module_preset=&#8221;default&#8221; global_colors_info=&#8221;{}&#8221;][et_pb_column type=&#8221;1_3&#8243; _builder_version=&#8221;4.16&#8243; _module_preset=&#8221;default&#8221; global_colors_info=&#8221;{}&#8221;][et_pb_image src=&#8221;https:\/\/storage.googleapis.com\/wp-uploads.bucket.wp.uc3m.es\/wp-content\/uploads\/sites\/40\/2021\/11\/30181525\/Angel-Velazquez-foto-movil-recortada-2.jpg&#8221; title_text=&#8221;\u00c1ngel Vel\u00e1zquez foto m\u00f3vil recortada 2&#8243; _builder_version=&#8221;4.16&#8243; _module_preset=&#8221;default&#8221; global_colors_info=&#8221;{}&#8221;][\/et_pb_image][\/et_pb_column][et_pb_column type=&#8221;2_3&#8243; _builder_version=&#8221;4.16&#8243; _module_preset=&#8221;default&#8221; global_colors_info=&#8221;{}&#8221;][et_pb_text _builder_version=&#8221;4.16&#8243; _module_preset=&#8221;default&#8221; global_colors_info=&#8221;{}&#8221;]<\/p>\n<p style=\"text-align: justify\"><strong>J. \u00c1ngel Vel\u00e1zquez Iturbide<\/strong><span> es Licenciado en Inform\u00e1tica (1985) y Doctor en Inform\u00e1tica (1990) por la Universidad Polit\u00e9cnica de Madrid (UPM). Ha sido profesor desde 1985 en la Facultad de Inform\u00e1tica de la UPM. En 1997 se incorpor\u00f3 a la Universidad Rey Juan Carlos (URJC), donde actualmente es Catedr\u00e1tico de Universidad y director del Laboratorio de Tecnolog\u00edas de la Informaci\u00f3n en la Educaci\u00f3n (LITE). Sus \u00e1reas de investigaci\u00f3n son la visualizaci\u00f3n de programas, herramientas para el aprendizaje de la algoritmia y, m\u00e1s recientemente, la ense\u00f1anza de la programaci\u00f3n basada en bloques. El Dr. Vel\u00e1zquez es miembro de IEEE Computer Society, IEEE Education Society, ACM y ACM SIGCSE. Tambi\u00e9n es vicepresidente de la Asociaci\u00f3n para el Desarrollo de la Inform\u00e1tica Educativa (ADIE) y vocal de la Sociedad Cient\u00edfica Inform\u00e1tica de Espa\u00f1a (SCIE) para la educaci\u00f3n preuniversitaria.<\/span><\/p>\n<p>[\/et_pb_text][\/et_pb_column][\/et_pb_row][et_pb_row column_structure=&#8221;1_3,2_3&#8243; _builder_version=&#8221;4.16&#8243; _module_preset=&#8221;default&#8221; global_colors_info=&#8221;{}&#8221;][et_pb_column type=&#8221;1_3&#8243; _builder_version=&#8221;4.16&#8243; _module_preset=&#8221;default&#8221; global_colors_info=&#8221;{}&#8221;][et_pb_image src=&#8221;https:\/\/storage.googleapis.com\/wp-uploads.bucket.wp.uc3m.es\/wp-content\/uploads\/sites\/40\/2022\/11\/14090225\/maxi.png&#8221; title_text=&#8221;maxi&#8221; _builder_version=&#8221;4.18.0&#8243; _module_preset=&#8221;default&#8221; hover_enabled=&#8221;0&#8243; global_colors_info=&#8221;{}&#8221; sticky_enabled=&#8221;0&#8243;][\/et_pb_image][\/et_pb_column][et_pb_column type=&#8221;2_3&#8243; _builder_version=&#8221;4.16&#8243; _module_preset=&#8221;default&#8221; global_colors_info=&#8221;{}&#8221;][et_pb_text _builder_version=&#8221;4.18.0&#8243; _module_preset=&#8221;default&#8221; custom_padding=&#8221;||2px|||&#8221; hover_enabled=&#8221;0&#8243; global_colors_info=&#8221;{}&#8221; sticky_enabled=&#8221;0&#8243;]<\/p>\n<p style=\"text-align: justify\"><span><strong>Maximiliano Paredes Velasco<\/strong> es profesor en la Escuela T\u00e9cnica Superior de Ingenier\u00eda Inform\u00e1tica de la Universidad Rey Juan Carlos (URJC), e investigador en el grupo Laboratorio de Tecnolog\u00edas de la Informaci\u00f3n en la Educaci\u00f3n (LITE). Es Ingeniero Inform\u00e1tico desde 1998 y Doctor Ingeniero Inform\u00e1tico desde 2006 por la UCLM. Sus \u00e1reas de investigaci\u00f3n son Computer Supported Collaborative Learning, herramientas para el aprendizaje de la algoritmia e Interacci\u00f3n Persona Ordenador, ampliando su inter\u00e9s m\u00e1s recientemente en el tratamiento de emociones y afectividad en el aprendizaje. <br \/><\/span><\/p>\n<p>[\/et_pb_text][\/et_pb_column][\/et_pb_row][\/et_pb_section]<\/p>\n","protected":false},"excerpt":{"rendered":"<p>Comit\u00e9 de gesti\u00f3n Universidad Carlos III de Madrid Carlos Delgado Kloos es Ingeniero de Telecomunicaci\u00f3n por la Universidad Polit\u00e9cnica de Madrid (UPM) y Doctor en Inform\u00e1tica por la Universidad T\u00e9cnica de M\u00fanich. Desde 1996 es Catedr\u00e1tico de Ingenier\u00eda Telem\u00e1tica en la Universidad Carlos III de Madrid. Adem\u00e1s en la actualidad es Vicerrector de Estrategia y [&hellip;]<\/p>\n","protected":false},"author":82,"featured_media":0,"comment_status":"closed","ping_status":"open","sticky":false,"template":"","format":"standard","meta":{"_et_pb_use_builder":"on","_et_pb_old_content":"","_et_gb_content_width":"","footnotes":""},"categories":[24],"tags":[],"class_list":["post-742","post","type-post","status-publish","format-standard","hentry","category-participantes"],"_links":{"self":[{"href":"https:\/\/emadridnet.uc3m.es\/en\/wp-json\/wp\/v2\/posts\/742","targetHints":{"allow":["GET"]}}],"collection":[{"href":"https:\/\/emadridnet.uc3m.es\/en\/wp-json\/wp\/v2\/posts"}],"about":[{"href":"https:\/\/emadridnet.uc3m.es\/en\/wp-json\/wp\/v2\/types\/post"}],"author":[{"embeddable":true,"href":"https:\/\/emadridnet.uc3m.es\/en\/wp-json\/wp\/v2\/users\/82"}],"replies":[{"embeddable":true,"href":"https:\/\/emadridnet.uc3m.es\/en\/wp-json\/wp\/v2\/comments?post=742"}],"version-history":[{"count":13,"href":"https:\/\/emadridnet.uc3m.es\/en\/wp-json\/wp\/v2\/posts\/742\/revisions"}],"predecessor-version":[{"id":9241,"href":"https:\/\/emadridnet.uc3m.es\/en\/wp-json\/wp\/v2\/posts\/742\/revisions\/9241"}],"wp:attachment":[{"href":"https:\/\/emadridnet.uc3m.es\/en\/wp-json\/wp\/v2\/media?parent=742"}],"wp:term":[{"taxonomy":"category","embeddable":true,"href":"https:\/\/emadridnet.uc3m.es\/en\/wp-json\/wp\/v2\/categories?post=742"},{"taxonomy":"post_tag","embeddable":true,"href":"https:\/\/emadridnet.uc3m.es\/en\/wp-json\/wp\/v2\/tags?post=742"}],"curies":[{"name":"wp","href":"https:\/\/api.w.org\/{rel}","templated":true}]}}