{"id":7569,"date":"2013-03-13T10:32:28","date_gmt":"2013-03-13T10:32:28","guid":{"rendered":"https:\/\/emadridnet.uc3m.es\/?p=7569"},"modified":"2022-03-29T10:32:54","modified_gmt":"2022-03-29T10:32:54","slug":"emadrid-en-educon-2013","status":"publish","type":"post","link":"https:\/\/emadridnet.uc3m.es\/en\/2013\/03\/13\/emadrid-en-educon-2013\/","title":{"rendered":"eMadrid en EDUCON 2013"},"content":{"rendered":"<p>[et_pb_section fb_built=&#8221;1&#8243; fullwidth=&#8221;on&#8221; admin_label=&#8221;Header&#8221; _builder_version=&#8221;4.15&#8243; background_image=&#8221;https:\/\/storage.googleapis.com\/wp-uploads.bucket.wp.uc3m.es\/wp-content\/uploads\/sites\/40\/2021\/06\/02084601\/pexels-julia-m-cameron-4144294.jpg&#8221; parallax=&#8221;on&#8221; custom_padding=&#8221;|||&#8221; animation_style=&#8221;slide&#8221; animation_direction=&#8221;top&#8221; animation_intensity_slide=&#8221;2%&#8221; link_option_url_new_window=&#8221;on&#8221; global_colors_info=&#8221;{}&#8221; theme_builder_area=&#8221;post_content&#8221;][et_pb_fullwidth_header title=&#8221;eMadrid en EDUCON 2013&#8243; button_one_url=&#8221;https:\/\/docs.google.com\/forms\/d\/e\/1FAIpQLSelJDv1KKVh6radHnahAkDmbmP__0i2QoT7NpRRfeKDNXCCNQ\/viewform&#8221; background_overlay_color=&#8221;rgba(255,255,255,0.6)&#8221; content_max_width=&#8221;700px&#8221; content_max_width_tablet=&#8221;100%&#8221; content_max_width_phone=&#8221;&#8221; content_max_width_last_edited=&#8221;on|desktop&#8221; _builder_version=&#8221;4.15.1&#8243; title_font=&#8221;Roboto|300|||||||&#8221; title_font_size=&#8221;60px&#8221; title_line_height=&#8221;1.4em&#8221; content_font=&#8221;||||||||&#8221; content_font_size=&#8221;17px&#8221; content_line_height=&#8221;1.9em&#8221; subhead_font=&#8221;|600|||||||&#8221; subhead_font_size=&#8221;20px&#8221; subhead_line_height=&#8221;1.8em&#8221; background_color=&#8221;rgba(76,76,76,0.3)&#8221; background_image=&#8221;https:\/\/storage.googleapis.com\/wp-uploads.bucket.wp.uc3m.es\/wp-content\/uploads\/sites\/40\/2021\/11\/18093850\/EDUCON2020-2730-April-2020-Porto-Portugal.png&#8221; custom_button_one=&#8221;on&#8221; button_one_text_size=&#8221;14px&#8221; button_one_text_color=&#8221;#ffffff&#8221; button_one_bg_color=&#8221;#8300e9&#8243; button_one_bg_color_gradient_start=&#8221;#d883f8&#8243; button_one_bg_color_gradient_end=&#8221;#352DBE&#8221; button_one_bg_color_gradient_direction=&#8221;90deg&#8221; button_one_border_width=&#8221;10px&#8221; button_one_border_color=&#8221;rgba(0,0,0,0)&#8221; button_one_border_radius=&#8221;100px&#8221; button_one_letter_spacing=&#8221;3px&#8221; button_one_font=&#8221;Roboto|700||on|||||&#8221; custom_button_two=&#8221;on&#8221; button_two_text_size=&#8221;14px&#8221; button_two_text_color=&#8221;#ffffff&#8221; button_two_bg_color=&#8221;#06c8ff&#8221; button_two_border_width=&#8221;10px&#8221; button_two_border_color=&#8221;rgba(0,0,0,0)&#8221; button_two_border_radius=&#8221;100px&#8221; button_two_letter_spacing=&#8221;3px&#8221; button_two_font=&#8221;Roboto|700||on|||||&#8221; background_layout=&#8221;light&#8221; custom_margin=&#8221;||||false&#8221; custom_padding=&#8221;0vw||0vw||true|&#8221; custom_padding_tablet=&#8221;250px||250px||true&#8221; custom_padding_last_edited=&#8221;off|desktop&#8221; hover_enabled=&#8221;0&#8243; title_font_size_tablet=&#8221;40px&#8221; title_font_size_phone=&#8221;32px&#8221; title_font_size_last_edited=&#8221;on|desktop&#8221; button_one_text_color_hover=&#8221;#ffffff&#8221; button_two_text_color_hover=&#8221;#ffffff&#8221; button_one_letter_spacing_hover=&#8221;3px&#8221; button_two_letter_spacing_hover=&#8221;3px&#8221; global_colors_info=&#8221;{}&#8221; button_one_text_size__hover_enabled=&#8221;off&#8221; button_two_text_size__hover_enabled=&#8221;off&#8221; button_one_text_color__hover_enabled=&#8221;on&#8221; button_one_text_color__hover=&#8221;#ffffff&#8221; button_two_text_color__hover_enabled=&#8221;on&#8221; button_two_text_color__hover=&#8221;#ffffff&#8221; button_one_border_width__hover_enabled=&#8221;off&#8221; button_two_border_width__hover_enabled=&#8221;off&#8221; button_one_border_color__hover_enabled=&#8221;off&#8221; button_two_border_color__hover_enabled=&#8221;off&#8221; button_one_border_radius__hover_enabled=&#8221;off&#8221; button_two_border_radius__hover_enabled=&#8221;off&#8221; button_one_letter_spacing__hover_enabled=&#8221;on&#8221; button_one_letter_spacing__hover=&#8221;3px&#8221; button_two_letter_spacing__hover_enabled=&#8221;on&#8221; button_two_letter_spacing__hover=&#8221;3px&#8221; button_one_bg_color__hover_enabled=&#8221;off&#8221; button_two_bg_color__hover_enabled=&#8221;off&#8221; theme_builder_area=&#8221;post_content&#8221; title_text=&#8221;EDUCON2020-2730-April-2020-Porto-Portugal&#8221; sticky_enabled=&#8221;0&#8243;]<\/p>\n<p>13 al 15 de marzo de 2013<\/p>\n<p>[\/et_pb_fullwidth_header][\/et_pb_section][et_pb_section fb_built=&#8221;1&#8243; admin_label=&#8221;Schedule&#8221; _builder_version=&#8221;4.15&#8243; max_width_tablet=&#8221;&#8221; max_width_phone=&#8221;100%&#8221; max_width_last_edited=&#8221;on|phone&#8221; min_height=&#8221;1028.3px&#8221; custom_margin=&#8221;|||&#8221; custom_padding=&#8221;0px|0px|0px|0px|false|false&#8221; global_colors_info=&#8221;{}&#8221; theme_builder_area=&#8221;post_content&#8221;][et_pb_row _builder_version=&#8221;4.15&#8243; _module_preset=&#8221;default&#8221; global_colors_info=&#8221;{}&#8221; theme_builder_area=&#8221;post_content&#8221;][et_pb_column type=&#8221;4_4&#8243; _builder_version=&#8221;4.15&#8243; _module_preset=&#8221;default&#8221; global_colors_info=&#8221;{}&#8221; theme_builder_area=&#8221;post_content&#8221;][et_pb_text _builder_version=&#8221;4.15.1&#8243; _module_preset=&#8221;default&#8221; hover_enabled=&#8221;0&#8243; global_colors_info=&#8221;{}&#8221; theme_builder_area=&#8221;post_content&#8221; sticky_enabled=&#8221;0&#8243;]<\/p>\n<p style=\"text-align: justify\">La cuarta edici\u00f3n del congreso<span>\u00a0<\/span><a href=\"https:\/\/web.archive.org\/web\/20190704211035\/http:\/\/www.educon-conference.org\/educon2013\/index.htm\" target=\"_blank\" rel=\"noopener\">IEEE EDUCON<\/a>, a celebrada en Berl\u00edn (Alemania) del 13 al 15 de marzo, acogi\u00f3 este a\u00f1o una nueva sesi\u00f3n protagonizada por la red eMadrid. Bajo el t\u00edtulo \u201cEl poder de la anal\u00edtica para motivar y guiar: experiencias en la red de excelencia eMadrid\u201d, seis ponencias que trataron sobre diversos aspectos de la aplicaci\u00f3n de la anal\u00edtica web a la educaci\u00f3n online y en abierto. Esta sesi\u00f3n, que tuvo lugar el jueves 14 por la ma\u00f1ana, fue tambi\u00e9n una contribuci\u00f3n de eMadrid a la<span>\u00a0<\/span><a href=\"https:\/\/web.archive.org\/web\/20190704211035\/http:\/\/www.openeducationweek.org\/\" target=\"_blank\" rel=\"noopener\">Open Education Week 2013<\/a><span>\u00a0<\/span>y su contenido detallado puede ser consultado<span>\u00a0<\/span><a href=\"https:\/\/web.archive.org\/web\/20190704211035\/http:\/\/www.emadridnet.org\/es\/openeducationweek2013\">aqu\u00ed<\/a>.<\/p>\n<p style=\"text-align: justify\">La cantidad de datos que aportan las herramientas utilizadas en la interacci\u00f3n educativa online, as\u00ed como su posterior su an\u00e1lisis y procesamiento para reformular el proceso educativo, ser\u00e1n el eje de las charlas de los socios de la red eMadrid. Adem\u00e1s de la citada sesi\u00f3n, miembros del proyecto participan en diversos comit\u00e9s del evento. Por otro lado, la presencia dentro del programa se completa con representantes de los grupos de la UPM y la UNED en eMadrid que co-firman otras aportaciones.<\/p>\n<p style=\"text-align: justify\">Para m\u00e1s informaci\u00f3n,<span>\u00a0<\/span><a href=\"https:\/\/web.archive.org\/web\/20190704211035\/https:\/\/www.conftool.com\/educon\/sessions.php\" target=\"_blank\" rel=\"noopener\">pincha aqu\u00ed<\/a>.<\/p>\n<p>[\/et_pb_text][et_pb_text _builder_version=&#8221;4.15.1&#8243; _module_preset=&#8221;default&#8221; theme_builder_area=&#8221;post_content&#8221; text_orientation=&#8221;center&#8221; hover_enabled=&#8221;0&#8243; sticky_enabled=&#8221;0&#8243;]<\/p>\n<p><iframe loading=\"lazy\" title=\"2013 03-14 (educon2013) emadrid uc3m learning analytics uc3m\" src=\"https:\/\/www.slideshare.net\/slideshow\/embed_code\/key\/gYHAYuLnLRmqrB\" width=\"427\" height=\"356\" frameborder=\"0\" marginwidth=\"0\" marginheight=\"0\" scrolling=\"no\" style=\"border:1px solid #CCC; border-width:1px; margin-bottom:5px; max-width: 100%;\" allowfullscreen> <\/iframe> <\/p>\n<div style=\"margin-bottom:5px\"> <strong> <a href=\"https:\/\/www.slideshare.net\/emadridnet\/2013-0314-educon2013-emadrid-uc3m-learning-analytics-uc3m\" title=\"2013 03-14 (educon2013) emadrid uc3m learning analytics uc3m\" target=\"_blank\">2013 03-14 (educon2013) emadrid uc3m learning analytics uc3m<\/a> <\/strong> from <strong><a href=\"https:\/\/www.slideshare.net\/emadridnet\" target=\"_blank\">eMadrid network<\/a><\/strong> <\/div>\n<\/p>\n<p>&nbsp;<\/p>\n<p>[\/et_pb_text][et_pb_text _builder_version=&#8221;4.15.1&#8243; _module_preset=&#8221;default&#8221; theme_builder_area=&#8221;post_content&#8221; text_orientation=&#8221;center&#8221; hover_enabled=&#8221;0&#8243; sticky_enabled=&#8221;0&#8243;]<\/p>\n<p><iframe loading=\"lazy\" title=\"2013 03-14 (educon2013) emadrid uam integrating open services building educational environments\" src=\"https:\/\/www.slideshare.net\/slideshow\/embed_code\/key\/gE5TfETwcv4z5\" width=\"427\" height=\"356\" frameborder=\"0\" marginwidth=\"0\" marginheight=\"0\" scrolling=\"no\" style=\"border:1px solid #CCC; border-width:1px; margin-bottom:5px; max-width: 100%;\" allowfullscreen> <\/iframe> <\/p>\n<div style=\"margin-bottom:5px\"> <strong> <a href=\"https:\/\/www.slideshare.net\/emadridnet\/2013-0314-educon2013-emadrid-uam-integrating-open-services-building-educational-environments\" title=\"2013 03-14 (educon2013) emadrid uam integrating open services building educational environments\" target=\"_blank\">2013 03-14 (educon2013) emadrid uam integrating open services building educational environments<\/a> <\/strong> from <strong><a href=\"https:\/\/www.slideshare.net\/emadridnet\" target=\"_blank\">eMadrid network<\/a><\/strong> <\/div>\n<\/p>\n<p>&nbsp;<\/p>\n<p>[\/et_pb_text][et_pb_text _builder_version=&#8221;4.15.1&#8243; _module_preset=&#8221;default&#8221; theme_builder_area=&#8221;post_content&#8221; text_orientation=&#8221;center&#8221; hover_enabled=&#8221;0&#8243; sticky_enabled=&#8221;0&#8243;]<\/p>\n<p><iframe loading=\"lazy\" title=\"2013 03-14 (educon2013) emadrid urjc mining student repositories to gain learning analytics an experience report\" src=\"https:\/\/www.slideshare.net\/slideshow\/embed_code\/key\/kz3mSTwy4eGS2P\" width=\"427\" height=\"356\" frameborder=\"0\" marginwidth=\"0\" marginheight=\"0\" scrolling=\"no\" style=\"border:1px solid #CCC; border-width:1px; margin-bottom:5px; max-width: 100%;\" allowfullscreen> <\/iframe> <\/p>\n<div style=\"margin-bottom:5px\"> <strong> <a href=\"https:\/\/www.slideshare.net\/emadridnet\/2013-0314-educon2013-emadrid-urjc-mining-student-repositories-to-gain-learning-analytics-an-experience-report\" title=\"2013 03-14 (educon2013) emadrid urjc mining student repositories to gain learning analytics an experience report\" target=\"_blank\">2013 03-14 (educon2013) emadrid urjc mining student repositories to gain learning analytics an experience report<\/a> <\/strong> from <strong><a href=\"https:\/\/www.slideshare.net\/emadridnet\" target=\"_blank\">eMadrid network<\/a><\/strong> <\/div>\n<\/p>\n<p>&nbsp;<\/p>\n<p>[\/et_pb_text][et_pb_text _builder_version=&#8221;4.15.1&#8243; _module_preset=&#8221;default&#8221; theme_builder_area=&#8221;post_content&#8221; text_orientation=&#8221;center&#8221; hover_enabled=&#8221;0&#8243; sticky_enabled=&#8221;0&#8243;]<\/p>\n<p><iframe loading=\"lazy\" title=\"2013 03-14 (educon2013) emadrid upm ocw-s enablers for building sustainable open education evolving ocw mooc\" src=\"https:\/\/www.slideshare.net\/slideshow\/embed_code\/key\/9JSp1lkuZxJLEz\" width=\"427\" height=\"356\" frameborder=\"0\" marginwidth=\"0\" marginheight=\"0\" scrolling=\"no\" style=\"border:1px solid #CCC; border-width:1px; margin-bottom:5px; max-width: 100%;\" allowfullscreen> <\/iframe> <\/p>\n<div style=\"margin-bottom:5px\"> <strong> <a href=\"https:\/\/www.slideshare.net\/emadridnet\/2013-0314-educon2013-emadrid-upm-ocws-enablers-for-building-sustainable-open-education-evolving-ocw-mooc\" title=\"2013 03-14 (educon2013) emadrid upm ocw-s enablers for building sustainable open education evolving ocw mooc\" target=\"_blank\">2013 03-14 (educon2013) emadrid upm ocw-s enablers for building sustainable open education evolving ocw mooc<\/a> <\/strong> from <strong><a href=\"https:\/\/www.slideshare.net\/emadridnet\" target=\"_blank\">eMadrid network<\/a><\/strong> <\/div>\n<\/p>\n<p>&nbsp;<\/p>\n<p>[\/et_pb_text][et_pb_text _builder_version=&#8221;4.15.1&#8243; _module_preset=&#8221;default&#8221; theme_builder_area=&#8221;post_content&#8221; text_orientation=&#8221;center&#8221; hover_enabled=&#8221;0&#8243; sticky_enabled=&#8221;0&#8243;]<\/p>\n<p><iframe loading=\"lazy\" title=\"2013 03 14 (educon2013) emadrid ucm elearning standards learning analytics\" src=\"https:\/\/www.slideshare.net\/slideshow\/embed_code\/key\/hiCEdFah9pb1Ue\" width=\"427\" height=\"356\" frameborder=\"0\" marginwidth=\"0\" marginheight=\"0\" scrolling=\"no\" style=\"border:1px solid #CCC; border-width:1px; margin-bottom:5px; max-width: 100%;\" allowfullscreen> <\/iframe> <\/p>\n<div style=\"margin-bottom:5px\"> <strong> <a href=\"https:\/\/www.slideshare.net\/emadridnet\/2013-03-14-educon2013-emadrid-ucm-elearning-standards-learning-analytics\" title=\"2013 03 14 (educon2013) emadrid ucm elearning standards learning analytics\" target=\"_blank\">2013 03 14 (educon2013) emadrid ucm elearning standards learning analytics<\/a> <\/strong> from <strong><a href=\"https:\/\/www.slideshare.net\/emadridnet\" target=\"_blank\">eMadrid network<\/a><\/strong> <\/div>\n<\/p>\n<p>&nbsp;<\/p>\n<p>[\/et_pb_text][\/et_pb_column][\/et_pb_row][\/et_pb_section]<\/p>\n","protected":false},"excerpt":{"rendered":"<p>13 al 15 de marzo de 2013La cuarta edici\u00f3n del congreso\u00a0IEEE EDUCON, a celebrada en Berl\u00edn (Alemania) del 13 al 15 de marzo, acogi\u00f3 este a\u00f1o una nueva sesi\u00f3n protagonizada por la red eMadrid. Bajo el t\u00edtulo \u201cEl poder de la anal\u00edtica para motivar y guiar: experiencias en la red de excelencia eMadrid\u201d, seis ponencias [&hellip;]<\/p>\n","protected":false},"author":82,"featured_media":1183,"comment_status":"closed","ping_status":"open","sticky":false,"template":"","format":"standard","meta":{"_et_pb_use_builder":"on","_et_pb_old_content":"","_et_gb_content_width":"","footnotes":""},"categories":[15],"tags":[],"class_list":["post-7569","post","type-post","status-publish","format-standard","has-post-thumbnail","hentry","category-noticias"],"_links":{"self":[{"href":"https:\/\/emadridnet.uc3m.es\/en\/wp-json\/wp\/v2\/posts\/7569","targetHints":{"allow":["GET"]}}],"collection":[{"href":"https:\/\/emadridnet.uc3m.es\/en\/wp-json\/wp\/v2\/posts"}],"about":[{"href":"https:\/\/emadridnet.uc3m.es\/en\/wp-json\/wp\/v2\/types\/post"}],"author":[{"embeddable":true,"href":"https:\/\/emadridnet.uc3m.es\/en\/wp-json\/wp\/v2\/users\/82"}],"replies":[{"embeddable":true,"href":"https:\/\/emadridnet.uc3m.es\/en\/wp-json\/wp\/v2\/comments?post=7569"}],"version-history":[{"count":2,"href":"https:\/\/emadridnet.uc3m.es\/en\/wp-json\/wp\/v2\/posts\/7569\/revisions"}],"predecessor-version":[{"id":7577,"href":"https:\/\/emadridnet.uc3m.es\/en\/wp-json\/wp\/v2\/posts\/7569\/revisions\/7577"}],"wp:featuredmedia":[{"embeddable":true,"href":"https:\/\/emadridnet.uc3m.es\/en\/wp-json\/wp\/v2\/media\/1183"}],"wp:attachment":[{"href":"https:\/\/emadridnet.uc3m.es\/en\/wp-json\/wp\/v2\/media?parent=7569"}],"wp:term":[{"taxonomy":"category","embeddable":true,"href":"https:\/\/emadridnet.uc3m.es\/en\/wp-json\/wp\/v2\/categories?post=7569"},{"taxonomy":"post_tag","embeddable":true,"href":"https:\/\/emadridnet.uc3m.es\/en\/wp-json\/wp\/v2\/tags?post=7569"}],"curies":[{"name":"wp","href":"https:\/\/api.w.org\/{rel}","templated":true}]}}