{"id":825,"date":"2020-09-23T00:05:25","date_gmt":"2020-09-23T00:05:25","guid":{"rendered":"https:\/\/emadridnet.uc3m.es\/?p=825"},"modified":"2022-04-20T09:27:57","modified_gmt":"2022-04-20T09:27:57","slug":"x-jornadas-emadrid-sobre-e-learning-en-la-nueva-normalidad","status":"publish","type":"post","link":"https:\/\/emadridnet.uc3m.es\/en\/2020\/09\/23\/x-jornadas-emadrid-sobre-e-learning-en-la-nueva-normalidad\/","title":{"rendered":"X Jornadas eMadrid sobre \u00abE-learning en la nueva normalidad\u00bb"},"content":{"rendered":"<p>[et_pb_section fb_built=&#8221;1&#8243; fullwidth=&#8221;on&#8221; admin_label=&#8221;Header&#8221; _builder_version=&#8221;4.16&#8243; background_image=&#8221;https:\/\/emadridnet.uc3m.es\/wp-content\/uploads\/sites\/40\/2021\/07\/ESP-JORNADAS-peque.png&#8221; custom_padding=&#8221;|||&#8221; animation_style=&#8221;slide&#8221; animation_direction=&#8221;top&#8221; animation_intensity_slide=&#8221;2%&#8221; link_option_url_new_window=&#8221;on&#8221; global_colors_info=&#8221;{}&#8221;][et_pb_fullwidth_header title=&#8221;X Jornadas eMadrid sobre \u00abE-learning en la nueva normalidad\u00bb&#8221; subhead=&#8221;23 y 24 de septiembre, 2020&#8243; button_one_text=&#8221;Reg\u00edstrate gratis&#8221; button_one_url=&#8221;https:\/\/www.eventbrite.es\/e\/108666791298&#8243; background_overlay_color=&#8221;rgba(255,255,255,0.6)&#8221; content_max_width=&#8221;700px&#8221; content_max_width_tablet=&#8221;100%&#8221; content_max_width_phone=&#8221;&#8221; content_max_width_last_edited=&#8221;on|desktop&#8221; _builder_version=&#8221;4.16&#8243; title_font=&#8221;Roboto|300|||||||&#8221; title_font_size=&#8221;60px&#8221; title_line_height=&#8221;1.4em&#8221; content_font=&#8221;||||||||&#8221; content_font_size=&#8221;17px&#8221; content_line_height=&#8221;1.9em&#8221; subhead_font=&#8221;|600|||||||&#8221; subhead_font_size=&#8221;20px&#8221; subhead_line_height=&#8221;1.8em&#8221; background_color=&#8221;rgba(255,255,255,0.3)&#8221; background_image=&#8221;https:\/\/storage.googleapis.com\/wp-uploads.bucket.wp.uc3m.es\/wp-content\/uploads\/sites\/40\/2021\/11\/23150055\/Colorful-Shapes-Coping-With-Stress-Landscape-COVID-Flyer-1.png&#8221; custom_button_one=&#8221;on&#8221; button_one_text_size=&#8221;14px&#8221; button_one_text_color=&#8221;#ffffff&#8221; button_one_bg_color=&#8221;#8300e9&#8243; button_one_bg_color_gradient_direction=&#8221;90deg&#8221; button_one_bg_color_gradient_stops=&#8221;#d883f8 0%|#352DBE 100%&#8221; button_one_bg_color_gradient_start=&#8221;#d883f8&#8243; button_one_bg_color_gradient_end=&#8221;#352DBE&#8221; button_one_border_width=&#8221;10px&#8221; button_one_border_color=&#8221;rgba(0,0,0,0)&#8221; button_one_border_radius=&#8221;100px&#8221; button_one_letter_spacing=&#8221;3px&#8221; button_one_font=&#8221;Roboto|700||on|||||&#8221; custom_button_two=&#8221;on&#8221; button_two_text_size=&#8221;14px&#8221; button_two_text_color=&#8221;#ffffff&#8221; button_two_bg_color=&#8221;#06c8ff&#8221; button_two_border_width=&#8221;10px&#8221; button_two_border_color=&#8221;rgba(0,0,0,0)&#8221; button_two_border_radius=&#8221;100px&#8221; button_two_letter_spacing=&#8221;3px&#8221; button_two_font=&#8221;Roboto|700||on|||||&#8221; background_layout=&#8221;light&#8221; custom_margin=&#8221;||||false&#8221; custom_padding=&#8221;12vw||12vw||true&#8221; custom_padding_tablet=&#8221;250px||250px||true&#8221; custom_padding_last_edited=&#8221;off|desktop&#8221; link_option_url_new_window=&#8221;on&#8221; title_font_size_tablet=&#8221;40px&#8221; title_font_size_phone=&#8221;32px&#8221; title_font_size_last_edited=&#8221;on|desktop&#8221; button_one_text_color_hover=&#8221;#ffffff&#8221; button_two_text_color_hover=&#8221;#ffffff&#8221; button_one_letter_spacing_hover=&#8221;3px&#8221; button_two_letter_spacing_hover=&#8221;3px&#8221; global_colors_info=&#8221;{}&#8221; button_one_text_size__hover_enabled=&#8221;off&#8221; button_two_text_size__hover_enabled=&#8221;off&#8221; button_one_text_color__hover_enabled=&#8221;on&#8221; button_one_text_color__hover=&#8221;#ffffff&#8221; button_two_text_color__hover_enabled=&#8221;on&#8221; button_two_text_color__hover=&#8221;#ffffff&#8221; button_one_border_width__hover_enabled=&#8221;off&#8221; button_two_border_width__hover_enabled=&#8221;off&#8221; button_one_border_color__hover_enabled=&#8221;off&#8221; button_two_border_color__hover_enabled=&#8221;off&#8221; button_one_border_radius__hover_enabled=&#8221;off&#8221; button_two_border_radius__hover_enabled=&#8221;off&#8221; button_one_letter_spacing__hover_enabled=&#8221;on&#8221; button_one_letter_spacing__hover=&#8221;3px&#8221; button_two_letter_spacing__hover_enabled=&#8221;on&#8221; button_two_letter_spacing__hover=&#8221;3px&#8221; button_one_bg_color__hover_enabled=&#8221;off&#8221; button_two_bg_color__hover_enabled=&#8221;off&#8221;][\/et_pb_fullwidth_header][\/et_pb_section][et_pb_section fb_built=&#8221;1&#8243; admin_label=&#8221;conference&#8221; _builder_version=&#8221;4.16&#8243; global_colors_info=&#8221;{}&#8221;][et_pb_row padding_top_bottom_link_1=&#8221;true&#8221; padding_left_right_link_1=&#8221;true&#8221; _builder_version=&#8221;4.16&#8243; animation_style=&#8221;fold&#8221; global_colors_info=&#8221;{}&#8221;][et_pb_column type=&#8221;4_4&#8243; _builder_version=&#8221;4.16&#8243; custom_padding=&#8221;200px|||&#8221; custom_padding_tablet=&#8221;0px|||&#8221; custom_padding_phone=&#8221;&#8221; custom_padding_last_edited=&#8221;on|desktop&#8221; global_colors_info=&#8221;{}&#8221; custom_padding__hover=&#8221;|||&#8221;][et_pb_text _builder_version=&#8221;4.16&#8243; text_font=&#8221;||||||||&#8221; text_font_size=&#8221;16px&#8221; text_line_height=&#8221;1.9em&#8221; header_font=&#8221;||||||||&#8221; header_2_font=&#8221;Roboto|300|||||||&#8221; header_2_font_size=&#8221;50px&#8221; header_2_line_height=&#8221;1.4em&#8221; custom_margin=&#8221;-182px|||||&#8221; custom_padding=&#8221;0px|||||&#8221; header_2_font_size_tablet=&#8221;40px&#8221; header_2_font_size_phone=&#8221;32px&#8221; header_2_font_size_last_edited=&#8221;on|phone&#8221; global_colors_info=&#8221;{}&#8221;]<\/p>\n<h2><strong><span style=\"font-size: x-large\">Fecha y registro<\/span><\/strong><\/h2>\n<p style=\"text-align: justify\"><span>23 y 24 de septiembre, 2020<\/span><\/p>\n<p style=\"text-align: justify\"><span>Las X Jornadas eMadrid son un evento online que se celebrar\u00e1 a trav\u00e9s de la plataforma BlackBoard Collaborate. Puedes acceder pinchando\u00a0<\/span><a href=\"http:\/\/bit.ly\/emadrid2020\">aqu\u00ed<\/a><span>.<\/span><\/p>\n<p style=\"text-align: justify\"><span>La asistencia es abierta y gratuita pero exige <a href=\"https:\/\/www.eventbrite.es\/e\/108666791298\" target=\"_blank\" rel=\"noopener\">registro previo<\/a><\/span><\/p>\n<p style=\"text-align: justify\">Las<span>\u00a0<\/span><strong>Jornadas eMadrid<\/strong><span>\u00a0<\/span>cumplen 10 a\u00f1os en un momento marcado por la<span>\u00a0<\/span><strong>pandemia del coronavirus<\/strong>, que ha hecho que la tecnolog\u00eda educativa adquiera una importancia especial. Por ello, esta d\u00e9cima edici\u00f3n, titulada\u00a0<strong>\u00abE-Learning en la nueva normalidad\u00bb<\/strong><span>\u00a0<\/span>va a estar marcada por\u00a0este asunto, que preocupa e interesa a\u00a0 toda la sociedad.\u00a0El mundo entero est\u00e1 atravesando un momento de incertidumbre en el que las medidas de higiene sanitaria est\u00e1n marcando nuestro d\u00eda a d\u00eda. La distancia social se ha convertido en obligaci\u00f3n y, con ella, han llegado novedades y cambios que afectan a todas las facetas de la vida. En los \u00faltimos meses, el E-learning ha sido una pieza clave para poder mantener la educaci\u00f3n y la ense\u00f1anza en tiempos de COVID-19. Es momento ahora de definir cu\u00e1l va a ser su papel dentro de la &#8220;nueva normalidad&#8221;. Sobre ello hablar\u00e1n los expertos e investigadores que van a participar en las X Jornadas eMadrid.<\/p>\n<p style=\"text-align: justify\">El evento tendr\u00e1 lugar<span>\u00a0<\/span><strong>el 23 y 24 de septiembre<\/strong><span>\u00a0<\/span>de manera<span>\u00a0<\/span><strong>online<\/strong>, a trav\u00e9s de la plataforma<span>\u00a0<\/span><strong>BlackBoard Collaborate<\/strong>. Como siempre, las Jornadas de la<span>\u00a0<\/span><strong>red eMadrid<\/strong><span>\u00a0<\/span>(proyecto que agrupa a investigadores de la<span>\u00a0<\/span><strong>UC3M, UAM, UCM, UPM, UNED y URJC<\/strong>) ser\u00e1n<span>\u00a0<\/span><strong>gratuitas y abiertas al p\u00fablico en general<\/strong><span>\u00a0<\/span>previa inscripci\u00f3n\u00a0<a href=\"https:\/\/www.eventbrite.es\/e\/entradas-x-jornadas-emadrid-e-learning-en-la-nueva-normalidad-108666791298#tickets\">(aqu\u00ed).<\/a><\/p>\n<ul style=\"text-align: justify\">\n<li><strong>Temas de los que hablaremos:\u00a0<\/strong>durante la crisis por la COVID-19, el E-learning est\u00e1 demostrando su importancia y su relevancia, hasta hacerse imprescindible. Ahora es momento de preguntarnos cu\u00e1l va a ser su papel en la llamada &#8220;nueva normalidad&#8221;. En torno a esta cuesti\u00f3n van a girar las diferentes ponencias y mesas redondas de las X Jornadas eMadrid.<\/li>\n<\/ul>\n<ul style=\"text-align: justify\">\n<li><strong>A qui\u00e9n le interesar asistir<\/strong>: a todas aquellas personas que, provengan o no del sector educativo, est\u00e9n convencidas de la necesidad de entender su profunda transformaci\u00f3n digital, especialmente en los tiempos que corren.<\/li>\n<\/ul>\n<p style=\"text-align: justify\">El programa de estas<strong><span>\u00a0<\/span>jornadas gratuitas<\/strong>\u00a0se completa con una\u00a0<strong>sesi\u00f3n especial,\u00a0<\/strong><strong>denominada \u00abLightning Talks\u00bb<\/strong>, en la que participar\u00e1n peque\u00f1as empresas que est\u00e9n impulsando una actividad emprendedora en el\u00a0\u00e1mbito de las tecnolog\u00edas educativas. En este espacio podr\u00e1n exponer\u00a0los proyectos en los que est\u00e1n trabajando.<\/p>\n<p style=\"text-align: justify\">Por \u00faltimo, destacar tambi\u00e9n dentro de nuestro programa la entrega\u00a0de los<span>\u00a0<\/span><strong>Premios eMadrid 2020<\/strong>, unos galardones con los que esta red suma apoyos al impulso de la investigaci\u00f3n y\/o desarrollo de tecnolog\u00edas educativas. El jurado reconocer\u00e1<span>\u00a0<\/span><strong>tres categor\u00edas premiadas: mejor trabajo fin de Grado (TFG),\u00a0<\/strong><strong>mejor trabajo fin de M\u00e1ster (TFM) y mejor tesis doctoral.\u00a0<\/strong>\u00a0Los ganadores de esta edici\u00f3n son:<\/p>\n<ul style=\"text-align: justify\">\n<li><strong>Laura Hidalgo Rueda,\u00a0<\/strong>Premio eMadrid 2020 al Mejor Trabajo de Fin de Grado (<span><i>&#8220;RODY: Aplicaci\u00f3n educativa para ni\u00f1os de educaci\u00f3n infantil&#8221;).<\/i><\/span><\/li>\n<li><strong><span>Roberto Daza<\/span><\/strong><span>\u00a0Garc\u00eda, Premio eMadrid 2020 al Mejor Trabajo de Fin de M\u00e1ster (<\/span><span><i>&#8220;Dise\u00f1o de plataforma de monitorizaci\u00f3n de estudiantes en l\u00ednea a trav\u00e9s de la interacci\u00f3n hombre-m\u00e1quina&#8221;).<\/i><\/span><\/li>\n<li><strong>Laia Alb\u00f3 P\u00e9rez\u00a0<\/strong>y\u00a0<strong>Konstantinos Michos,\u00a0<\/strong>Premio eMadrid 2020\u00a0<em>ex aequo<\/em><span>\u00a0<\/span>a la Mejor Tesis Doctoral (<em>&#8220;Visual data-enriched design technology for blended learning&#8221;\u00a0<\/em>y\u00a0<span><i>&#8220;Supporting teachers as designers with community and learning analytics: a framework, technology and case studies&#8221;).<\/i><\/span><\/li>\n<\/ul>\n<p style=\"text-align: justify\">Las\u00a0<strong>X Jornadas eMadrid\u00a0<\/strong><span>\u00a0<\/span>se celebran en colaboraci\u00f3n con el proyecto<span>\u00a0<\/span><a href=\"http:\/\/www.profxxi.org\/\">PROF-XXI<\/a><\/p>\n<p>[\/et_pb_text][et_pb_button button_url=&#8221;https:\/\/eu.bbcollab.com\/guest\/9d8276983f4647e19fec4d135afd07af&#8221; button_text=&#8221;Accede al evento&#8221; _builder_version=&#8221;4.16&#8243; custom_button=&#8221;on&#8221; button_text_size=&#8221;14px&#8221; button_text_color=&#8221;#FFFFFF&#8221; button_bg_color=&#8221;#8300E9&#8243; button_border_width=&#8221;10px&#8221; button_border_color=&#8221;rgba(0,0,0,0)&#8221; button_border_radius=&#8221;100px&#8221; button_letter_spacing=&#8221;3px&#8221; button_font=&#8221;Roboto|700||on|||||&#8221; button_text_color_hover=&#8221;#ffffff&#8221; button_letter_spacing_hover=&#8221;3px&#8221; global_colors_info=&#8221;{}&#8221; button_text_size__hover_enabled=&#8221;off&#8221; button_one_text_size__hover_enabled=&#8221;off&#8221; button_two_text_size__hover_enabled=&#8221;off&#8221; button_text_color__hover_enabled=&#8221;on&#8221; button_text_color__hover=&#8221;#ffffff&#8221; button_one_text_color__hover_enabled=&#8221;off&#8221; button_two_text_color__hover_enabled=&#8221;off&#8221; button_border_width__hover_enabled=&#8221;off&#8221; button_one_border_width__hover_enabled=&#8221;off&#8221; button_two_border_width__hover_enabled=&#8221;off&#8221; button_border_color__hover_enabled=&#8221;off&#8221; button_one_border_color__hover_enabled=&#8221;off&#8221; button_two_border_color__hover_enabled=&#8221;off&#8221; button_border_radius__hover_enabled=&#8221;off&#8221; button_one_border_radius__hover_enabled=&#8221;off&#8221; button_two_border_radius__hover_enabled=&#8221;off&#8221; button_letter_spacing__hover_enabled=&#8221;on&#8221; button_letter_spacing__hover=&#8221;3px&#8221; button_one_letter_spacing__hover_enabled=&#8221;off&#8221; button_two_letter_spacing__hover_enabled=&#8221;off&#8221; button_bg_color__hover_enabled=&#8221;off&#8221; button_one_bg_color__hover_enabled=&#8221;off&#8221; button_two_bg_color__hover_enabled=&#8221;off&#8221;][\/et_pb_button][\/et_pb_column][\/et_pb_row][\/et_pb_section][et_pb_section fb_built=&#8221;1&#8243; admin_label=&#8221;Schedule&#8221; _builder_version=&#8221;4.16&#8243; max_width_tablet=&#8221;&#8221; max_width_phone=&#8221;100%&#8221; max_width_last_edited=&#8221;on|phone&#8221; custom_margin=&#8221;|||&#8221; custom_padding=&#8221;54px|0px|4px|0px|false|false&#8221; global_colors_info=&#8221;{}&#8221;][et_pb_row _builder_version=&#8221;4.16&#8243; custom_margin=&#8221;||60px|&#8221; global_colors_info=&#8221;{}&#8221;][et_pb_column type=&#8221;4_4&#8243; _builder_version=&#8221;4.16&#8243; custom_padding=&#8221;|||&#8221; global_colors_info=&#8221;{}&#8221; custom_padding__hover=&#8221;|||&#8221;][et_pb_text _builder_version=&#8221;4.16&#8243; text_font=&#8221;||||||||&#8221; text_font_size=&#8221;20px&#8221; text_line_height=&#8221;1.9em&#8221; header_font=&#8221;||||||||&#8221; header_2_font=&#8221;Roboto|300|||||||&#8221; header_2_font_size=&#8221;50px&#8221; header_2_line_height=&#8221;1.2em&#8221; text_orientation=&#8221;center&#8221; max_width=&#8221;700px&#8221; max_width_tablet=&#8221;&#8221; max_width_phone=&#8221;&#8221; max_width_last_edited=&#8221;on|desktop&#8221; module_alignment=&#8221;center&#8221; header_2_font_size_tablet=&#8221;40px&#8221; header_2_font_size_phone=&#8221;32px&#8221; header_2_font_size_last_edited=&#8221;on|phone&#8221; global_colors_info=&#8221;{}&#8221;]<\/p>\n<h2>Programa<\/h2>\n<p>23 de septiembre de 2020<\/p>\n<p>[\/et_pb_text][\/et_pb_column][\/et_pb_row][et_pb_row column_structure=&#8221;1_4,1_4,1_2&#8243; _builder_version=&#8221;4.16&#8243; max_width=&#8221;900px&#8221; custom_margin_tablet=&#8221;|||&#8221; custom_margin_phone=&#8221;|||&#8221; custom_margin_last_edited=&#8221;on|desktop&#8221; animation_style=&#8221;zoom&#8221; animation_direction=&#8221;top&#8221; animation_intensity_zoom=&#8221;10%&#8221; border_color_all=&#8221;rgba(51,51,51,0.05)&#8221; border_width_bottom=&#8221;2px&#8221; use_custom_width=&#8221;on&#8221; custom_width_px=&#8221;900px&#8221; global_colors_info=&#8221;{}&#8221;][et_pb_column type=&#8221;1_4&#8243; _builder_version=&#8221;4.16&#8243; custom_padding=&#8221;|||&#8221; global_colors_info=&#8221;{}&#8221; custom_padding__hover=&#8221;|||&#8221;][et_pb_text _builder_version=&#8221;4.16&#8243; text_line_height=&#8221;1.9em&#8221; header_font=&#8221;||||||||&#8221; header_6_font=&#8221;Roboto|||on|||||&#8221; header_6_font_size=&#8221;20px&#8221; header_6_line_height=&#8221;1.2em&#8221; global_colors_info=&#8221;{}&#8221;]<\/p>\n<h6>09:30 &#8211; 10:00<\/h6>\n<p>[\/et_pb_text][\/et_pb_column][et_pb_column type=&#8221;1_4&#8243; _builder_version=&#8221;4.16&#8243; custom_padding=&#8221;|||&#8221; global_colors_info=&#8221;{}&#8221; custom_padding__hover=&#8221;|||&#8221;][et_pb_text _builder_version=&#8221;4.16&#8243; text_font=&#8221;||||||||&#8221; text_text_color=&#8221;#8300E9&#8243; text_line_height=&#8221;1.9em&#8221; header_font=&#8221;||||||||&#8221; header_3_font=&#8221;||||||||&#8221; header_4_font=&#8221;||||||||&#8221; header_5_font=&#8221;Roboto||||||||&#8221; header_5_text_color=&#8221;#00b2e5&#8243; header_5_line_height=&#8221;1.4em&#8221; header_6_font=&#8221;||||||||&#8221; global_colors_info=&#8221;{}&#8221;]<\/p>\n<p style=\"text-align: center\"><strong><a href=\"https:\/\/www.slideshare.net\/emadridnet\/20200923-x-jornadas-emadrid\" target=\"_blank\" rel=\"noopener\">Apertura de las X Jornadas eMadrid\u00a0<\/a><\/strong><\/p>\n<p><strong><a href=\"https:\/\/vimeo.com\/571204563\" target=\"_blank\" rel=\"noopener\">\u00a0<\/a><\/strong><\/p>\n<p>[\/et_pb_text][\/et_pb_column][et_pb_column type=&#8221;1_2&#8243; _builder_version=&#8221;4.16&#8243; custom_padding=&#8221;|||&#8221; global_colors_info=&#8221;{}&#8221; custom_padding__hover=&#8221;|||&#8221;][et_pb_image src=&#8221;https:\/\/storage.googleapis.com\/wp-uploads.bucket.wp.uc3m.es\/wp-content\/uploads\/sites\/40\/2021\/11\/11111337\/descarga-10-1.jpg&#8221; title_text=&#8221;descarga (10)&#8221; _builder_version=&#8221;4.16&#8243; _module_preset=&#8221;default&#8221; min_height=&#8221;5px&#8221; height=&#8221;100px&#8221; global_colors_info=&#8221;{}&#8221;][\/et_pb_image][et_pb_text _builder_version=&#8221;4.16&#8243; text_font=&#8221;||||||||&#8221; text_font_size=&#8221;16px&#8221; text_line_height=&#8221;1.9em&#8221; header_font=&#8221;||||||||&#8221; header_6_font=&#8221;Roboto||||||||&#8221; header_6_text_color=&#8221;#00b2e5&#8243; header_6_font_size=&#8221;20px&#8221; header_6_line_height=&#8221;1.2em&#8221; global_colors_info=&#8221;{}&#8221;]<\/p>\n<p><strong>Alfonso Gonz\u00e1lez Hermoso de Mendoza. <\/strong>Viceconsejero de Ciencia, Universidades e Innovaci\u00f3n de la Comunidad de Madrid<\/p>\n<p>[\/et_pb_text][et_pb_image src=&#8221;https:\/\/storage.googleapis.com\/wp-uploads.bucket.wp.uc3m.es\/wp-content\/uploads\/sites\/40\/2021\/11\/11111610\/1371276199107.jpg&#8221; title_text=&#8221;1371276199107&#8243; _builder_version=&#8221;4.16&#8243; _module_preset=&#8221;default&#8221; height=&#8221;100px&#8221; global_colors_info=&#8221;{}&#8221;][\/et_pb_image][et_pb_text _builder_version=&#8221;4.16&#8243; _module_preset=&#8221;default&#8221; global_colors_info=&#8221;{}&#8221;]<\/p>\n<p><b>Juan Jos\u00e9 Vaquero L\u00f3pez<\/b><span>, Vicerrector de Pol\u00edtica Cient\u00edfica, Universidad Carlos III de Madrid<\/span><\/p>\n<p>[\/et_pb_text][et_pb_image src=&#8221;https:\/\/storage.googleapis.com\/wp-uploads.bucket.wp.uc3m.es\/wp-content\/uploads\/sites\/40\/2021\/11\/10111803\/1371212474099.jpg&#8221; title_text=&#8221;1371212474099&#8243; _builder_version=&#8221;4.16&#8243; _module_preset=&#8221;default&#8221; height=&#8221;100px&#8221; global_colors_info=&#8221;{}&#8221;][\/et_pb_image][et_pb_text _builder_version=&#8221;4.16&#8243; _module_preset=&#8221;default&#8221; global_colors_info=&#8221;{}&#8221;]<\/p>\n<p><b>Carlos Delgado Kloos<\/b><span>, Coordinador de la Red eMadrid, Universidad Carlos III de Madrid<\/span><\/p>\n<p>[\/et_pb_text][\/et_pb_column][\/et_pb_row][et_pb_row column_structure=&#8221;1_4,1_4,1_2&#8243; _builder_version=&#8221;4.16&#8243; max_width=&#8221;900px&#8221; custom_margin_tablet=&#8221;|||&#8221; custom_margin_phone=&#8221;|||&#8221; custom_margin_last_edited=&#8221;on|desktop&#8221; animation_style=&#8221;zoom&#8221; animation_direction=&#8221;top&#8221; animation_intensity_zoom=&#8221;10%&#8221; border_color_all=&#8221;rgba(51,51,51,0.05)&#8221; border_width_bottom=&#8221;2px&#8221; use_custom_width=&#8221;on&#8221; custom_width_px=&#8221;900px&#8221; global_colors_info=&#8221;{}&#8221;][et_pb_column type=&#8221;1_4&#8243; _builder_version=&#8221;4.16&#8243; custom_padding=&#8221;|||&#8221; global_colors_info=&#8221;{}&#8221; custom_padding__hover=&#8221;|||&#8221;][\/et_pb_column][et_pb_column type=&#8221;1_4&#8243; _builder_version=&#8221;4.16&#8243; custom_padding=&#8221;|||&#8221; global_colors_info=&#8221;{}&#8221; custom_padding__hover=&#8221;|||&#8221;][et_pb_text _builder_version=&#8221;4.16&#8243; text_font=&#8221;||||||||&#8221; text_line_height=&#8221;1.9em&#8221; header_font=&#8221;||||||||&#8221; header_3_font=&#8221;||||||||&#8221; header_4_font=&#8221;||||||||&#8221; header_5_font=&#8221;Roboto||||||||&#8221; header_5_text_color=&#8221;#00b2e5&#8243; header_5_line_height=&#8221;1.4em&#8221; header_6_font=&#8221;||||||||&#8221; global_colors_info=&#8221;{}&#8221;]<\/p>\n<p style=\"text-align: center\"><strong>Anuncio de los ganadores de los Premios eMadrid 2020<\/strong><\/p>\n<p>[\/et_pb_text][\/et_pb_column][et_pb_column type=&#8221;1_2&#8243; _builder_version=&#8221;4.16&#8243; custom_padding=&#8221;|||&#8221; global_colors_info=&#8221;{}&#8221; custom_padding__hover=&#8221;|||&#8221;][et_pb_image src=&#8221;https:\/\/storage.googleapis.com\/wp-uploads.bucket.wp.uc3m.es\/wp-content\/uploads\/sites\/40\/2021\/11\/11111908\/diploma.png&#8221; title_text=&#8221;diploma&#8221; _builder_version=&#8221;4.16&#8243; _module_preset=&#8221;default&#8221; global_colors_info=&#8221;{}&#8221;][\/et_pb_image][\/et_pb_column][\/et_pb_row][et_pb_row column_structure=&#8221;1_4,1_4,1_2&#8243; _builder_version=&#8221;4.16&#8243; max_width=&#8221;900px&#8221; custom_margin_tablet=&#8221;|||&#8221; custom_margin_phone=&#8221;|||&#8221; custom_margin_last_edited=&#8221;on|desktop&#8221; animation_style=&#8221;zoom&#8221; animation_direction=&#8221;top&#8221; animation_intensity_zoom=&#8221;10%&#8221; border_color_all=&#8221;rgba(51,51,51,0.05)&#8221; border_width_bottom=&#8221;2px&#8221; use_custom_width=&#8221;on&#8221; custom_width_px=&#8221;900px&#8221; global_colors_info=&#8221;{}&#8221;][et_pb_column type=&#8221;1_4&#8243; _builder_version=&#8221;4.16&#8243; custom_padding=&#8221;|||&#8221; global_colors_info=&#8221;{}&#8221; custom_padding__hover=&#8221;|||&#8221;][et_pb_text _builder_version=&#8221;4.16&#8243; text_line_height=&#8221;1.9em&#8221; header_font=&#8221;||||||||&#8221; header_6_font=&#8221;Roboto|||on|||||&#8221; header_6_font_size=&#8221;20px&#8221; header_6_line_height=&#8221;1.2em&#8221; global_colors_info=&#8221;{}&#8221;]<\/p>\n<h6>10:00 &#8211; 11:30<\/h6>\n<p>[\/et_pb_text][\/et_pb_column][et_pb_column type=&#8221;1_4&#8243; _builder_version=&#8221;4.16&#8243; custom_padding=&#8221;|||&#8221; global_colors_info=&#8221;{}&#8221; custom_padding__hover=&#8221;|||&#8221;][et_pb_text _builder_version=&#8221;4.16&#8243; text_font=&#8221;||||||||&#8221; text_line_height=&#8221;1.9em&#8221; header_font=&#8221;||||||||&#8221; header_3_font=&#8221;||||||||&#8221; header_4_font=&#8221;||||||||&#8221; header_5_font=&#8221;Roboto||||||||&#8221; header_5_text_color=&#8221;#00b2e5&#8243; header_5_line_height=&#8221;1.4em&#8221; header_6_font=&#8221;||||||||&#8221; global_colors_info=&#8221;{}&#8221;]<\/p>\n<p style=\"text-align: center\"><a href=\"https:\/\/vimeo.com\/472534924\" target=\"_blank\" rel=\"noopener\"><strong>Mesa redonda:\u00a0&#8220;Las universidades p\u00fablicas madrile\u00f1as en la nueva normalidad&#8221;<\/strong><\/a><\/p>\n<p>[\/et_pb_text][\/et_pb_column][et_pb_column type=&#8221;1_2&#8243; _builder_version=&#8221;4.16&#8243; custom_padding=&#8221;|||&#8221; global_colors_info=&#8221;{}&#8221; custom_padding__hover=&#8221;|||&#8221;][et_pb_image src=&#8221;https:\/\/storage.googleapis.com\/wp-uploads.bucket.wp.uc3m.es\/wp-content\/uploads\/sites\/40\/2021\/11\/11112318\/BeFunky-collage-1.jpg&#8221; title_text=&#8221;BeFunky-collage (1)&#8221; _builder_version=&#8221;4.16&#8243; _module_preset=&#8221;default&#8221; height=&#8221;100px&#8221; global_colors_info=&#8221;{}&#8221;][\/et_pb_image][et_pb_text _builder_version=&#8221;4.16&#8243; text_font=&#8221;||||||||&#8221; text_font_size=&#8221;16px&#8221; text_line_height=&#8221;1.9em&#8221; header_font=&#8221;||||||||&#8221; header_6_font=&#8221;Roboto||||||||&#8221; header_6_text_color=&#8221;#00b2e5&#8243; header_6_font_size=&#8221;20px&#8221; header_6_line_height=&#8221;1.2em&#8221; global_colors_info=&#8221;{}&#8221;]<\/p>\n<p style=\"text-align: justify\">Moderada por\u00a0<strong>Alfonso Gonz\u00e1lez Hermoso de Mendoza<\/strong>,\u00a0Viceconsejero de Ciencia, Universidad e Innovaci\u00f3n de la Comunidad de Madrid.<\/p>\n<ul>\n<li style=\"text-align: justify\"><strong>Jos\u00e9 Miguel Atienza Riera,\u00a0<\/strong>Vicerrector de Estrategia Acad\u00e9mica e Internacionalizaci\u00f3n de la Universidad Polit\u00e9cnica de Madrid (UPM).<\/li>\n<li style=\"text-align: justify\"><strong>Carlos Delgado Kloos,\u00a0<\/strong>Vicerrector de Estrategia y Educaci\u00f3n Digital de la Universidad Carlos III de Madrid (UC3M).<\/li>\n<li style=\"text-align: justify\"><strong>Jorge J. G\u00f3mez Sanz,\u00a0<\/strong>Vicerrector de Tecnolog\u00eda y Sostenibilidad de la Universidad Complutense de Madrid (UCM).<\/li>\n<li style=\"text-align: justify\"><strong>Jes\u00fas Gonz\u00e1lez Boticario,\u00a0<\/strong>Vicerrector de Digitalizaci\u00f3n e Innovaci\u00f3n de la UNED.<\/li>\n<li style=\"text-align: justify\"><strong>Juan Antonio Huertas Mart\u00ednez,\u00a0<\/strong>Vicerrector de Docencia, Innovaci\u00f3n Educativa y Calidad de la Universidad Aut\u00f3noma de Madrid (UAM).<\/li>\n<li style=\"text-align: justify\"><strong>Alberto S\u00e1nchez Campos,\u00a0<\/strong>Vicerrector de Digitalizaci\u00f3n de la Universidad Rey Juan Carlos (URJC)<\/li>\n<li style=\"text-align: justify\"><strong>Juan Ram\u00f3n Velasco P\u00e9rez<\/strong>, Vicerrector de Estrategia y Planificaci\u00f3n de la Universidad de Alcal\u00e1 (UAH).<\/li>\n<\/ul>\n<p>[\/et_pb_text][\/et_pb_column][\/et_pb_row][et_pb_row column_structure=&#8221;1_4,1_4,1_2&#8243; _builder_version=&#8221;4.16&#8243; max_width=&#8221;900px&#8221; custom_margin_tablet=&#8221;|||&#8221; custom_margin_phone=&#8221;|||&#8221; custom_margin_last_edited=&#8221;on|desktop&#8221; animation_style=&#8221;zoom&#8221; animation_direction=&#8221;top&#8221; animation_intensity_zoom=&#8221;10%&#8221; border_color_all=&#8221;rgba(51,51,51,0.05)&#8221; border_width_bottom=&#8221;2px&#8221; use_custom_width=&#8221;on&#8221; custom_width_px=&#8221;900px&#8221; global_colors_info=&#8221;{}&#8221;][et_pb_column type=&#8221;1_4&#8243; _builder_version=&#8221;4.16&#8243; custom_padding=&#8221;|||&#8221; global_colors_info=&#8221;{}&#8221; custom_padding__hover=&#8221;|||&#8221;][et_pb_text _builder_version=&#8221;4.16&#8243; text_line_height=&#8221;1.9em&#8221; header_font=&#8221;||||||||&#8221; header_6_font=&#8221;Roboto|||on|||||&#8221; header_6_font_size=&#8221;20px&#8221; header_6_line_height=&#8221;1.2em&#8221; global_colors_info=&#8221;{}&#8221;]<\/p>\n<h6>12:00 &#8211; 13:00<\/h6>\n<p>[\/et_pb_text][\/et_pb_column][et_pb_column type=&#8221;1_4&#8243; _builder_version=&#8221;4.16&#8243; custom_padding=&#8221;|||&#8221; global_colors_info=&#8221;{}&#8221; custom_padding__hover=&#8221;|||&#8221;][et_pb_text _builder_version=&#8221;4.16&#8243; text_font=&#8221;||||||||&#8221; text_line_height=&#8221;1.9em&#8221; header_font=&#8221;||||||||&#8221; header_3_font=&#8221;||||||||&#8221; header_4_font=&#8221;||||||||&#8221; header_5_font=&#8221;Roboto||||||||&#8221; header_5_text_color=&#8221;#00b2e5&#8243; header_5_line_height=&#8221;1.4em&#8221; header_6_font=&#8221;||||||||&#8221; width=&#8221;100%&#8221; global_colors_info=&#8221;{}&#8221;]<\/p>\n<p style=\"text-align: center\"><a href=\"https:\/\/vimeo.com\/462963162\" target=\"_blank\" rel=\"noopener\"><b><span>Mesa redonda:\u00a0<\/span><strong>&#8220;Universidades europeas en la nueva normalidad&#8221;<\/strong> <\/b><\/a><span style=\"color: #000000\"><em>(En ingl\u00e9s)<\/em><\/span><\/p>\n<p>[\/et_pb_text][\/et_pb_column][et_pb_column type=&#8221;1_2&#8243; _builder_version=&#8221;4.16&#8243; custom_padding=&#8221;|||&#8221; global_colors_info=&#8221;{}&#8221; custom_padding__hover=&#8221;|||&#8221;][et_pb_image src=&#8221;https:\/\/storage.googleapis.com\/wp-uploads.bucket.wp.uc3m.es\/wp-content\/uploads\/sites\/40\/2021\/11\/11112713\/hanspongratz.jpg&#8221; title_text=&#8221;hanspongratz&#8221; _builder_version=&#8221;4.16&#8243; _module_preset=&#8221;default&#8221; height=&#8221;100px&#8221; global_colors_info=&#8221;{}&#8221;][\/et_pb_image][et_pb_text _builder_version=&#8221;4.16&#8243; text_font=&#8221;||||||||&#8221; text_font_size=&#8221;16px&#8221; text_line_height=&#8221;1.9em&#8221; header_font=&#8221;||||||||&#8221; header_6_font=&#8221;Roboto||||||||&#8221; header_6_text_color=&#8221;#00b2e5&#8243; header_6_font_size=&#8221;20px&#8221; header_6_line_height=&#8221;1.2em&#8221; global_colors_info=&#8221;{}&#8221;]<\/p>\n<p><a href=\"https:\/\/www.slideshare.net\/emadridnet\/20200923-faceing-covid19-and-the-new-normal-at-tum-hans-pongratz\" target=\"_blank\" rel=\"noopener\"><strong>Hans Pongratz<\/strong>, Vicepresidente Senior de IT-Systems and Services (CIO). Universidad T\u00e9cnica de M\u00fanich, Alemania<\/a><\/p>\n<p>[\/et_pb_text][\/et_pb_column][\/et_pb_row][et_pb_row column_structure=&#8221;1_4,1_4,1_2&#8243; _builder_version=&#8221;4.16&#8243; max_width=&#8221;900px&#8221; custom_margin_tablet=&#8221;|||&#8221; custom_margin_phone=&#8221;|||&#8221; custom_margin_last_edited=&#8221;on|desktop&#8221; animation_style=&#8221;zoom&#8221; animation_direction=&#8221;top&#8221; animation_intensity_zoom=&#8221;10%&#8221; border_color_all=&#8221;rgba(51,51,51,0.05)&#8221; border_width_bottom=&#8221;2px&#8221; use_custom_width=&#8221;on&#8221; custom_width_px=&#8221;900px&#8221; global_colors_info=&#8221;{}&#8221;][et_pb_column type=&#8221;1_4&#8243; _builder_version=&#8221;4.16&#8243; custom_padding=&#8221;|||&#8221; global_colors_info=&#8221;{}&#8221; custom_padding__hover=&#8221;|||&#8221;][\/et_pb_column][et_pb_column type=&#8221;1_4&#8243; _builder_version=&#8221;4.16&#8243; custom_padding=&#8221;|||&#8221; global_colors_info=&#8221;{}&#8221; custom_padding__hover=&#8221;|||&#8221;][\/et_pb_column][et_pb_column type=&#8221;1_2&#8243; _builder_version=&#8221;4.16&#8243; custom_padding=&#8221;|||&#8221; global_colors_info=&#8221;{}&#8221; custom_padding__hover=&#8221;|||&#8221;][et_pb_image src=&#8221;https:\/\/storage.googleapis.com\/wp-uploads.bucket.wp.uc3m.es\/wp-content\/uploads\/sites\/40\/2021\/11\/11112859\/157873.jpg&#8221; title_text=&#8221;157873&#8243; _builder_version=&#8221;4.16&#8243; _module_preset=&#8221;default&#8221; height=&#8221;100px&#8221; global_colors_info=&#8221;{}&#8221;][\/et_pb_image][et_pb_text _builder_version=&#8221;4.16&#8243; text_font=&#8221;||||||||&#8221; text_font_size=&#8221;16px&#8221; text_line_height=&#8221;1.9em&#8221; header_font=&#8221;||||||||&#8221; header_6_font=&#8221;Roboto||||||||&#8221; header_6_text_color=&#8221;#00b2e5&#8243; header_6_font_size=&#8221;20px&#8221; header_6_line_height=&#8221;1.2em&#8221; global_colors_info=&#8221;{}&#8221;]<\/p>\n<p style=\"text-align: justify\"><a href=\"https:\/\/www.slideshare.net\/emadridnet\/20200923-flexible-teaching-patrick-jermann\"><strong>Patrick Jermann<\/strong>, Director Ejecutivo del Centro de Educaci\u00f3n Digital. Escuela Polit\u00e9cnica Federal de Lausana, Suiza<\/a><\/p>\n<p>[\/et_pb_text][\/et_pb_column][\/et_pb_row][et_pb_row column_structure=&#8221;1_4,1_4,1_2&#8243; _builder_version=&#8221;4.16&#8243; max_width=&#8221;900px&#8221; custom_margin_tablet=&#8221;|||&#8221; custom_margin_phone=&#8221;|||&#8221; custom_margin_last_edited=&#8221;on|desktop&#8221; animation_style=&#8221;zoom&#8221; animation_direction=&#8221;top&#8221; animation_intensity_zoom=&#8221;10%&#8221; border_color_all=&#8221;rgba(51,51,51,0.05)&#8221; border_width_bottom=&#8221;2px&#8221; use_custom_width=&#8221;on&#8221; custom_width_px=&#8221;900px&#8221; global_colors_info=&#8221;{}&#8221;][et_pb_column type=&#8221;1_4&#8243; _builder_version=&#8221;4.16&#8243; custom_padding=&#8221;|||&#8221; global_colors_info=&#8221;{}&#8221; custom_padding__hover=&#8221;|||&#8221;][\/et_pb_column][et_pb_column type=&#8221;1_4&#8243; _builder_version=&#8221;4.16&#8243; custom_padding=&#8221;|||&#8221; global_colors_info=&#8221;{}&#8221; custom_padding__hover=&#8221;|||&#8221;][\/et_pb_column][et_pb_column type=&#8221;1_2&#8243; _builder_version=&#8221;4.16&#8243; custom_padding=&#8221;|||&#8221; global_colors_info=&#8221;{}&#8221; custom_padding__hover=&#8221;|||&#8221;][et_pb_image src=&#8221;https:\/\/storage.googleapis.com\/wp-uploads.bucket.wp.uc3m.es\/wp-content\/uploads\/sites\/40\/2021\/11\/11113039\/MICKL12001.jpg&#8221; title_text=&#8221;MICKL12001&#8243; _builder_version=&#8221;4.16&#8243; _module_preset=&#8221;default&#8221; height=&#8221;100px&#8221; global_colors_info=&#8221;{}&#8221;][\/et_pb_image][et_pb_text _builder_version=&#8221;4.16&#8243; text_font=&#8221;||||||||&#8221; text_font_size=&#8221;16px&#8221; text_line_height=&#8221;1.9em&#8221; header_font=&#8221;||||||||&#8221; header_6_font=&#8221;Roboto||||||||&#8221; header_6_text_color=&#8221;#00b2e5&#8243; header_6_font_size=&#8221;20px&#8221; header_6_line_height=&#8221;1.2em&#8221; global_colors_info=&#8221;{}&#8221;]<\/p>\n<p><b>Dominic Micklewright, <\/b>Decano de Cooperaci\u00f3n. Universidad de Essex, Reino Unido<\/p>\n<p>[\/et_pb_text][\/et_pb_column][\/et_pb_row][et_pb_row column_structure=&#8221;1_4,1_4,1_2&#8243; _builder_version=&#8221;4.16&#8243; max_width=&#8221;900px&#8221; custom_margin_tablet=&#8221;|||&#8221; custom_margin_phone=&#8221;|||&#8221; custom_margin_last_edited=&#8221;on|desktop&#8221; animation_style=&#8221;zoom&#8221; animation_direction=&#8221;top&#8221; animation_intensity_zoom=&#8221;10%&#8221; border_color_all=&#8221;rgba(51,51,51,0.05)&#8221; border_width_bottom=&#8221;2px&#8221; use_custom_width=&#8221;on&#8221; custom_width_px=&#8221;900px&#8221; global_colors_info=&#8221;{}&#8221;][et_pb_column type=&#8221;1_4&#8243; _builder_version=&#8221;4.16&#8243; custom_padding=&#8221;|||&#8221; global_colors_info=&#8221;{}&#8221; custom_padding__hover=&#8221;|||&#8221;][\/et_pb_column][et_pb_column type=&#8221;1_4&#8243; _builder_version=&#8221;4.16&#8243; custom_padding=&#8221;|||&#8221; global_colors_info=&#8221;{}&#8221; custom_padding__hover=&#8221;|||&#8221;][\/et_pb_column][et_pb_column type=&#8221;1_2&#8243; _builder_version=&#8221;4.16&#8243; custom_padding=&#8221;|||&#8221; global_colors_info=&#8221;{}&#8221; custom_padding__hover=&#8221;|||&#8221;][et_pb_image src=&#8221;https:\/\/storage.googleapis.com\/wp-uploads.bucket.wp.uc3m.es\/wp-content\/uploads\/sites\/40\/2021\/11\/11113424\/icondirect.jpg&#8221; title_text=&#8221;icondirect&#8221; _builder_version=&#8221;4.16&#8243; _module_preset=&#8221;default&#8221; height=&#8221;100px&#8221; global_colors_info=&#8221;{}&#8221;][\/et_pb_image][et_pb_text _builder_version=&#8221;4.16&#8243; text_font=&#8221;||||||||&#8221; text_font_size=&#8221;16px&#8221; text_line_height=&#8221;1.9em&#8221; header_font=&#8221;||||||||&#8221; header_6_font=&#8221;Roboto||||||||&#8221; header_6_text_color=&#8221;#00b2e5&#8243; header_6_font_size=&#8221;20px&#8221; header_6_line_height=&#8221;1.2em&#8221; global_colors_info=&#8221;{}&#8221;]<\/p>\n<p><a href=\"https:\/\/www.slideshare.net\/emadridnet\/20200923-transforming-the-university-for-the-postpandemic-world-antnio-moreira-texeira\"><strong>Ant\u00f3nio Moreira Teixera.<\/strong> <\/a>Universidade Aberta, Portugal<\/p>\n<p>[\/et_pb_text][\/et_pb_column][\/et_pb_row][et_pb_row column_structure=&#8221;1_4,1_4,1_2&#8243; _builder_version=&#8221;4.16&#8243; max_width=&#8221;900px&#8221; custom_margin_tablet=&#8221;|||&#8221; custom_margin_phone=&#8221;|||&#8221; custom_margin_last_edited=&#8221;on|desktop&#8221; animation_style=&#8221;zoom&#8221; animation_direction=&#8221;top&#8221; animation_intensity_zoom=&#8221;10%&#8221; border_color_all=&#8221;rgba(51,51,51,0.05)&#8221; border_width_bottom=&#8221;2px&#8221; use_custom_width=&#8221;on&#8221; custom_width_px=&#8221;900px&#8221; global_colors_info=&#8221;{}&#8221;][et_pb_column type=&#8221;1_4&#8243; _builder_version=&#8221;4.16&#8243; custom_padding=&#8221;|||&#8221; global_colors_info=&#8221;{}&#8221; custom_padding__hover=&#8221;|||&#8221;][et_pb_text _builder_version=&#8221;4.16&#8243; _module_preset=&#8221;default&#8221; global_colors_info=&#8221;{}&#8221;]<\/p>\n<h6><strong>13:00 &#8211; 13:30<\/strong><\/h6>\n<p>[\/et_pb_text][\/et_pb_column][et_pb_column type=&#8221;1_4&#8243; _builder_version=&#8221;4.16&#8243; custom_padding=&#8221;|||&#8221; global_colors_info=&#8221;{}&#8221; custom_padding__hover=&#8221;|||&#8221;][et_pb_text _builder_version=&#8221;4.16&#8243; _module_preset=&#8221;default&#8221; global_colors_info=&#8221;{}&#8221;]<\/p>\n<p style=\"text-align: center\"><strong><a href=\"https:\/\/emadridnet.uc3m.es\/2021\/11\/23\/openlabs-en-la-educacion-superior\/\" target=\"_blank\" rel=\"noopener\">\u00abOpenLabs en la educaci\u00f3n superior\u00bb <\/a><\/strong><em>(English)<\/em><\/p>\n<p>[\/et_pb_text][\/et_pb_column][et_pb_column type=&#8221;1_2&#8243; _builder_version=&#8221;4.16&#8243; custom_padding=&#8221;|||&#8221; global_colors_info=&#8221;{}&#8221; custom_padding__hover=&#8221;|||&#8221;][et_pb_image src=&#8221;https:\/\/storage.googleapis.com\/wp-uploads.bucket.wp.uc3m.es\/wp-content\/uploads\/sites\/40\/2021\/11\/23150636\/GCA_aug_2014_resized.jpg&#8221; title_text=&#8221;GCA_aug_2014_resized&#8221; _builder_version=&#8221;4.16&#8243; _module_preset=&#8221;default&#8221; height=&#8221;100px&#8221; global_colors_info=&#8221;{}&#8221;][\/et_pb_image][et_pb_text _builder_version=&#8221;4.16&#8243; text_font=&#8221;||||||||&#8221; text_font_size=&#8221;16px&#8221; text_line_height=&#8221;1.9em&#8221; header_font=&#8221;||||||||&#8221; header_6_font=&#8221;Roboto||||||||&#8221; header_6_text_color=&#8221;#00b2e5&#8243; header_6_font_size=&#8221;20px&#8221; header_6_line_height=&#8221;1.2em&#8221; global_colors_info=&#8221;{}&#8221;]<\/p>\n<p><b>Gustavo Alves,<\/b>Instituto Polit\u00e9cnico de Porto (IPP), Portugal<\/p>\n<p>[\/et_pb_text][\/et_pb_column][\/et_pb_row][et_pb_row column_structure=&#8221;1_4,1_4,1_2&#8243; _builder_version=&#8221;4.16&#8243; max_width=&#8221;900px&#8221; custom_margin_tablet=&#8221;|||&#8221; custom_margin_phone=&#8221;|||&#8221; custom_margin_last_edited=&#8221;on|desktop&#8221; animation_style=&#8221;zoom&#8221; animation_direction=&#8221;top&#8221; animation_intensity_zoom=&#8221;10%&#8221; border_color_all=&#8221;rgba(51,51,51,0.05)&#8221; border_width_bottom=&#8221;2px&#8221; use_custom_width=&#8221;on&#8221; custom_width_px=&#8221;900px&#8221; global_colors_info=&#8221;{}&#8221;][et_pb_column type=&#8221;1_4&#8243; _builder_version=&#8221;4.16&#8243; custom_padding=&#8221;|||&#8221; global_colors_info=&#8221;{}&#8221; custom_padding__hover=&#8221;|||&#8221;][et_pb_text _builder_version=&#8221;4.16&#8243; _module_preset=&#8221;default&#8221; global_colors_info=&#8221;{}&#8221;]<\/p>\n<h6><strong>13:30 &#8211; 14:00<\/strong><\/h6>\n<p>[\/et_pb_text][\/et_pb_column][et_pb_column type=&#8221;1_4&#8243; _builder_version=&#8221;4.16&#8243; custom_padding=&#8221;|||&#8221; global_colors_info=&#8221;{}&#8221; custom_padding__hover=&#8221;|||&#8221;][et_pb_text _builder_version=&#8221;4.16&#8243; _module_preset=&#8221;default&#8221; global_colors_info=&#8221;{}&#8221;]<\/p>\n<p style=\"text-align: center\"><strong><a href=\"https:\/\/emadridnet.uc3m.es\/2021\/11\/23\/trabajo-de-campo-en-linea-oportunidades-para-el-trabajo-de-campo-a-distancia\/\" target=\"_blank\" rel=\"noopener\">\u00abTrabajo de campo en l\u00ednea: oportunidades para el trabajo de campo a distancia\u00bb<\/a><\/strong><\/p>\n<p>[\/et_pb_text][\/et_pb_column][et_pb_column type=&#8221;1_2&#8243; _builder_version=&#8221;4.16&#8243; custom_padding=&#8221;|||&#8221; global_colors_info=&#8221;{}&#8221; custom_padding__hover=&#8221;|||&#8221;][et_pb_image src=&#8221;https:\/\/storage.googleapis.com\/wp-uploads.bucket.wp.uc3m.es\/wp-content\/uploads\/sites\/40\/2021\/11\/23150856\/trevor-collins-photo-sept-2019-scaled.jpg&#8221; title_text=&#8221;trevor-collins-photo-sept-2019&#8243; _builder_version=&#8221;4.16&#8243; _module_preset=&#8221;default&#8221; height=&#8221;100px&#8221; global_colors_info=&#8221;{}&#8221;][\/et_pb_image][et_pb_text _builder_version=&#8221;4.16&#8243; text_font=&#8221;||||||||&#8221; text_font_size=&#8221;16px&#8221; text_line_height=&#8221;1.9em&#8221; header_font=&#8221;||||||||&#8221; header_6_font=&#8221;Roboto||||||||&#8221; header_6_text_color=&#8221;#00b2e5&#8243; header_6_font_size=&#8221;20px&#8221; header_6_line_height=&#8221;1.2em&#8221; global_colors_info=&#8221;{}&#8221;]<\/p>\n<p style=\"text-align: justify\"><strong>Trevor Collins, <\/strong>Investigador del Knowledge Media Institute (KMI). The Open University, Reino Unido<\/p>\n<p>[\/et_pb_text][\/et_pb_column][\/et_pb_row][et_pb_row column_structure=&#8221;1_3,2_3&#8243; _builder_version=&#8221;4.16&#8243; max_width=&#8221;900px&#8221; custom_margin_tablet=&#8221;|||&#8221; custom_margin_phone=&#8221;|||&#8221; custom_margin_last_edited=&#8221;on|desktop&#8221; animation_style=&#8221;zoom&#8221; animation_direction=&#8221;top&#8221; animation_intensity_zoom=&#8221;10%&#8221; border_color_all=&#8221;rgba(51,51,51,0.05)&#8221; border_width_bottom=&#8221;2px&#8221; use_custom_width=&#8221;on&#8221; custom_width_px=&#8221;900px&#8221; global_colors_info=&#8221;{}&#8221;][et_pb_column type=&#8221;1_3&#8243; _builder_version=&#8221;4.16&#8243; custom_padding=&#8221;|||&#8221; global_colors_info=&#8221;{}&#8221; custom_padding__hover=&#8221;|||&#8221;][et_pb_text _builder_version=&#8221;4.16&#8243; _module_preset=&#8221;default&#8221; global_colors_info=&#8221;{}&#8221;]<\/p>\n<h6><strong>14:00 &#8211; 15:00<\/strong><\/h6>\n<p>[\/et_pb_text][\/et_pb_column][et_pb_column type=&#8221;2_3&#8243; _builder_version=&#8221;4.16&#8243; custom_padding=&#8221;|||&#8221; global_colors_info=&#8221;{}&#8221; custom_padding__hover=&#8221;|||&#8221;][et_pb_text _builder_version=&#8221;4.16&#8243; text_font=&#8221;||||||||&#8221; text_font_size=&#8221;16px&#8221; text_line_height=&#8221;1.9em&#8221; header_font=&#8221;||||||||&#8221; header_6_font=&#8221;Roboto||||||||&#8221; header_6_text_color=&#8221;#00b2e5&#8243; header_6_font_size=&#8221;20px&#8221; header_6_line_height=&#8221;1.2em&#8221; global_colors_info=&#8221;{}&#8221;]<\/p>\n<p style=\"text-align: center\"><b>Pausa<\/b><\/p>\n<p>[\/et_pb_text][\/et_pb_column][\/et_pb_row][et_pb_row column_structure=&#8221;1_4,1_4,1_2&#8243; _builder_version=&#8221;4.16&#8243; max_width=&#8221;900px&#8221; custom_margin_tablet=&#8221;|||&#8221; custom_margin_phone=&#8221;|||&#8221; custom_margin_last_edited=&#8221;on|desktop&#8221; animation_style=&#8221;zoom&#8221; animation_direction=&#8221;top&#8221; animation_intensity_zoom=&#8221;10%&#8221; border_color_all=&#8221;rgba(51,51,51,0.05)&#8221; border_width_bottom=&#8221;2px&#8221; border_style_bottom=&#8221;none&#8221; use_custom_width=&#8221;on&#8221; custom_width_px=&#8221;900px&#8221; global_colors_info=&#8221;{}&#8221;][et_pb_column type=&#8221;1_4&#8243; _builder_version=&#8221;4.16&#8243; custom_padding=&#8221;|||&#8221; global_colors_info=&#8221;{}&#8221; custom_padding__hover=&#8221;|||&#8221;][et_pb_text _builder_version=&#8221;4.16&#8243; _module_preset=&#8221;default&#8221; global_colors_info=&#8221;{}&#8221;]<\/p>\n<h6><strong>15:00 &#8211; 16:00<\/strong><\/h6>\n<p>[\/et_pb_text][\/et_pb_column][et_pb_column type=&#8221;1_4&#8243; _builder_version=&#8221;4.16&#8243; custom_padding=&#8221;|||&#8221; global_colors_info=&#8221;{}&#8221; custom_padding__hover=&#8221;|||&#8221;][et_pb_text _builder_version=&#8221;4.16&#8243; _module_preset=&#8221;default&#8221; global_colors_info=&#8221;{}&#8221;]<\/p>\n<p style=\"text-align: center\"><a href=\"https:\/\/vimeo.com\/465300923\" target=\"_blank\" rel=\"noopener\"><strong>Mesa redonda: &#8220;Universidades americanas en la nueva normalidad&#8221;<\/strong><\/a><em> (English)<\/em><\/p>\n<p>[\/et_pb_text][\/et_pb_column][et_pb_column type=&#8221;1_2&#8243; _builder_version=&#8221;4.16&#8243; custom_padding=&#8221;|||&#8221; global_colors_info=&#8221;{}&#8221; custom_padding__hover=&#8221;|||&#8221;][et_pb_image src=&#8221;https:\/\/storage.googleapis.com\/wp-uploads.bucket.wp.uc3m.es\/wp-content\/uploads\/sites\/40\/2021\/11\/23152120\/picture-107436-1567542054.jpg&#8221; title_text=&#8221;picture-107436-1567542054&#8243; _builder_version=&#8221;4.16&#8243; _module_preset=&#8221;default&#8221; height=&#8221;100px&#8221; global_colors_info=&#8221;{}&#8221;][\/et_pb_image][et_pb_text _builder_version=&#8221;4.16&#8243; text_font=&#8221;||||||||&#8221; text_font_size=&#8221;16px&#8221; text_line_height=&#8221;1.9em&#8221; header_font=&#8221;||||||||&#8221; header_6_font=&#8221;Roboto||||||||&#8221; header_6_text_color=&#8221;#00b2e5&#8243; header_6_font_size=&#8221;20px&#8221; header_6_line_height=&#8221;1.2em&#8221; global_colors_info=&#8221;{}&#8221;]<\/p>\n<p><a href=\"https:\/\/www.slideshare.net\/emadridnet\/20200923-highlights-from-mits-teaching-and-learning-response-to-covid19-saif-rayyan\"><strong>Saif Rayyan<\/strong>,<\/a> Director Adjunto de Programas Acad\u00e9micos. JWEL Online Learning, MIT, Estados Unidos<\/p>\n<p>[\/et_pb_text][\/et_pb_column][\/et_pb_row][et_pb_row column_structure=&#8221;1_4,1_4,1_2&#8243; _builder_version=&#8221;4.16&#8243; max_width=&#8221;900px&#8221; custom_margin_tablet=&#8221;|||&#8221; custom_margin_phone=&#8221;|||&#8221; custom_margin_last_edited=&#8221;on|desktop&#8221; animation_style=&#8221;zoom&#8221; animation_direction=&#8221;top&#8221; animation_intensity_zoom=&#8221;10%&#8221; border_color_all=&#8221;rgba(51,51,51,0.05)&#8221; border_width_bottom=&#8221;2px&#8221; border_style_bottom=&#8221;none&#8221; use_custom_width=&#8221;on&#8221; custom_width_px=&#8221;900px&#8221; global_colors_info=&#8221;{}&#8221;][et_pb_column type=&#8221;1_4&#8243; _builder_version=&#8221;4.16&#8243; custom_padding=&#8221;|||&#8221; global_colors_info=&#8221;{}&#8221; custom_padding__hover=&#8221;|||&#8221;][\/et_pb_column][et_pb_column type=&#8221;1_4&#8243; _builder_version=&#8221;4.16&#8243; custom_padding=&#8221;|||&#8221; global_colors_info=&#8221;{}&#8221; custom_padding__hover=&#8221;|||&#8221;][\/et_pb_column][et_pb_column type=&#8221;1_2&#8243; _builder_version=&#8221;4.16&#8243; custom_padding=&#8221;|||&#8221; global_colors_info=&#8221;{}&#8221; custom_padding__hover=&#8221;|||&#8221;][et_pb_image src=&#8221;https:\/\/storage.googleapis.com\/wp-uploads.bucket.wp.uc3m.es\/wp-content\/uploads\/sites\/40\/2021\/11\/23152342\/oscar-jerez-yanez-Copy-copia.jpg&#8221; title_text=&#8221;oscar-jerez-ya\u00f1ez-Copy-copia&#8221; _builder_version=&#8221;4.16&#8243; _module_preset=&#8221;default&#8221; height=&#8221;100px&#8221; global_colors_info=&#8221;{}&#8221;][\/et_pb_image][et_pb_text _builder_version=&#8221;4.16&#8243; text_font=&#8221;||||||||&#8221; text_font_size=&#8221;16px&#8221; text_line_height=&#8221;1.9em&#8221; header_font=&#8221;||||||||&#8221; header_6_font=&#8221;Roboto||||||||&#8221; header_6_text_color=&#8221;#00b2e5&#8243; header_6_font_size=&#8221;20px&#8221; header_6_line_height=&#8221;1.2em&#8221; global_colors_info=&#8221;{}&#8221;]<\/p>\n<p><a href=\"https:\/\/www.slideshare.net\/emadridnet\/20200923-docencia-en-pandemia-oscar-jerez\" target=\"_blank\" rel=\"noopener\"><strong>\u00d3scar Jerez<\/strong>,<\/a> Director del Centro de Ense\u00f1anza y Aprendizaje, Facultad de Econom\u00eda y Negocios, Universidad de Chile.<\/p>\n<p>[\/et_pb_text][\/et_pb_column][\/et_pb_row][et_pb_row column_structure=&#8221;1_4,1_4,1_2&#8243; _builder_version=&#8221;4.16&#8243; max_width=&#8221;900px&#8221; custom_margin_tablet=&#8221;|||&#8221; custom_margin_phone=&#8221;|||&#8221; custom_margin_last_edited=&#8221;on|desktop&#8221; animation_style=&#8221;zoom&#8221; animation_direction=&#8221;top&#8221; animation_intensity_zoom=&#8221;10%&#8221; border_color_all=&#8221;rgba(51,51,51,0.05)&#8221; border_width_bottom=&#8221;2px&#8221; border_style_bottom=&#8221;none&#8221; use_custom_width=&#8221;on&#8221; custom_width_px=&#8221;900px&#8221; global_colors_info=&#8221;{}&#8221;][et_pb_column type=&#8221;1_4&#8243; _builder_version=&#8221;4.16&#8243; custom_padding=&#8221;|||&#8221; global_colors_info=&#8221;{}&#8221; custom_padding__hover=&#8221;|||&#8221;][\/et_pb_column][et_pb_column type=&#8221;1_4&#8243; _builder_version=&#8221;4.16&#8243; custom_padding=&#8221;|||&#8221; global_colors_info=&#8221;{}&#8221; custom_padding__hover=&#8221;|||&#8221;][\/et_pb_column][et_pb_column type=&#8221;1_2&#8243; _builder_version=&#8221;4.16&#8243; custom_padding=&#8221;|||&#8221; global_colors_info=&#8221;{}&#8221; custom_padding__hover=&#8221;|||&#8221;][et_pb_image src=&#8221;https:\/\/storage.googleapis.com\/wp-uploads.bucket.wp.uc3m.es\/wp-content\/uploads\/sites\/40\/2021\/11\/23152733\/JOSE-ESCAMILLA.jpg&#8221; title_text=&#8221;JOSE-ESCAMILLA&#8221; _builder_version=&#8221;4.16&#8243; _module_preset=&#8221;default&#8221; height=&#8221;100px&#8221; global_colors_info=&#8221;{}&#8221;][\/et_pb_image][et_pb_text _builder_version=&#8221;4.16&#8243; text_font=&#8221;||||||||&#8221; text_font_size=&#8221;16px&#8221; text_line_height=&#8221;1.9em&#8221; header_font=&#8221;||||||||&#8221; header_6_font=&#8221;Roboto||||||||&#8221; header_6_text_color=&#8221;#00b2e5&#8243; header_6_font_size=&#8221;20px&#8221; header_6_line_height=&#8221;1.2em&#8221; global_colors_info=&#8221;{}&#8221;]<\/p>\n<p><strong>Jos\u00e9 Escamilla, <\/strong>Director de Innovaci\u00f3n Educativa. Tecnol\u00f3gico de Monterrey, M\u00e9xico<\/p>\n<p>[\/et_pb_text][\/et_pb_column][\/et_pb_row][et_pb_row column_structure=&#8221;1_4,1_4,1_2&#8243; _builder_version=&#8221;4.16&#8243; max_width=&#8221;900px&#8221; custom_margin_tablet=&#8221;|||&#8221; custom_margin_phone=&#8221;|||&#8221; custom_margin_last_edited=&#8221;on|desktop&#8221; animation_style=&#8221;zoom&#8221; animation_direction=&#8221;top&#8221; animation_intensity_zoom=&#8221;10%&#8221; border_color_all=&#8221;rgba(51,51,51,0.05)&#8221; border_width_bottom=&#8221;2px&#8221; border_style_bottom=&#8221;none&#8221; use_custom_width=&#8221;on&#8221; custom_width_px=&#8221;900px&#8221; global_colors_info=&#8221;{}&#8221;][et_pb_column type=&#8221;1_4&#8243; _builder_version=&#8221;4.16&#8243; custom_padding=&#8221;|||&#8221; global_colors_info=&#8221;{}&#8221; custom_padding__hover=&#8221;|||&#8221;][\/et_pb_column][et_pb_column type=&#8221;1_4&#8243; _builder_version=&#8221;4.16&#8243; custom_padding=&#8221;|||&#8221; global_colors_info=&#8221;{}&#8221; custom_padding__hover=&#8221;|||&#8221;][\/et_pb_column][et_pb_column type=&#8221;1_2&#8243; _builder_version=&#8221;4.16&#8243; custom_padding=&#8221;|||&#8221; global_colors_info=&#8221;{}&#8221; custom_padding__hover=&#8221;|||&#8221;][et_pb_image src=&#8221;https:\/\/storage.googleapis.com\/wp-uploads.bucket.wp.uc3m.es\/wp-content\/uploads\/sites\/40\/2021\/11\/23153216\/zG4myzsd_400x400.jpg&#8221; title_text=&#8221;zG4myzsd_400x400&#8243; _builder_version=&#8221;4.16&#8243; _module_preset=&#8221;default&#8221; height=&#8221;100px&#8221; global_colors_info=&#8221;{}&#8221;][\/et_pb_image][et_pb_text _builder_version=&#8221;4.16&#8243; text_font=&#8221;||||||||&#8221; text_font_size=&#8221;16px&#8221; text_line_height=&#8221;1.9em&#8221; header_font=&#8221;||||||||&#8221; header_6_font=&#8221;Roboto||||||||&#8221; header_6_text_color=&#8221;#00b2e5&#8243; header_6_font_size=&#8221;20px&#8221; header_6_line_height=&#8221;1.2em&#8221; global_colors_info=&#8221;{}&#8221;]<\/p>\n<p><strong>Rocael Hern\u00e1ndez, <\/strong>Director del Instituto Von Neumann, Director del Departamento GES y del Proyecto Telescopio. Universidad de Galileo, Guatemala<\/p>\n<p>[\/et_pb_text][\/et_pb_column][\/et_pb_row][et_pb_row column_structure=&#8221;1_4,1_4,1_2&#8243; _builder_version=&#8221;4.16&#8243; max_width=&#8221;900px&#8221; custom_margin_tablet=&#8221;|||&#8221; custom_margin_phone=&#8221;|||&#8221; custom_margin_last_edited=&#8221;on|desktop&#8221; animation_style=&#8221;zoom&#8221; animation_direction=&#8221;top&#8221; animation_intensity_zoom=&#8221;10%&#8221; border_color_all=&#8221;rgba(51,51,51,0.05)&#8221; border_width_bottom=&#8221;2px&#8221; border_style_bottom=&#8221;none&#8221; use_custom_width=&#8221;on&#8221; custom_width_px=&#8221;900px&#8221; global_colors_info=&#8221;{}&#8221;][et_pb_column type=&#8221;1_4&#8243; _builder_version=&#8221;4.16&#8243; custom_padding=&#8221;|||&#8221; global_colors_info=&#8221;{}&#8221; custom_padding__hover=&#8221;|||&#8221;][et_pb_text _builder_version=&#8221;4.16&#8243; _module_preset=&#8221;default&#8221; global_colors_info=&#8221;{}&#8221;]<\/p>\n<h6><strong>16:15 &#8211; 16:45<\/strong><\/h6>\n<p>[\/et_pb_text][\/et_pb_column][et_pb_column type=&#8221;1_4&#8243; _builder_version=&#8221;4.16&#8243; custom_padding=&#8221;|||&#8221; global_colors_info=&#8221;{}&#8221; custom_padding__hover=&#8221;|||&#8221;][et_pb_text _builder_version=&#8221;4.16&#8243; _module_preset=&#8221;default&#8221; global_colors_info=&#8221;{}&#8221;]<\/p>\n<p style=\"text-align: center\"><strong><a href=\"https:\/\/emadridnet.uc3m.es\/2021\/11\/23\/habilitadores-iot-y-su-uso-en-e-learning\/\" target=\"_blank\" rel=\"noopener\">\u00abHabilitadores IoT y su uso en e-learning\u00bb<\/a><\/strong><\/p>\n<p>[\/et_pb_text][\/et_pb_column][et_pb_column type=&#8221;1_2&#8243; _builder_version=&#8221;4.16&#8243; custom_padding=&#8221;|||&#8221; global_colors_info=&#8221;{}&#8221; custom_padding__hover=&#8221;|||&#8221;][et_pb_image src=&#8221;https:\/\/storage.googleapis.com\/wp-uploads.bucket.wp.uc3m.es\/wp-content\/uploads\/sites\/40\/2021\/11\/23153617\/0.jpg&#8221; title_text=&#8221;0&#8243; _builder_version=&#8221;4.16&#8243; _module_preset=&#8221;default&#8221; height=&#8221;100px&#8221; global_colors_info=&#8221;{}&#8221;][\/et_pb_image][et_pb_text _builder_version=&#8221;4.16&#8243; text_font=&#8221;||||||||&#8221; text_font_size=&#8221;16px&#8221; text_line_height=&#8221;1.9em&#8221; header_font=&#8221;||||||||&#8221; header_6_font=&#8221;Roboto||||||||&#8221; header_6_text_color=&#8221;#00b2e5&#8243; header_6_font_size=&#8221;20px&#8221; header_6_line_height=&#8221;1.2em&#8221; global_colors_info=&#8221;{}&#8221;]<\/p>\n<p><strong>Carlos E. Palau Salvador, <\/strong>Catedr\u00e1tico de Ingenier\u00eda Telem\u00e1tica, Universidad Polit\u00e9cnica de Val\u00e8ncia.<\/p>\n<p>[\/et_pb_text][\/et_pb_column][\/et_pb_row][et_pb_row column_structure=&#8221;1_4,1_4,1_2&#8243; _builder_version=&#8221;4.16&#8243; max_width=&#8221;900px&#8221; custom_margin_tablet=&#8221;|||&#8221; custom_margin_phone=&#8221;|||&#8221; custom_margin_last_edited=&#8221;on|desktop&#8221; animation_style=&#8221;zoom&#8221; animation_direction=&#8221;top&#8221; animation_intensity_zoom=&#8221;10%&#8221; border_color_all=&#8221;rgba(51,51,51,0.05)&#8221; border_width_bottom=&#8221;2px&#8221; border_style_bottom=&#8221;none&#8221; use_custom_width=&#8221;on&#8221; custom_width_px=&#8221;900px&#8221; global_colors_info=&#8221;{}&#8221;][et_pb_column type=&#8221;1_4&#8243; _builder_version=&#8221;4.16&#8243; custom_padding=&#8221;|||&#8221; global_colors_info=&#8221;{}&#8221; custom_padding__hover=&#8221;|||&#8221;][et_pb_text _builder_version=&#8221;4.16&#8243; _module_preset=&#8221;default&#8221; global_colors_info=&#8221;{}&#8221;]<\/p>\n<h6><strong>16:45 &#8211; 17:15<\/strong><\/h6>\n<p>[\/et_pb_text][\/et_pb_column][et_pb_column type=&#8221;1_4&#8243; _builder_version=&#8221;4.16&#8243; custom_padding=&#8221;|||&#8221; global_colors_info=&#8221;{}&#8221; custom_padding__hover=&#8221;|||&#8221;][et_pb_text _builder_version=&#8221;4.16&#8243; _module_preset=&#8221;default&#8221; global_colors_info=&#8221;{}&#8221;]<\/p>\n<p style=\"text-align: center\"><strong><a href=\"https:\/\/emadridnet.uc3m.es\/2021\/11\/23\/acm-ieee-computing-curricula-2020-una-mirada-detallada\/\" target=\"_blank\" rel=\"noopener\">\u00abACM-IEEE Computing Curricula 2020: una mirada detallada\u00bb<\/a><\/strong><\/p>\n<p>[\/et_pb_text][\/et_pb_column][et_pb_column type=&#8221;1_2&#8243; _builder_version=&#8221;4.16&#8243; custom_padding=&#8221;|||&#8221; global_colors_info=&#8221;{}&#8221; custom_padding__hover=&#8221;|||&#8221;][et_pb_image src=&#8221;https:\/\/storage.googleapis.com\/wp-uploads.bucket.wp.uc3m.es\/wp-content\/uploads\/sites\/40\/2021\/11\/23153811\/Foto.Noviembre.2019.jpg&#8221; title_text=&#8221;Foto.Noviembre.2019&#8243; _builder_version=&#8221;4.16&#8243; _module_preset=&#8221;default&#8221; height=&#8221;100px&#8221; global_colors_info=&#8221;{}&#8221;][\/et_pb_image][et_pb_text _builder_version=&#8221;4.16&#8243; text_font=&#8221;||||||||&#8221; text_font_size=&#8221;16px&#8221; text_line_height=&#8221;1.9em&#8221; header_font=&#8221;||||||||&#8221; header_6_font=&#8221;Roboto||||||||&#8221; header_6_text_color=&#8221;#00b2e5&#8243; header_6_font_size=&#8221;20px&#8221; header_6_line_height=&#8221;1.2em&#8221; global_colors_info=&#8221;{}&#8221;]<\/p>\n<p><strong>David L\u00f3pez \u00c1lvarez, <\/strong>Profesor Titular del\u00a0 Departamento de Arquitectura de Computadores. Universidad Polit\u00e9cnica de Catalu\u00f1a.<\/p>\n<p>[\/et_pb_text][\/et_pb_column][\/et_pb_row][et_pb_row column_structure=&#8221;1_4,3_4&#8243; _builder_version=&#8221;4.16&#8243; max_width=&#8221;900px&#8221; custom_margin_tablet=&#8221;|||&#8221; custom_margin_phone=&#8221;|||&#8221; custom_margin_last_edited=&#8221;on|desktop&#8221; animation_style=&#8221;zoom&#8221; animation_direction=&#8221;top&#8221; animation_intensity_zoom=&#8221;10%&#8221; border_color_all=&#8221;rgba(51,51,51,0.05)&#8221; border_width_bottom=&#8221;2px&#8221; use_custom_width=&#8221;on&#8221; custom_width_px=&#8221;900px&#8221; global_colors_info=&#8221;{}&#8221;][et_pb_column type=&#8221;1_4&#8243; _builder_version=&#8221;4.16&#8243; custom_padding=&#8221;|||&#8221; global_colors_info=&#8221;{}&#8221; custom_padding__hover=&#8221;|||&#8221;][et_pb_text _builder_version=&#8221;4.16&#8243; text_line_height=&#8221;1.9em&#8221; header_font=&#8221;||||||||&#8221; header_6_font=&#8221;Roboto|||on|||||&#8221; header_6_font_size=&#8221;20px&#8221; header_6_line_height=&#8221;1.2em&#8221; global_colors_info=&#8221;{}&#8221;]<\/p>\n<h6>17:15 &#8211; 18:00<\/h6>\n<p>[\/et_pb_text][\/et_pb_column][et_pb_column type=&#8221;3_4&#8243; _builder_version=&#8221;4.16&#8243; custom_padding=&#8221;|||&#8221; global_colors_info=&#8221;{}&#8221; custom_padding__hover=&#8221;|||&#8221;][et_pb_text _builder_version=&#8221;4.16&#8243; text_font=&#8221;||||||||&#8221; text_font_size=&#8221;17px&#8221; text_line_height=&#8221;1.9em&#8221; header_font=&#8221;||||||||&#8221; header_3_font=&#8221;||||||||&#8221; header_4_font=&#8221;||||||||&#8221; header_5_font=&#8221;Roboto||||||||&#8221; header_5_text_color=&#8221;#00b2e5&#8243; header_5_line_height=&#8221;1.4em&#8221; header_6_font=&#8221;||||||||&#8221; global_colors_info=&#8221;{}&#8221;]<\/p>\n<p style=\"text-align: justify\">Exposici\u00f3n de los trabajos ganadores de los <strong>Premios eMadrid 2020:<\/strong><\/p>\n<ul>\n<li style=\"text-align: justify\">\n<p><strong>Laura Hidalgo Rueda,\u00a0<\/strong>Premio eMadrid 2020 al Mejor Trabajo de Fin de Grado (<a href=\"https:\/\/www.slideshare.net\/emadridnet\/20200923-rody-aplicacin-educativa-para-nios-de-educacin-infantil-laura-hidalgo-rueda\">&#8220;RODY: Aplicaci\u00f3n educativa para ni\u00f1os de educaci\u00f3n infantil&#8221;<\/a><span><i>).<\/i><\/span><\/p>\n<\/li>\n<li style=\"text-align: justify\">\n<p><strong><span>Roberto Daza<\/span><\/strong><span>\u00a0Garc\u00eda, Premio eMadrid 2020 al Mejor Trabajo de Fin de M\u00e1ster (<a href=\"https:\/\/www.slideshare.net\/emadridnet\/202020923-diseo-de-plataforma-de-monitorizacin-de-estudiantes-en-lnea-a-travs-de-la-interaccin-hombremquina-roberto-daza-garca\">&#8220;Dise\u00f1o de plataforma de monitorizaci\u00f3n de estudiantes en l\u00ednea a trav\u00e9s de la interacci\u00f3n hombre-m\u00e1quina&#8221;<\/a><\/span><span><i>).<\/i><\/span><\/p>\n<\/li>\n<li>\n<p style=\"text-align: justify\"><strong>Laia Alb\u00f3 P\u00e9rez\u00a0<\/strong>y\u00a0<strong>Konstantinos Michos,\u00a0<\/strong>Premio eMadrid 2020\u00a0<em>ex aequo<\/em>\u00a0a la Mejor Tesis Doctoral (<a href=\"https:\/\/www.slideshare.net\/emadridnet\/20200923-visual-dataenriched-design-technology-for-blended-learning-laia-alb\">&#8220;Visual data-enriched design technology for blended learning&#8221;<\/a><em>\u00a0<\/em>y<span>\u00a0<\/span><a href=\"https:\/\/www.slideshare.net\/emadridnet\/20200923-supporting-teachers-as-designers-with-community-and-learning-analytics-a-framework-technology-and-case-studies-konstantinos-michos\">&#8220;Supporting teachers as designers with community and learning analytics: a framework, technology and case studies&#8221;<\/a><span><i>).<\/i><\/span><\/p>\n<\/li>\n<\/ul>\n<p>[\/et_pb_text][\/et_pb_column][\/et_pb_row][\/et_pb_section][et_pb_section fb_built=&#8221;1&#8243; admin_label=&#8221;Schedule&#8221; _builder_version=&#8221;4.16&#8243; max_width_tablet=&#8221;&#8221; max_width_phone=&#8221;100%&#8221; max_width_last_edited=&#8221;on|phone&#8221; custom_margin=&#8221;|||&#8221; custom_padding=&#8221;54px|0px|100px|0px|false|false&#8221; global_colors_info=&#8221;{}&#8221;][et_pb_row _builder_version=&#8221;4.16&#8243; custom_margin=&#8221;||60px|&#8221; global_colors_info=&#8221;{}&#8221;][et_pb_column type=&#8221;4_4&#8243; _builder_version=&#8221;4.16&#8243; custom_padding=&#8221;|||&#8221; global_colors_info=&#8221;{}&#8221; custom_padding__hover=&#8221;|||&#8221;][et_pb_text _builder_version=&#8221;4.16&#8243; text_font=&#8221;||||||||&#8221; text_font_size=&#8221;20px&#8221; text_line_height=&#8221;1.9em&#8221; header_font=&#8221;||||||||&#8221; header_2_font=&#8221;Roboto|300|||||||&#8221; header_2_font_size=&#8221;50px&#8221; header_2_line_height=&#8221;1.2em&#8221; text_orientation=&#8221;center&#8221; max_width=&#8221;700px&#8221; max_width_tablet=&#8221;&#8221; max_width_phone=&#8221;&#8221; max_width_last_edited=&#8221;on|desktop&#8221; module_alignment=&#8221;center&#8221; header_2_font_size_tablet=&#8221;40px&#8221; header_2_font_size_phone=&#8221;32px&#8221; header_2_font_size_last_edited=&#8221;on|phone&#8221; global_colors_info=&#8221;{}&#8221;]<\/p>\n<h2>Programa<\/h2>\n<p>24 de septiembre de 2020<\/p>\n<p>[\/et_pb_text][\/et_pb_column][\/et_pb_row][et_pb_row column_structure=&#8221;1_3,2_3&#8243; _builder_version=&#8221;4.16&#8243; max_width=&#8221;900px&#8221; custom_margin_tablet=&#8221;|||&#8221; custom_margin_phone=&#8221;|||&#8221; custom_margin_last_edited=&#8221;on|desktop&#8221; animation_style=&#8221;zoom&#8221; animation_direction=&#8221;top&#8221; animation_intensity_zoom=&#8221;10%&#8221; border_color_all=&#8221;rgba(51,51,51,0.05)&#8221; border_width_bottom=&#8221;2px&#8221; use_custom_width=&#8221;on&#8221; custom_width_px=&#8221;900px&#8221; global_colors_info=&#8221;{}&#8221;][et_pb_column type=&#8221;1_3&#8243; _builder_version=&#8221;4.16&#8243; custom_padding=&#8221;|||&#8221; global_colors_info=&#8221;{}&#8221; custom_padding__hover=&#8221;|||&#8221;][et_pb_text _builder_version=&#8221;4.16&#8243; text_line_height=&#8221;1.9em&#8221; header_font=&#8221;||||||||&#8221; header_6_font=&#8221;Roboto|||on|||||&#8221; header_6_font_size=&#8221;20px&#8221; header_6_line_height=&#8221;1.2em&#8221; global_colors_info=&#8221;{}&#8221;]<\/p>\n<h6>9:30 &#8211; 9:45<\/h6>\n<p>[\/et_pb_text][\/et_pb_column][et_pb_column type=&#8221;2_3&#8243; _builder_version=&#8221;4.16&#8243; custom_padding=&#8221;|||&#8221; global_colors_info=&#8221;{}&#8221; custom_padding__hover=&#8221;|||&#8221;][et_pb_text _builder_version=&#8221;4.16&#8243; text_font=&#8221;||||||||&#8221; text_font_size=&#8221;16px&#8221; text_line_height=&#8221;1.9em&#8221; header_font=&#8221;||||||||&#8221; header_6_font=&#8221;Roboto||||||||&#8221; header_6_text_color=&#8221;#00b2e5&#8243; header_6_font_size=&#8221;20px&#8221; header_6_line_height=&#8221;1.2em&#8221; custom_padding=&#8221;0px||1px|||&#8221; global_colors_info=&#8221;{}&#8221;]<\/p>\n<p style=\"text-align: justify\"><b>Presentaci\u00f3n X Jornadas eMadrid<\/b><\/p>\n<p>[\/et_pb_text][\/et_pb_column][\/et_pb_row][et_pb_row column_structure=&#8221;1_4,1_4,1_2&#8243; _builder_version=&#8221;4.16&#8243; max_width=&#8221;900px&#8221; custom_margin_tablet=&#8221;|||&#8221; custom_margin_phone=&#8221;|||&#8221; custom_margin_last_edited=&#8221;on|desktop&#8221; animation_style=&#8221;zoom&#8221; animation_direction=&#8221;top&#8221; animation_intensity_zoom=&#8221;10%&#8221; border_color_all=&#8221;rgba(51,51,51,0.05)&#8221; border_width_bottom=&#8221;2px&#8221; use_custom_width=&#8221;on&#8221; custom_width_px=&#8221;900px&#8221; global_colors_info=&#8221;{}&#8221;][et_pb_column type=&#8221;1_4&#8243; _builder_version=&#8221;4.16&#8243; custom_padding=&#8221;|||&#8221; global_colors_info=&#8221;{}&#8221; custom_padding__hover=&#8221;|||&#8221;][et_pb_text _builder_version=&#8221;4.16&#8243; text_line_height=&#8221;1.9em&#8221; header_font=&#8221;||||||||&#8221; header_6_font=&#8221;Roboto|||on|||||&#8221; header_6_font_size=&#8221;20px&#8221; header_6_line_height=&#8221;1.2em&#8221; global_colors_info=&#8221;{}&#8221;]<\/p>\n<h6>9:45 &#8211; 10:15<\/h6>\n<p>[\/et_pb_text][\/et_pb_column][et_pb_column type=&#8221;1_4&#8243; _builder_version=&#8221;4.16&#8243; custom_padding=&#8221;|||&#8221; global_colors_info=&#8221;{}&#8221; custom_padding__hover=&#8221;|||&#8221;][et_pb_text _builder_version=&#8221;4.16&#8243; text_font=&#8221;||||||||&#8221; text_text_color=&#8221;#8300E9&#8243; text_line_height=&#8221;1.9em&#8221; header_font=&#8221;||||||||&#8221; header_3_font=&#8221;||||||||&#8221; header_4_font=&#8221;||||||||&#8221; header_5_font=&#8221;Roboto||||||||&#8221; header_5_text_color=&#8221;#00b2e5&#8243; header_5_line_height=&#8221;1.4em&#8221; header_6_font=&#8221;||||||||&#8221; global_colors_info=&#8221;{}&#8221;]<\/p>\n<p style=\"text-align: center\"><span style=\"color: #000000\"><a href=\"https:\/\/emadridnet.uc3m.es\/2021\/11\/23\/innovacion-educativa-en-la-educacion-superior-holandesa\/\" target=\"_blank\" rel=\"noopener\"><strong>\u00abInnovaci\u00f3n educativa en la educaci\u00f3n superior holandesa\u00bb<\/strong><\/a><a href=\"https:\/\/emadridnet.org\/index.php\/es\/28-eventos-y-seminarios\/1238-innovacion-educativa-en-la-educacion-superior-holandesa\"> <\/a><em>(En ingl\u00e9s)<\/em><\/span><\/p>\n<p>&nbsp;<\/p>\n<p>[\/et_pb_text][\/et_pb_column][et_pb_column type=&#8221;1_2&#8243; _builder_version=&#8221;4.16&#8243; custom_padding=&#8221;|||&#8221; global_colors_info=&#8221;{}&#8221; custom_padding__hover=&#8221;|||&#8221;][et_pb_image src=&#8221;https:\/\/storage.googleapis.com\/wp-uploads.bucket.wp.uc3m.es\/wp-content\/uploads\/sites\/40\/2021\/11\/23154505\/IMG_2186-scaled.jpeg&#8221; title_text=&#8221;IMG_2186&#8243; _builder_version=&#8221;4.16&#8243; _module_preset=&#8221;default&#8221; height=&#8221;100px&#8221; global_colors_info=&#8221;{}&#8221;][\/et_pb_image][et_pb_text _builder_version=&#8221;4.16&#8243; text_font=&#8221;||||||||&#8221; text_font_size=&#8221;16px&#8221; text_line_height=&#8221;1.9em&#8221; header_font=&#8221;||||||||&#8221; header_6_font=&#8221;Roboto||||||||&#8221; header_6_text_color=&#8221;#00b2e5&#8243; header_6_font_size=&#8221;20px&#8221; header_6_line_height=&#8221;1.2em&#8221; global_colors_info=&#8221;{}&#8221;]<\/p>\n<p style=\"text-align: justify\"><strong>Marcus Specht, <\/strong>Profesor de Educaci\u00f3n Digital en la Universidad T\u00e9cnica de Delft y Director del Leiden-Delft-Erasmus Center for Education and Learning.<\/p>\n<p>[\/et_pb_text][\/et_pb_column][\/et_pb_row][et_pb_row column_structure=&#8221;1_4,1_4,1_2&#8243; _builder_version=&#8221;4.16&#8243; max_width=&#8221;900px&#8221; custom_margin_tablet=&#8221;|||&#8221; custom_margin_phone=&#8221;|||&#8221; custom_margin_last_edited=&#8221;on|desktop&#8221; animation_style=&#8221;zoom&#8221; animation_direction=&#8221;top&#8221; animation_intensity_zoom=&#8221;10%&#8221; border_color_all=&#8221;rgba(51,51,51,0.05)&#8221; border_width_bottom=&#8221;2px&#8221; border_style_bottom=&#8221;none&#8221; use_custom_width=&#8221;on&#8221; custom_width_px=&#8221;900px&#8221; global_colors_info=&#8221;{}&#8221;][et_pb_column type=&#8221;1_4&#8243; _builder_version=&#8221;4.16&#8243; custom_padding=&#8221;|||&#8221; global_colors_info=&#8221;{}&#8221; custom_padding__hover=&#8221;|||&#8221;][et_pb_text _builder_version=&#8221;4.16&#8243; text_line_height=&#8221;1.9em&#8221; header_font=&#8221;||||||||&#8221; header_6_font=&#8221;Roboto|||on|||||&#8221; header_6_font_size=&#8221;20px&#8221; header_6_line_height=&#8221;1.2em&#8221; global_colors_info=&#8221;{}&#8221;]<\/p>\n<h6>10:15 &#8211; 11:15<\/h6>\n<p>[\/et_pb_text][\/et_pb_column][et_pb_column type=&#8221;1_4&#8243; _builder_version=&#8221;4.16&#8243; custom_padding=&#8221;|||&#8221; global_colors_info=&#8221;{}&#8221; custom_padding__hover=&#8221;|||&#8221;][et_pb_text _builder_version=&#8221;4.16&#8243; text_font=&#8221;||||||||&#8221; text_text_color=&#8221;#8300E9&#8243; text_line_height=&#8221;1.9em&#8221; header_font=&#8221;||||||||&#8221; header_3_font=&#8221;||||||||&#8221; header_4_font=&#8221;||||||||&#8221; header_5_font=&#8221;Roboto||||||||&#8221; header_5_text_color=&#8221;#00b2e5&#8243; header_5_line_height=&#8221;1.4em&#8221; header_6_font=&#8221;||||||||&#8221; global_colors_info=&#8221;{}&#8221;]<\/p>\n<p style=\"text-align: center\"><span style=\"color: #000000\"><a href=\"https:\/\/vimeo.com\/472534511\" target=\"_blank\" rel=\"noopener\"><strong><span>Mesa redonda:\u00a0<\/span>&#8220;Universidades de Asia\/Ocean\u00eda en la nueva normalidad&#8221; <\/strong><\/a><em>(En ingl\u00e9s)<\/em><\/span><\/p>\n<p>&nbsp;<\/p>\n<p>[\/et_pb_text][\/et_pb_column][et_pb_column type=&#8221;1_2&#8243; _builder_version=&#8221;4.16&#8243; custom_padding=&#8221;|||&#8221; global_colors_info=&#8221;{}&#8221; custom_padding__hover=&#8221;|||&#8221;][et_pb_image src=&#8221;https:\/\/storage.googleapis.com\/wp-uploads.bucket.wp.uc3m.es\/wp-content\/uploads\/sites\/40\/2021\/11\/23154937\/unnamed.jpg&#8221; title_text=&#8221;unnamed&#8221; _builder_version=&#8221;4.16&#8243; _module_preset=&#8221;default&#8221; height=&#8221;100px&#8221; global_colors_info=&#8221;{}&#8221;][\/et_pb_image][et_pb_text _builder_version=&#8221;4.16&#8243; text_font=&#8221;||||||||&#8221; text_font_size=&#8221;16px&#8221; text_line_height=&#8221;1.9em&#8221; header_font=&#8221;||||||||&#8221; header_6_font=&#8221;Roboto||||||||&#8221; header_6_text_color=&#8221;#00b2e5&#8243; header_6_font_size=&#8221;20px&#8221; header_6_line_height=&#8221;1.2em&#8221; custom_padding=&#8221;||0px|||&#8221; global_colors_info=&#8221;{}&#8221;]<\/p>\n<p style=\"text-align: justify\"><a href=\"https:\/\/www.slideshare.net\/emadridnet\/20200924-managing-the-transition-at-university-of-south-australia-abelardo-pardo\" target=\"_blank\" rel=\"noopener\"><strong>Abelardo Pardo, <\/strong><\/a>Decano de Programas (Ingenier\u00eda), Universidad de South Australia, Adelaide<\/p>\n<p>[\/et_pb_text][\/et_pb_column][\/et_pb_row][et_pb_row column_structure=&#8221;1_4,1_4,1_2&#8243; _builder_version=&#8221;4.16&#8243; max_width=&#8221;900px&#8221; custom_margin_tablet=&#8221;|||&#8221; custom_margin_phone=&#8221;|||&#8221; custom_margin_last_edited=&#8221;on|desktop&#8221; animation_style=&#8221;zoom&#8221; animation_direction=&#8221;top&#8221; animation_intensity_zoom=&#8221;10%&#8221; border_color_all=&#8221;rgba(51,51,51,0.05)&#8221; border_width_bottom=&#8221;2px&#8221; border_style_bottom=&#8221;none&#8221; use_custom_width=&#8221;on&#8221; custom_width_px=&#8221;900px&#8221; global_colors_info=&#8221;{}&#8221;][et_pb_column type=&#8221;1_4&#8243; _builder_version=&#8221;4.16&#8243; custom_padding=&#8221;|||&#8221; global_colors_info=&#8221;{}&#8221; custom_padding__hover=&#8221;|||&#8221;][\/et_pb_column][et_pb_column type=&#8221;1_4&#8243; _builder_version=&#8221;4.16&#8243; custom_padding=&#8221;|||&#8221; global_colors_info=&#8221;{}&#8221; custom_padding__hover=&#8221;|||&#8221;][\/et_pb_column][et_pb_column type=&#8221;1_2&#8243; _builder_version=&#8221;4.16&#8243; custom_padding=&#8221;|||&#8221; global_colors_info=&#8221;{}&#8221; custom_padding__hover=&#8221;|||&#8221;][et_pb_image src=&#8221;https:\/\/storage.googleapis.com\/wp-uploads.bucket.wp.uc3m.es\/wp-content\/uploads\/sites\/40\/2021\/11\/23155145\/P000000876.jpg&#8221; title_text=&#8221;P000000876&#8243; _builder_version=&#8221;4.16&#8243; _module_preset=&#8221;default&#8221; height=&#8221;100px&#8221; global_colors_info=&#8221;{}&#8221;][\/et_pb_image][et_pb_text _builder_version=&#8221;4.16&#8243; text_font=&#8221;||||||||&#8221; text_font_size=&#8221;16px&#8221; text_line_height=&#8221;1.9em&#8221; header_font=&#8221;||||||||&#8221; header_6_font=&#8221;Roboto||||||||&#8221; header_6_text_color=&#8221;#00b2e5&#8243; header_6_font_size=&#8221;20px&#8221; header_6_line_height=&#8221;1.2em&#8221; custom_padding=&#8221;||0px|||&#8221; global_colors_info=&#8221;{}&#8221;]<\/p>\n<p style=\"text-align: justify\"><a href=\"https:\/\/www.slideshare.net\/emadridnet\/20200924-elearning-in-the-new-normal-hkust-experience-sharing-tc-pong\" target=\"_blank\" rel=\"noopener\"><strong>Ting-Chuen Pong,<\/strong><\/a> director del Centro de Innovaci\u00f3n en la Ense\u00f1anza de Ingenier\u00eda. Universidad de Ciencia y Tecnolog\u00eda de Hong Kong\u00a0<\/p>\n<p>[\/et_pb_text][\/et_pb_column][\/et_pb_row][et_pb_row column_structure=&#8221;1_4,1_4,1_2&#8243; _builder_version=&#8221;4.16&#8243; max_width=&#8221;900px&#8221; custom_margin_tablet=&#8221;|||&#8221; custom_margin_phone=&#8221;|||&#8221; custom_margin_last_edited=&#8221;on|desktop&#8221; animation_style=&#8221;zoom&#8221; animation_direction=&#8221;top&#8221; animation_intensity_zoom=&#8221;10%&#8221; border_color_all=&#8221;rgba(51,51,51,0.05)&#8221; border_width_bottom=&#8221;2px&#8221; border_style_bottom=&#8221;none&#8221; use_custom_width=&#8221;on&#8221; custom_width_px=&#8221;900px&#8221; global_colors_info=&#8221;{}&#8221;][et_pb_column type=&#8221;1_4&#8243; _builder_version=&#8221;4.16&#8243; custom_padding=&#8221;|||&#8221; global_colors_info=&#8221;{}&#8221; custom_padding__hover=&#8221;|||&#8221;][\/et_pb_column][et_pb_column type=&#8221;1_4&#8243; _builder_version=&#8221;4.16&#8243; custom_padding=&#8221;|||&#8221; global_colors_info=&#8221;{}&#8221; custom_padding__hover=&#8221;|||&#8221;][\/et_pb_column][et_pb_column type=&#8221;1_2&#8243; _builder_version=&#8221;4.16&#8243; custom_padding=&#8221;|||&#8221; global_colors_info=&#8221;{}&#8221; custom_padding__hover=&#8221;|||&#8221;][et_pb_image src=&#8221;https:\/\/storage.googleapis.com\/wp-uploads.bucket.wp.uc3m.es\/wp-content\/uploads\/sites\/40\/2021\/11\/23155510\/farhan.jpg&#8221; title_text=&#8221;farhan&#8221; _builder_version=&#8221;4.16&#8243; _module_preset=&#8221;default&#8221; height=&#8221;100px&#8221; global_colors_info=&#8221;{}&#8221;][\/et_pb_image][et_pb_text _builder_version=&#8221;4.16&#8243; text_font=&#8221;||||||||&#8221; text_font_size=&#8221;16px&#8221; text_line_height=&#8221;1.9em&#8221; header_font=&#8221;||||||||&#8221; header_6_font=&#8221;Roboto||||||||&#8221; header_6_text_color=&#8221;#00b2e5&#8243; header_6_font_size=&#8221;20px&#8221; header_6_line_height=&#8221;1.2em&#8221; custom_padding=&#8221;||0px|||&#8221; global_colors_info=&#8221;{}&#8221;]<\/p>\n<p><a href=\"https:\/\/www.slideshare.net\/emadridnet\/20200924-responding-to-covid19-the-universiti-sains-malaysia-usms-experience-ahmad-farhan-mohd-sadullah\" target=\"_blank\" rel=\"noopener\"><strong>Ahmad Farhan bin Mohd Sadullah<\/strong> , <\/a>Vicerrector Acad\u00e9mico e Internacional. Universiti Sains Malaysia (USM), Malasia<\/p>\n<p>[\/et_pb_text][\/et_pb_column][\/et_pb_row][et_pb_row column_structure=&#8221;1_4,1_4,1_2&#8243; _builder_version=&#8221;4.16&#8243; max_width=&#8221;900px&#8221; custom_margin_tablet=&#8221;|||&#8221; custom_margin_phone=&#8221;|||&#8221; custom_margin_last_edited=&#8221;on|desktop&#8221; animation_style=&#8221;zoom&#8221; animation_direction=&#8221;top&#8221; animation_intensity_zoom=&#8221;10%&#8221; border_color_all=&#8221;rgba(51,51,51,0.05)&#8221; border_width_bottom=&#8221;2px&#8221; use_custom_width=&#8221;on&#8221; custom_width_px=&#8221;900px&#8221; global_colors_info=&#8221;{}&#8221;][et_pb_column type=&#8221;1_4&#8243; _builder_version=&#8221;4.16&#8243; custom_padding=&#8221;|||&#8221; global_colors_info=&#8221;{}&#8221; custom_padding__hover=&#8221;|||&#8221;][\/et_pb_column][et_pb_column type=&#8221;1_4&#8243; _builder_version=&#8221;4.16&#8243; custom_padding=&#8221;|||&#8221; global_colors_info=&#8221;{}&#8221; custom_padding__hover=&#8221;|||&#8221;][\/et_pb_column][et_pb_column type=&#8221;1_2&#8243; _builder_version=&#8221;4.16&#8243; custom_padding=&#8221;|||&#8221; global_colors_info=&#8221;{}&#8221; custom_padding__hover=&#8221;|||&#8221;][et_pb_image src=&#8221;https:\/\/storage.googleapis.com\/wp-uploads.bucket.wp.uc3m.es\/wp-content\/uploads\/sites\/40\/2021\/11\/23160025\/unnamed-1.jpg&#8221; title_text=&#8221;unnamed (1)&#8221; _builder_version=&#8221;4.16&#8243; _module_preset=&#8221;default&#8221; height=&#8221;100px&#8221; global_colors_info=&#8221;{}&#8221;][\/et_pb_image][et_pb_text _builder_version=&#8221;4.16&#8243; text_font=&#8221;||||||||&#8221; text_font_size=&#8221;16px&#8221; text_line_height=&#8221;1.9em&#8221; header_font=&#8221;||||||||&#8221; header_6_font=&#8221;Roboto||||||||&#8221; header_6_text_color=&#8221;#00b2e5&#8243; header_6_font_size=&#8221;20px&#8221; header_6_line_height=&#8221;1.2em&#8221; custom_padding=&#8221;||0px|||&#8221; global_colors_info=&#8221;{}&#8221;]<\/p>\n<p style=\"text-align: justify\"><a href=\"https:\/\/www.slideshare.net\/emadridnet\/20200924-covid19-evolve-or-become-extinct-erle-lim-chuen-hian\" target=\"_blank\" rel=\"noopener\"><strong>Erle Lim Chuen Hian<\/strong>, <\/a>Vicerrector de Innovaci\u00f3n Educativa y Calidad, Universidad Nacional de Singapur<\/p>\n<p>[\/et_pb_text][\/et_pb_column][\/et_pb_row][et_pb_row column_structure=&#8221;1_4,1_4,1_2&#8243; _builder_version=&#8221;4.16&#8243; max_width=&#8221;900px&#8221; custom_margin_tablet=&#8221;|||&#8221; custom_margin_phone=&#8221;|||&#8221; custom_margin_last_edited=&#8221;on|desktop&#8221; animation_style=&#8221;zoom&#8221; animation_direction=&#8221;top&#8221; animation_intensity_zoom=&#8221;10%&#8221; border_color_all=&#8221;rgba(51,51,51,0.05)&#8221; border_width_bottom=&#8221;2px&#8221; use_custom_width=&#8221;on&#8221; custom_width_px=&#8221;900px&#8221; global_colors_info=&#8221;{}&#8221;][et_pb_column type=&#8221;1_4&#8243; _builder_version=&#8221;4.16&#8243; custom_padding=&#8221;|||&#8221; global_colors_info=&#8221;{}&#8221; custom_padding__hover=&#8221;|||&#8221;][et_pb_text _builder_version=&#8221;4.16&#8243; text_line_height=&#8221;1.9em&#8221; header_font=&#8221;||||||||&#8221; header_6_font=&#8221;Roboto|||on|||||&#8221; header_6_font_size=&#8221;20px&#8221; header_6_line_height=&#8221;1.2em&#8221; global_colors_info=&#8221;{}&#8221;]<\/p>\n<h6>11:15 &#8211; 12:15<\/h6>\n<p>[\/et_pb_text][\/et_pb_column][et_pb_column type=&#8221;1_4&#8243; _builder_version=&#8221;4.16&#8243; custom_padding=&#8221;|||&#8221; global_colors_info=&#8221;{}&#8221; custom_padding__hover=&#8221;|||&#8221;][et_pb_text _builder_version=&#8221;4.16&#8243; text_font=&#8221;||||||||&#8221; text_text_color=&#8221;#8300E9&#8243; text_line_height=&#8221;1.9em&#8221; header_font=&#8221;||||||||&#8221; header_3_font=&#8221;||||||||&#8221; header_4_font=&#8221;||||||||&#8221; header_5_font=&#8221;Roboto||||||||&#8221; header_5_text_color=&#8221;#00b2e5&#8243; header_5_line_height=&#8221;1.4em&#8221; header_6_font=&#8221;||||||||&#8221; global_colors_info=&#8221;{}&#8221;]<\/p>\n<p style=\"text-align: center\"><strong><a href=\"https:\/\/vimeo.com\/470084012\" target=\"_blank\" rel=\"noopener\">Mesa redonda\u00a0eMadrid:\u00a0&#8220;\u00bfUna oportunidad para el e-learning?&#8221;\u00a0<\/a><\/strong><\/p>\n<p><a href=\"https:\/\/vimeo.com\/470084012\" target=\"_blank\" rel=\"noopener\">\u00a0<\/a><\/p>\n<p>[\/et_pb_text][\/et_pb_column][et_pb_column type=&#8221;1_2&#8243; _builder_version=&#8221;4.16&#8243; custom_padding=&#8221;|||&#8221; global_colors_info=&#8221;{}&#8221; custom_padding__hover=&#8221;|||&#8221;][et_pb_image src=&#8221;https:\/\/storage.googleapis.com\/wp-uploads.bucket.wp.uc3m.es\/wp-content\/uploads\/sites\/40\/2021\/11\/23160508\/Blanco-Mujer-Cita-Lewis-Carroll-Publicacion-de-Twitter-20.png&#8221; title_text=&#8221;Blanco Mujer Cita Lewis Carroll Publicaci\u00f3n de Twitter (20)&#8221; _builder_version=&#8221;4.16&#8243; _module_preset=&#8221;default&#8221; height=&#8221;100px&#8221; global_colors_info=&#8221;{}&#8221;][\/et_pb_image][et_pb_text _builder_version=&#8221;4.16&#8243; text_font=&#8221;||||||||&#8221; text_font_size=&#8221;16px&#8221; text_line_height=&#8221;1.9em&#8221; header_font=&#8221;||||||||&#8221; header_6_font=&#8221;Roboto||||||||&#8221; header_6_text_color=&#8221;#00b2e5&#8243; header_6_font_size=&#8221;20px&#8221; header_6_line_height=&#8221;1.2em&#8221; global_colors_info=&#8221;{}&#8221;]<\/p>\n<ul>\n<li style=\"text-align: justify\"><strong><a href=\"https:\/\/www.slideshare.net\/emadridnet\/20200924-una-oportunidad-para-el-elearning-uc3m-carlos-delgado-kloos\" target=\"_blank\" rel=\"noopener\">Carlos Delgado Kloos<\/a><span>\u00a0<\/span><\/strong>(UC3M y coordinador eMadrid)<\/li>\n<li style=\"text-align: justify\"><a href=\"https:\/\/www.slideshare.net\/emadridnet\/20200924-una-oportunidad-para-el-elearning-uam-ruth-cobos\"><strong>Ruth Cobos P\u00e9rez<\/strong><\/a><span>\u00a0<\/span>(UAM)<\/li>\n<li style=\"text-align: justify\"><strong><a href=\"https:\/\/www.slideshare.net\/emadridnet\/20200924-una-oportunidad-para-el-elearning-una-visin-desde-los-juegos-serios-y-las-analticas-del-aprendizaje-baltasar-fernndezmanjn\">Baltasar Fern\u00e1ndez Manj\u00f3n<\/a><span>\u00a0<\/span><\/strong>(UCM)<\/li>\n<li style=\"text-align: justify\"><strong>Manuel Castro\u00a0<\/strong>(UNED)<\/li>\n<li style=\"text-align: justify\"><strong><a href=\"https:\/\/www.slideshare.net\/emadridnet\/20200924-una-oportunidad-para-el-elearning-upm-edmundo-tovar\" target=\"_blank\" rel=\"noopener\">Edmundo Tovar Caro<\/a><span>\u00a0<\/span><\/strong>(UPM)<\/li>\n<li style=\"text-align: justify\"><strong><a href=\"https:\/\/www.slideshare.net\/emadridnet\/20200924-engagement-un-constructo-necesario-en-el-aprendizaje-basado-en-tecnologa-ngel-velzquez-iturbide\">\u00c1ngel Vel\u00e1zquez Iturbide<\/a><span>\u00a0<\/span><\/strong>(URJC)<\/li>\n<\/ul>\n<p>[\/et_pb_text][\/et_pb_column][\/et_pb_row][et_pb_row column_structure=&#8221;1_3,2_3&#8243; _builder_version=&#8221;4.16&#8243; max_width=&#8221;900px&#8221; custom_margin_tablet=&#8221;|||&#8221; custom_margin_phone=&#8221;|||&#8221; custom_margin_last_edited=&#8221;on|desktop&#8221; animation_style=&#8221;zoom&#8221; animation_direction=&#8221;top&#8221; animation_intensity_zoom=&#8221;10%&#8221; border_color_all=&#8221;rgba(51,51,51,0.05)&#8221; border_width_bottom=&#8221;2px&#8221; use_custom_width=&#8221;on&#8221; custom_width_px=&#8221;900px&#8221; global_colors_info=&#8221;{}&#8221;][et_pb_column type=&#8221;1_3&#8243; _builder_version=&#8221;4.16&#8243; custom_padding=&#8221;|||&#8221; global_colors_info=&#8221;{}&#8221; custom_padding__hover=&#8221;|||&#8221;][et_pb_text _builder_version=&#8221;4.16&#8243; text_line_height=&#8221;1.9em&#8221; header_font=&#8221;||||||||&#8221; header_6_font=&#8221;Roboto|||on|||||&#8221; header_6_font_size=&#8221;20px&#8221; header_6_line_height=&#8221;1.2em&#8221; global_colors_info=&#8221;{}&#8221;]<\/p>\n<h6>12:15 &#8211; 13:15<\/h6>\n<p>[\/et_pb_text][\/et_pb_column][et_pb_column type=&#8221;2_3&#8243; _builder_version=&#8221;4.16&#8243; custom_padding=&#8221;|||&#8221; global_colors_info=&#8221;{}&#8221; custom_padding__hover=&#8221;|||&#8221;][et_pb_text _builder_version=&#8221;4.16&#8243; text_font=&#8221;||||||||&#8221; text_font_size=&#8221;16px&#8221; text_line_height=&#8221;1.9em&#8221; header_font=&#8221;||||||||&#8221; header_6_font=&#8221;Roboto||||||||&#8221; header_6_text_color=&#8221;#00b2e5&#8243; header_6_font_size=&#8221;20px&#8221; header_6_line_height=&#8221;1.2em&#8221; global_colors_info=&#8221;{}&#8221;]<\/p>\n<p style=\"text-align: justify\"><a href=\"https:\/\/vimeo.com\/470084457\" target=\"_blank\" rel=\"noopener\"><strong>&#8220;Lightning Talks&#8221;<\/strong><\/a><\/p>\n<ul>\n<li style=\"text-align: justify\"><strong><a href=\"https:\/\/www.slideshare.net\/emadridnet\/20200924-indra-plataforma-educativa-para-la-fundacin-querer-jess-ngel-garca-snchez\">Indra<\/a><span>\u00a0<\/span>&#8211;\u00a0<\/strong><em>Jes\u00fas Angel Garc\u00eda<\/em><\/li>\n<li style=\"text-align: justify\"><strong><a href=\"https:\/\/www.slideshare.net\/emadridnet\/20200924-grupo-solutia-julin-martn\">Grupo Solutia<\/a><span>\u00a0<\/span>&#8211;\u00a0<\/strong><em>Juli\u00e1n Mart\u00edn<\/em><\/li>\n<li style=\"text-align: justify\"><strong>CreativiTIC &#8211;\u00a0<\/strong><em>Jorge L\u00f3pez<\/em><\/li>\n<li style=\"text-align: justify\"><strong><em><a href=\"https:\/\/www.slideshare.net\/emadridnet\/20200924-smowl-aseguramiento-de-la-calidad-en-la-evaluacin-online-alex-vea\" target=\"_blank\" rel=\"noopener\">SMOWL<\/a><span>\u00a0<\/span>&#8211;<\/em><\/strong><em>\u00a0\u00c1lex Vea<\/em><\/li>\n<li style=\"text-align: justify\"><strong><em><a href=\"https:\/\/www.slideshare.net\/emadridnet\/20200924-innovamat-redescubre-las-matemticas-marc-sbada\">Innovamat<\/a><span>\u00a0<\/span>&#8211;\u00a0<\/em><\/strong><em>Marc S\u00e1bada<\/em><\/li>\n<\/ul>\n<p>[\/et_pb_text][\/et_pb_column][\/et_pb_row][et_pb_row column_structure=&#8221;1_4,1_4,1_2&#8243; _builder_version=&#8221;4.16&#8243; max_width=&#8221;900px&#8221; custom_margin_tablet=&#8221;|||&#8221; custom_margin_phone=&#8221;|||&#8221; custom_margin_last_edited=&#8221;on|desktop&#8221; animation_style=&#8221;zoom&#8221; animation_direction=&#8221;top&#8221; animation_intensity_zoom=&#8221;10%&#8221; border_color_all=&#8221;rgba(51,51,51,0.05)&#8221; border_width_bottom=&#8221;2px&#8221; use_custom_width=&#8221;on&#8221; custom_width_px=&#8221;900px&#8221; global_colors_info=&#8221;{}&#8221;][et_pb_column type=&#8221;1_4&#8243; _builder_version=&#8221;4.16&#8243; custom_padding=&#8221;|||&#8221; global_colors_info=&#8221;{}&#8221; custom_padding__hover=&#8221;|||&#8221;][et_pb_text _builder_version=&#8221;4.16&#8243; text_line_height=&#8221;1.9em&#8221; header_font=&#8221;||||||||&#8221; header_6_font=&#8221;Roboto|||on|||||&#8221; header_6_font_size=&#8221;20px&#8221; header_6_line_height=&#8221;1.2em&#8221; global_colors_info=&#8221;{}&#8221;]<\/p>\n<h6>13:15 &#8211; 13:45<\/h6>\n<p>[\/et_pb_text][\/et_pb_column][et_pb_column type=&#8221;1_4&#8243; _builder_version=&#8221;4.16&#8243; custom_padding=&#8221;|||&#8221; global_colors_info=&#8221;{}&#8221; custom_padding__hover=&#8221;|||&#8221;][et_pb_text _builder_version=&#8221;4.16&#8243; text_font=&#8221;||||||||&#8221; text_text_color=&#8221;#8300E9&#8243; text_line_height=&#8221;1.9em&#8221; header_font=&#8221;||||||||&#8221; header_3_font=&#8221;||||||||&#8221; header_4_font=&#8221;||||||||&#8221; header_5_font=&#8221;Roboto||||||||&#8221; header_5_text_color=&#8221;#00b2e5&#8243; header_5_line_height=&#8221;1.4em&#8221; header_6_font=&#8221;||||||||&#8221; global_colors_info=&#8221;{}&#8221;]<\/p>\n<p style=\"text-align: center\"><strong><a href=\"https:\/\/emadridnet.uc3m.es\/2021\/11\/23\/analiticas-de-aprendizaje-predictivas-a-escala-el-caso-de-la-open-university-del-reino-unido\/\" target=\"_blank\" rel=\"noopener\">\u00abAnal\u00edticas de aprendizaje predictivas a escala: el caso de la Open University del Reino Unido\u00bb<\/a><\/strong><\/p>\n<p>[\/et_pb_text][\/et_pb_column][et_pb_column type=&#8221;1_2&#8243; _builder_version=&#8221;4.16&#8243; custom_padding=&#8221;|||&#8221; global_colors_info=&#8221;{}&#8221; custom_padding__hover=&#8221;|||&#8221;][et_pb_image src=&#8221;https:\/\/storage.googleapis.com\/wp-uploads.bucket.wp.uc3m.es\/wp-content\/uploads\/sites\/40\/2021\/11\/23161010\/unnamed-2.jpg&#8221; title_text=&#8221;unnamed&#8221; _builder_version=&#8221;4.16&#8243; _module_preset=&#8221;default&#8221; height=&#8221;159px&#8221; global_colors_info=&#8221;{}&#8221;][\/et_pb_image][et_pb_text _builder_version=&#8221;4.16&#8243; text_font=&#8221;||||||||&#8221; text_font_size=&#8221;16px&#8221; text_line_height=&#8221;1.9em&#8221; header_font=&#8221;||||||||&#8221; header_6_font=&#8221;Roboto||||||||&#8221; header_6_text_color=&#8221;#00b2e5&#8243; header_6_font_size=&#8221;20px&#8221; header_6_line_height=&#8221;1.2em&#8221; global_colors_info=&#8221;{}&#8221;]<\/p>\n<p style=\"text-align: justify\"><strong>Christothea Herodotou, <\/strong>Doctora en\u00a0Juegos Digitales y Psicolog\u00eda por el University College de Londres (UCL). Profesora Asociada en la Open University del Reino Unido.<\/p>\n<p>[\/et_pb_text][\/et_pb_column][\/et_pb_row][et_pb_row column_structure=&#8221;1_4,1_4,1_2&#8243; _builder_version=&#8221;4.16&#8243; max_width=&#8221;900px&#8221; custom_margin_tablet=&#8221;|||&#8221; custom_margin_phone=&#8221;|||&#8221; custom_margin_last_edited=&#8221;on|desktop&#8221; animation_style=&#8221;zoom&#8221; animation_direction=&#8221;top&#8221; animation_intensity_zoom=&#8221;10%&#8221; border_color_all=&#8221;rgba(51,51,51,0.05)&#8221; border_width_bottom=&#8221;2px&#8221; use_custom_width=&#8221;on&#8221; custom_width_px=&#8221;900px&#8221; global_colors_info=&#8221;{}&#8221;][et_pb_column type=&#8221;1_4&#8243; _builder_version=&#8221;4.16&#8243; custom_padding=&#8221;|||&#8221; global_colors_info=&#8221;{}&#8221; custom_padding__hover=&#8221;|||&#8221;][et_pb_text _builder_version=&#8221;4.16&#8243; text_line_height=&#8221;1.9em&#8221; header_font=&#8221;||||||||&#8221; header_6_font=&#8221;Roboto|||on|||||&#8221; header_6_font_size=&#8221;20px&#8221; header_6_line_height=&#8221;1.2em&#8221; global_colors_info=&#8221;{}&#8221;]<\/p>\n<h6>13:45 &#8211; 14:15<\/h6>\n<p>[\/et_pb_text][\/et_pb_column][et_pb_column type=&#8221;1_4&#8243; _builder_version=&#8221;4.16&#8243; custom_padding=&#8221;|||&#8221; global_colors_info=&#8221;{}&#8221; custom_padding__hover=&#8221;|||&#8221;][et_pb_text _builder_version=&#8221;4.16&#8243; text_font=&#8221;||||||||&#8221; text_text_color=&#8221;#8300E9&#8243; text_line_height=&#8221;1.9em&#8221; header_font=&#8221;||||||||&#8221; header_3_font=&#8221;||||||||&#8221; header_4_font=&#8221;||||||||&#8221; header_5_font=&#8221;Roboto||||||||&#8221; header_5_text_color=&#8221;#00b2e5&#8243; header_5_line_height=&#8221;1.4em&#8221; header_6_font=&#8221;||||||||&#8221; global_colors_info=&#8221;{}&#8221;]<\/p>\n<h5 style=\"text-align: center\"><\/h5>\n<p style=\"text-align: center\"><strong><a href=\"https:\/\/emadridnet.uc3m.es\/2021\/11\/23\/como-las-analiticas-de-aprendizaje-pueden-orientar-al-e-learning-en-la-nueva-normalidad\/\" target=\"_blank\" rel=\"noopener\">\u00abC\u00f3mo las Anal\u00edticas de Aprendizaje pueden orientar al e-learning\u00bb en la nueva normalidad\u00bb<\/a><\/strong><\/p>\n<p>[\/et_pb_text][\/et_pb_column][et_pb_column type=&#8221;1_2&#8243; _builder_version=&#8221;4.16&#8243; custom_padding=&#8221;|||&#8221; global_colors_info=&#8221;{}&#8221; custom_padding__hover=&#8221;|||&#8221;][et_pb_image src=&#8221;https:\/\/storage.googleapis.com\/wp-uploads.bucket.wp.uc3m.es\/wp-content\/uploads\/sites\/40\/2021\/11\/23161205\/AlyssaWise-NewSquareProfile.jpg&#8221; title_text=&#8221;AlyssaWise-NewSquareProfile&#8221; _builder_version=&#8221;4.16&#8243; _module_preset=&#8221;default&#8221; height=&#8221;159px&#8221; global_colors_info=&#8221;{}&#8221;][\/et_pb_image][et_pb_text _builder_version=&#8221;4.16&#8243; text_font=&#8221;||||||||&#8221; text_font_size=&#8221;16px&#8221; text_line_height=&#8221;1.9em&#8221; header_font=&#8221;||||||||&#8221; header_6_font=&#8221;Roboto||||||||&#8221; header_6_text_color=&#8221;#00b2e5&#8243; header_6_font_size=&#8221;20px&#8221; header_6_line_height=&#8221;1.2em&#8221; global_colors_info=&#8221;{}&#8221;]<\/p>\n<p style=\"text-align: justify\"><strong>Alyssa Wise, <\/strong>Profesora Asociada de Ciencias del Aprendizaje y Tecnolog\u00eda Educativa en la Universidad de Nueva York y Directora de NYU-LEARN.<\/p>\n<p>[\/et_pb_text][\/et_pb_column][\/et_pb_row][et_pb_row column_structure=&#8221;1_3,2_3&#8243; _builder_version=&#8221;4.16&#8243; max_width=&#8221;900px&#8221; custom_margin_tablet=&#8221;|||&#8221; custom_margin_phone=&#8221;|||&#8221; custom_margin_last_edited=&#8221;on|desktop&#8221; animation_style=&#8221;zoom&#8221; animation_direction=&#8221;top&#8221; animation_intensity_zoom=&#8221;10%&#8221; border_color_all=&#8221;rgba(51,51,51,0.05)&#8221; border_width_bottom=&#8221;2px&#8221; use_custom_width=&#8221;on&#8221; custom_width_px=&#8221;900px&#8221; global_colors_info=&#8221;{}&#8221;][et_pb_column type=&#8221;1_3&#8243; _builder_version=&#8221;4.16&#8243; custom_padding=&#8221;|||&#8221; global_colors_info=&#8221;{}&#8221; custom_padding__hover=&#8221;|||&#8221;][et_pb_text _builder_version=&#8221;4.16&#8243; text_line_height=&#8221;1.9em&#8221; header_font=&#8221;||||||||&#8221; header_6_font=&#8221;Roboto|||on|||||&#8221; header_6_font_size=&#8221;20px&#8221; header_6_line_height=&#8221;1.2em&#8221; global_colors_info=&#8221;{}&#8221;]<\/p>\n<h6>14:15 &#8211; 14:30<\/h6>\n<p>[\/et_pb_text][\/et_pb_column][et_pb_column type=&#8221;2_3&#8243; _builder_version=&#8221;4.16&#8243; custom_padding=&#8221;|||&#8221; global_colors_info=&#8221;{}&#8221; custom_padding__hover=&#8221;|||&#8221;][et_pb_text _builder_version=&#8221;4.16&#8243; text_font=&#8221;||||||||&#8221; text_font_size=&#8221;20px&#8221; text_line_height=&#8221;1.9em&#8221; header_font=&#8221;||||||||&#8221; header_6_font=&#8221;Roboto||||||||&#8221; header_6_text_color=&#8221;#00b2e5&#8243; header_6_font_size=&#8221;20px&#8221; header_6_line_height=&#8221;1.2em&#8221; global_colors_info=&#8221;{}&#8221;]<\/p>\n<p style=\"text-align: justify\"><b>Clausura XI Jornadas eMadrid<\/b><\/p>\n<p>[\/et_pb_text][\/et_pb_column][\/et_pb_row][et_pb_row column_structure=&#8221;1_2,1_2&#8243; _builder_version=&#8221;4.16&#8243; _module_preset=&#8221;default&#8221; saved_tabs=&#8221;all&#8221; global_colors_info=&#8221;{}&#8221; global_module=&#8221;6016&#8243; theme_builder_area=&#8221;post_content&#8221;][et_pb_column type=&#8221;1_2&#8243; _builder_version=&#8221;4.16&#8243; _module_preset=&#8221;default&#8221; global_colors_info=&#8221;{}&#8221; theme_builder_area=&#8221;post_content&#8221;][et_pb_image src=&#8221;https:\/\/storage.googleapis.com\/wp-uploads.bucket.wp.uc3m.es\/wp-content\/uploads\/sites\/40\/2022\/02\/17101445\/Captura-de-pantalla-2022-02-17-094116.png&#8221; title_text=&#8221;Captura de pantalla 2022-02-17 094116&#8243; _builder_version=&#8221;4.17.0&#8243; _module_preset=&#8221;default&#8221; global_colors_info=&#8221;{}&#8221; theme_builder_area=&#8221;post_content&#8221;][\/et_pb_image][\/et_pb_column][et_pb_column type=&#8221;1_2&#8243; _builder_version=&#8221;4.16&#8243; _module_preset=&#8221;default&#8221; global_colors_info=&#8221;{}&#8221; theme_builder_area=&#8221;post_content&#8221;][et_pb_image src=&#8221;https:\/\/storage.googleapis.com\/wp-uploads.bucket.wp.uc3m.es\/wp-content\/uploads\/sites\/40\/2022\/04\/08105443\/DG-INVESTIGACION-bandera-dcha.jpg&#8221; title_text=&#8221;DG INVESTIGACION bandera dcha&#8221; _builder_version=&#8221;4.16&#8243; _module_preset=&#8221;default&#8221; global_colors_info=&#8221;{}&#8221; theme_builder_area=&#8221;post_content&#8221;][\/et_pb_image][\/et_pb_column][\/et_pb_row][et_pb_row _builder_version=&#8221;4.16&#8243; _module_preset=&#8221;default&#8221; global_colors_info=&#8221;{}&#8221;][et_pb_column type=&#8221;4_4&#8243; _builder_version=&#8221;4.16&#8243; _module_preset=&#8221;default&#8221; global_colors_info=&#8221;{}&#8221;][et_pb_divider _builder_version=&#8221;4.16&#8243; _module_preset=&#8221;default&#8221; global_colors_info=&#8221;{}&#8221;][\/et_pb_divider][et_pb_text _builder_version=&#8221;4.16&#8243; _module_preset=&#8221;default&#8221; global_colors_info=&#8221;{}&#8221;]<\/p>\n<h2 style=\"text-align: justify\"><span class=\"im\"><span>Informaci\u00f3n b\u00e1sica sobre protecci\u00f3n de datos<\/span><\/span><\/h2>\n<p style=\"text-align: justify\">RESPONSABLE DEL TRATAMIENTO. Universidad Carlos III de Madrid.<\/p>\n<p style=\"text-align: justify\">IDENTIFICACI\u00d3N DEL TRATAMIENTO. Jornadas y conferencias.<\/p>\n<p style=\"text-align: justify\">FINALIDAD. Organizar y desarrollar jornadas, conferencias, ponencias y otras actividades similares. Gesti\u00f3n de las inscripciones y, en su caso, cobros, comunicaci\u00f3n y promoci\u00f3n y difusi\u00f3n de dichas actividades.<\/p>\n<p style=\"text-align: justify\">EJERCICIO DE DERECHOS. Podr\u00e1 ejercer sus derechos de acceso, rectificaci\u00f3n, supresi\u00f3n, limitaci\u00f3n, portabilidad y oposici\u00f3n a su tratamiento, mediante el env\u00edo de un correo a la siguiente direcci\u00f3n:<span>\u00a0<\/span><a href=\"mailto:dpd@uc3m.es\" target=\"_blank\" rel=\"noopener noreferrer\"><span>dpd@uc3m.es<\/span><\/a><\/p>\n<p style=\"text-align: justify\"><span>INFORMACI\u00d3N ADICIONAL. Puede consultar la informaci\u00f3n adicional y detallada sobre nuestra Pol\u00edtica de Privacidad en\u00a0<\/span><a href=\"https:\/\/www.uc3m.es\/protecciondedatos\" target=\"_blank\" rel=\"noopener noreferrer\"><span>https:\/\/www.uc3m.es\/protecciondedatos<\/span><\/a><\/p>\n<p>[\/et_pb_text][\/et_pb_column][\/et_pb_row][\/et_pb_section]<\/p>\n","protected":false},"excerpt":{"rendered":"<p>Fecha y registro 23 y 24 de septiembre, 2020 Las X Jornadas eMadrid son un evento online que se celebrar\u00e1 a trav\u00e9s de la plataforma BlackBoard Collaborate. Puedes acceder pinchando\u00a0aqu\u00ed. La asistencia es abierta y gratuita pero exige registro previo Las\u00a0Jornadas eMadrid\u00a0cumplen 10 a\u00f1os en un momento marcado por la\u00a0pandemia del coronavirus, que ha hecho [&hellip;]<\/p>\n","protected":false},"author":82,"featured_media":8377,"comment_status":"closed","ping_status":"open","sticky":false,"template":"","format":"standard","meta":{"_et_pb_use_builder":"on","_et_pb_old_content":"","_et_gb_content_width":"","footnotes":""},"categories":[6,4],"tags":[],"class_list":["post-825","post","type-post","status-publish","format-standard","has-post-thumbnail","hentry","category-eventos","category-inicio"],"_links":{"self":[{"href":"https:\/\/emadridnet.uc3m.es\/en\/wp-json\/wp\/v2\/posts\/825","targetHints":{"allow":["GET"]}}],"collection":[{"href":"https:\/\/emadridnet.uc3m.es\/en\/wp-json\/wp\/v2\/posts"}],"about":[{"href":"https:\/\/emadridnet.uc3m.es\/en\/wp-json\/wp\/v2\/types\/post"}],"author":[{"embeddable":true,"href":"https:\/\/emadridnet.uc3m.es\/en\/wp-json\/wp\/v2\/users\/82"}],"replies":[{"embeddable":true,"href":"https:\/\/emadridnet.uc3m.es\/en\/wp-json\/wp\/v2\/comments?post=825"}],"version-history":[{"count":8,"href":"https:\/\/emadridnet.uc3m.es\/en\/wp-json\/wp\/v2\/posts\/825\/revisions"}],"predecessor-version":[{"id":8381,"href":"https:\/\/emadridnet.uc3m.es\/en\/wp-json\/wp\/v2\/posts\/825\/revisions\/8381"}],"wp:featuredmedia":[{"embeddable":true,"href":"https:\/\/emadridnet.uc3m.es\/en\/wp-json\/wp\/v2\/media\/8377"}],"wp:attachment":[{"href":"https:\/\/emadridnet.uc3m.es\/en\/wp-json\/wp\/v2\/media?parent=825"}],"wp:term":[{"taxonomy":"category","embeddable":true,"href":"https:\/\/emadridnet.uc3m.es\/en\/wp-json\/wp\/v2\/categories?post=825"},{"taxonomy":"post_tag","embeddable":true,"href":"https:\/\/emadridnet.uc3m.es\/en\/wp-json\/wp\/v2\/tags?post=825"}],"curies":[{"name":"wp","href":"https:\/\/api.w.org\/{rel}","templated":true}]}}