{"id":9593,"date":"2023-02-14T09:11:32","date_gmt":"2023-02-14T09:11:32","guid":{"rendered":"https:\/\/emadridnet.uc3m.es\/?p=9593"},"modified":"2023-02-27T13:24:58","modified_gmt":"2023-02-27T13:24:58","slug":"competencias-digitales-para-la-educacion-abierta","status":"publish","type":"post","link":"https:\/\/emadridnet.uc3m.es\/en\/2023\/02\/14\/competencias-digitales-para-la-educacion-abierta\/","title":{"rendered":"&#8220;Competencias Digitales para la Educaci\u00f3n Abierta&#8221;"},"content":{"rendered":"<p>[et_pb_section fb_built=&#8221;1&#8243; fullwidth=&#8221;on&#8221; admin_label=&#8221;Header&#8221; _builder_version=&#8221;4.17.0&#8243; background_image=&#8221;https:\/\/emadridnet.uc3m.es\/wp-content\/uploads\/sites\/40\/2021\/05\/meetup-02.jpg&#8221; parallax=&#8221;on&#8221; custom_padding=&#8221;|||&#8221; animation_style=&#8221;slide&#8221; animation_direction=&#8221;top&#8221; animation_intensity_slide=&#8221;2%&#8221; global_colors_info=&#8221;{}&#8221;][et_pb_fullwidth_header title=&#8221;\u00abCompetencias Digitales para la Educaci\u00f3n Abierta\u00bb&#8221; subhead=&#8221;Andreia Inamorato dos Santos&#8221; button_one_text=&#8221;Reg\u00edstrate gratis&#8221; button_one_url=&#8221;https:\/\/forms.gle\/2eY3qzUukg4xqazg9&#8243; background_overlay_color=&#8221;rgba(255,255,255,0.6)&#8221; content_max_width=&#8221;700px&#8221; content_max_width_tablet=&#8221;100%&#8221; content_max_width_phone=&#8221;&#8221; content_max_width_last_edited=&#8221;on|desktop&#8221; _builder_version=&#8221;4.19.4&#8243; title_font=&#8221;Roboto|300|||||||&#8221; title_font_size=&#8221;60px&#8221; title_line_height=&#8221;1.4em&#8221; content_font=&#8221;||||||||&#8221; content_font_size=&#8221;17px&#8221; content_line_height=&#8221;1.9em&#8221; subhead_font=&#8221;|600|||||||&#8221; subhead_font_size=&#8221;20px&#8221; subhead_line_height=&#8221;1.8em&#8221; background_enable_color=&#8221;off&#8221; background_image=&#8221;https:\/\/storage.googleapis.com\/wp-uploads.bucket.wp.uc3m.es\/wp-content\/uploads\/sites\/40\/2023\/02\/14124619\/Andreia-1.png&#8221; custom_button_one=&#8221;on&#8221; button_one_text_size=&#8221;14px&#8221; button_one_text_color=&#8221;#ffffff&#8221; button_one_bg_color=&#8221;#8300e9&#8243; button_one_bg_color_gradient_direction=&#8221;90deg&#8221; button_one_bg_color_gradient_stops=&#8221;#d883f8 0%|#352DBE 100%&#8221; button_one_bg_color_gradient_start=&#8221;#d883f8&#8243; button_one_bg_color_gradient_end=&#8221;#352DBE&#8221; button_one_border_width=&#8221;10px&#8221; button_one_border_color=&#8221;rgba(0,0,0,0)&#8221; button_one_border_radius=&#8221;100px&#8221; button_one_letter_spacing=&#8221;3px&#8221; button_one_font=&#8221;Roboto|700||on|||||&#8221; custom_button_two=&#8221;on&#8221; button_two_text_size=&#8221;14px&#8221; button_two_text_color=&#8221;#ffffff&#8221; button_two_bg_color=&#8221;#06c8ff&#8221; button_two_border_width=&#8221;10px&#8221; button_two_border_color=&#8221;rgba(0,0,0,0)&#8221; button_two_border_radius=&#8221;100px&#8221; button_two_letter_spacing=&#8221;3px&#8221; button_two_font=&#8221;Roboto|700||on|||||&#8221; background_layout=&#8221;light&#8221; min_height=&#8221;621.5px&#8221; custom_margin=&#8221;||||false&#8221; custom_padding=&#8221;0vw||0vw||true|&#8221; custom_padding_tablet=&#8221;250px||250px||true&#8221; custom_padding_last_edited=&#8221;off|desktop&#8221; link_option_url_new_window=&#8221;on&#8221; title_font_size_tablet=&#8221;40px&#8221; title_font_size_phone=&#8221;32px&#8221; title_font_size_last_edited=&#8221;on|desktop&#8221; button_one_text_color_hover=&#8221;#ffffff&#8221; button_two_text_color_hover=&#8221;#ffffff&#8221; button_one_letter_spacing_hover=&#8221;3px&#8221; button_two_letter_spacing_hover=&#8221;3px&#8221; global_colors_info=&#8221;{}&#8221; button_one_text_size__hover_enabled=&#8221;off&#8221; button_two_text_size__hover_enabled=&#8221;off&#8221; button_one_text_color__hover_enabled=&#8221;on&#8221; button_one_text_color__hover=&#8221;#ffffff&#8221; button_two_text_color__hover_enabled=&#8221;on&#8221; button_two_text_color__hover=&#8221;#ffffff&#8221; button_one_border_width__hover_enabled=&#8221;off&#8221; button_two_border_width__hover_enabled=&#8221;off&#8221; button_one_border_color__hover_enabled=&#8221;off&#8221; button_two_border_color__hover_enabled=&#8221;off&#8221; button_one_border_radius__hover_enabled=&#8221;off&#8221; button_two_border_radius__hover_enabled=&#8221;off&#8221; button_one_letter_spacing__hover_enabled=&#8221;on&#8221; button_one_letter_spacing__hover=&#8221;3px&#8221; button_two_letter_spacing__hover_enabled=&#8221;on&#8221; button_two_letter_spacing__hover=&#8221;3px&#8221; button_one_bg_color__hover_enabled=&#8221;off&#8221; button_two_bg_color__hover_enabled=&#8221;off&#8221;]<\/p>\n<p><span><span lang=\"EN-GB\">Open Education Global (OEG) y Universidad de Barcelona, Espa\u00f1a.\u00a0<\/span><\/span><span><\/span><\/p>\n<p>[\/et_pb_fullwidth_header][\/et_pb_section][et_pb_section fb_built=&#8221;1&#8243; admin_label=&#8221;Visiting&#8221; _builder_version=&#8221;4.16&#8243; min_height=&#8221;418.7px&#8221; custom_margin=&#8221;||-51px|||&#8221; global_colors_info=&#8221;{}&#8221;][et_pb_row _builder_version=&#8221;4.16&#8243; custom_padding=&#8221;0px|0px|24px|0px|false|false&#8221; global_colors_info=&#8221;{}&#8221;][et_pb_column type=&#8221;4_4&#8243; _builder_version=&#8221;4.16&#8243; custom_padding=&#8221;|||&#8221; global_colors_info=&#8221;{}&#8221; custom_padding__hover=&#8221;|||&#8221;][et_pb_text _builder_version=&#8221;4.19.4&#8243; text_font=&#8221;||||||||&#8221; text_font_size=&#8221;16px&#8221; text_line_height=&#8221;1.9em&#8221; header_font=&#8221;||||||||&#8221; header_2_font=&#8221;Roboto|300|||||||&#8221; header_2_font_size=&#8221;50px&#8221; header_2_line_height=&#8221;1.4em&#8221; header_2_font_size_tablet=&#8221;40px&#8221; header_2_font_size_phone=&#8221;32px&#8221; header_2_font_size_last_edited=&#8221;on|phone&#8221; global_colors_info=&#8221;{}&#8221;]<\/p>\n<h2 style=\"text-align: justify\">Resumen de la ponencia<\/h2>\n<p style=\"text-align: justify\"><span>En esta ponencia se hablar\u00e1 sobre la relaci\u00f3n entre educaci\u00f3n abierta y competencias digitales en el contexto de la ense\u00f1anza superior, con una mirada internacional adquirida a trav\u00e9s de su liderazgo estrat\u00e9gico de la OEG Open Education Global (oeglobal.org), y de sus 9 a\u00f1os de experiencia en la Comisi\u00f3n Europea, en el liderazgo de la investigaci\u00f3n sobre educaci\u00f3n abierta desde el Centro Com\u00fan de Investigaci\u00f3n (JRC). <\/span><\/p>\n<p style=\"text-align: justify\"><span>Adem\u00e1s, presentar\u00e1 los resultados de una investigaci\u00f3n realizada en \u00e1mbito nacional en Espa\u00f1a, &#8220;<\/span><a href=\"https:\/\/www.crue.org\/wp-content\/uploads\/2022\/07\/Competencias-digitales-del-profesorado-universitario-en-Espan%CC%83a-ONLINE.pdf\">Competencias Digitales del Profesorado Universitario en Espa\u00f1a<\/a><span>: un estudio basado en los marcos europeos DigCompEdu y OpenEdu&#8221;, (2022, JRC-CRUE), donde se investiga el \u00e1rea &#8220;educaci\u00f3n abierta&#8221; como parte de la competencia digital docente.<\/span><\/p>\n<p>[\/et_pb_text][\/et_pb_column][\/et_pb_row][\/et_pb_section][et_pb_section fb_built=&#8221;1&#8243; admin_label=&#8221;About&#8221; _builder_version=&#8221;4.16&#8243; min_height=&#8221;453px&#8221; custom_margin=&#8221;-3px|||||&#8221; custom_padding=&#8221;0px||0px|||&#8221; global_colors_info=&#8221;{}&#8221;][et_pb_row column_structure=&#8221;1_2,1_2&#8243; padding_top_bottom_link_1=&#8221;true&#8221; padding_left_right_link_1=&#8221;true&#8221; _builder_version=&#8221;4.16&#8243; min_height=&#8221;452.8px&#8221; custom_padding=&#8221;27px|||||&#8221; global_colors_info=&#8221;{}&#8221;][et_pb_column type=&#8221;1_2&#8243; _builder_version=&#8221;4.16&#8243; background_image=&#8221;https:\/\/storage.googleapis.com\/wp-uploads.bucket.wp.uc3m.es\/wp-content\/uploads\/sites\/40\/2021\/05\/28095053\/column-background-02.png&#8221; custom_padding=&#8221;50px|50px|50px|50px&#8221; custom_padding_tablet=&#8221;&#8221; custom_padding_phone=&#8221;20px|20px|20px|20px|true|true&#8221; custom_padding_last_edited=&#8221;on|phone&#8221; global_colors_info=&#8221;{}&#8221; padding_phone=&#8221;20px|20px|20px|20px|true|true&#8221; padding_last_edited=&#8221;on|phone&#8221; custom_padding__hover=&#8221;|||&#8221;][et_pb_image src=&#8221;https:\/\/storage.googleapis.com\/wp-uploads.bucket.wp.uc3m.es\/wp-content\/uploads\/sites\/40\/2023\/02\/14090611\/Andreia-e1676368218273.png&#8221; title_text=&#8221;Andreia&#8221; align_tablet=&#8221;center&#8221; align_phone=&#8221;&#8221; align_last_edited=&#8221;on|desktop&#8221; _builder_version=&#8221;4.19.4&#8243; animation_style=&#8221;zoom&#8221; animation_intensity_zoom=&#8221;10%&#8221; box_shadow_style=&#8221;preset1&#8243; box_shadow_vertical=&#8221;32px&#8221; box_shadow_blur=&#8221;100px&#8221; box_shadow_color=&#8221;rgba(0,0,0,0.15)&#8221; global_colors_info=&#8221;{}&#8221;][\/et_pb_image][\/et_pb_column][et_pb_column type=&#8221;1_2&#8243; _builder_version=&#8221;4.16&#8243; custom_padding=&#8221;|||&#8221; custom_padding_tablet=&#8221;0px|||&#8221; custom_padding_last_edited=&#8221;off|desktop&#8221; global_colors_info=&#8221;{}&#8221; padding_tablet=&#8221;0px|||&#8221; padding_last_edited=&#8221;off|desktop&#8221; custom_padding__hover=&#8221;|||&#8221;][et_pb_text _builder_version=&#8221;4.19.4&#8243; text_font=&#8221;||||||||&#8221; text_font_size=&#8221;16px&#8221; text_line_height=&#8221;1.9em&#8221; header_font=&#8221;||||||||&#8221; header_2_font=&#8221;Roboto|300|||||||&#8221; header_2_font_size=&#8221;50px&#8221; header_2_line_height=&#8221;1.4em&#8221; header_2_font_size_tablet=&#8221;40px&#8221; header_2_font_size_phone=&#8221;32px&#8221; header_2_font_size_last_edited=&#8221;on|phone&#8221; global_colors_info=&#8221;{}&#8221;]<\/p>\n<h2 style=\"text-align: justify\">Biograf\u00eda<\/h2>\n<p style=\"text-align: justify\">Dra. Andreia Inamorato dos Santos es investigadora, conferencista y consultora internacional en educaci\u00f3n digital, tecnolog\u00edas educativas y educaci\u00f3n abierta. Actualmente se dedica\u00a0 al liderazgo estrat\u00e9gico de una OEG\u00a0 (Open Education Global &#8211; <a href=\"http:\/\/oeglobal.org\">oeglobal.org<\/a>), y\u00a0a la investigaci\u00f3n en educaci\u00f3n abierta y digital a trav\u00e9s de la Universidad de Barcelona, Facultad de Educaci\u00f3n.<\/p>\n<p style=\"text-align: justify\">Tiene un doctorado en tecnolog\u00edas educativas de la Universidad Abierta del Reino Unido.\u00a0Trabaj\u00f3 como Oficial Cient\u00edfico en el\u00a0Centro Com\u00fan de Investigaci\u00f3n (JRC) de la\u00a0<a href=\"https:\/\/ec.europa.eu\/info\/index_en\">Comisi\u00f3n Europea\u00a0(2013-2022).<\/a> Su trabajo se encuentra en la intersecci\u00f3n de la investigaci\u00f3n y la pol\u00edtica, contribuyendo a identificar oportunidades y desaf\u00edos en la implementaci\u00f3n de tecnolog\u00edas de la informaci\u00f3n y la comunicaci\u00f3n (TIC) para\u00a0<a href=\"https:\/\/publications.jrc.ec.europa.eu\/repository\/handle\/JRC115663\">modernizar las<\/a>\u00a0pr\u00e1cticas de ense\u00f1anza, aprendizaje y formaci\u00f3n en Europa y otras partes del mundo. Sus principales proyectos son el\u00a0<a href=\"https:\/\/publications.jrc.ec.europa.eu\/repository\/handle\/JRC101436\">Marco OpenEdu<\/a>\u00a0para la Educaci\u00f3n Abierta, el\u00a0<a href=\"https:\/\/ec.europa.eu\/jrc\/en\/digcompedu\">Marco DigcompEdu<\/a>\u00a0para la competencia digital de los educadores y su investigaci\u00f3n sobre\u00a0<a href=\"https:\/\/publications.jrc.ec.europa.eu\/repository\/handle\/JRC108255\">Blockchain en Educaci\u00f3n<\/a>.<\/p>\n<p style=\"text-align: justify\">Andreia tiene m\u00e1s de 25 a\u00f1os de experiencia en docencia e investigaci\u00f3n en educaci\u00f3n, trabajando internacionalmente con instituciones en Am\u00e9rica Latina, Europa, Estados Unidos y \u00c1frica.<\/p>\n<p>&nbsp;<\/p>\n<p>[\/et_pb_text][\/et_pb_column][\/et_pb_row][\/et_pb_section][et_pb_section fb_built=&#8221;1&#8243; admin_label=&#8221;Past Events&#8221; _builder_version=&#8221;4.16&#8243; background_image=&#8221;https:\/\/emadridnet.uc3m.es\/wp-content\/uploads\/sites\/40\/2021\/05\/bg-4.png&#8221; background_size=&#8221;initial&#8221; background_position=&#8221;bottom_left&#8221; custom_padding=&#8221;54px|0px|0|0px|false|false&#8221; global_colors_info=&#8221;{}&#8221;][et_pb_row _builder_version=&#8221;4.16&#8243; global_colors_info=&#8221;{}&#8221;][et_pb_column type=&#8221;4_4&#8243; _builder_version=&#8221;4.16&#8243; custom_padding=&#8221;|||&#8221; global_colors_info=&#8221;{}&#8221; custom_padding__hover=&#8221;|||&#8221;][et_pb_text _builder_version=&#8221;4.16&#8243; text_font=&#8221;||||||||&#8221; text_font_size=&#8221;16px&#8221; text_line_height=&#8221;1.9em&#8221; header_font=&#8221;||||||||&#8221; header_2_font=&#8221;Roboto|300|||||||&#8221; header_2_font_size=&#8221;50px&#8221; header_2_line_height=&#8221;1.4em&#8221; text_orientation=&#8221;center&#8221; header_2_font_size_tablet=&#8221;40px&#8221; header_2_font_size_phone=&#8221;32px&#8221; header_2_font_size_last_edited=&#8221;on|phone&#8221; locked=&#8221;off&#8221; global_colors_info=&#8221;{}&#8221;]<\/p>\n<h2>V\u00eddeo<\/h2>\n<p>[\/et_pb_text][\/et_pb_column][\/et_pb_row][et_pb_row custom_padding_last_edited=&#8221;on|phone&#8221; _builder_version=&#8221;4.16&#8243; background_image=&#8221;https:\/\/storage.googleapis.com\/wp-uploads.bucket.wp.uc3m.es\/wp-content\/uploads\/sites\/40\/2021\/05\/28095101\/column-background-03-1.png&#8221; min_height=&#8221;93px&#8221; custom_margin=&#8221;15px|auto|-12px|auto||&#8221; custom_padding=&#8221;6px|50px|0|50px|false|false&#8221; custom_padding_tablet=&#8221;&#8221; custom_padding_phone=&#8221;20px|20px||20px||true&#8221; global_colors_info=&#8221;{}&#8221;][et_pb_column type=&#8221;4_4&#8243; _builder_version=&#8221;4.16&#8243; custom_padding=&#8221;|||&#8221; global_colors_info=&#8221;{}&#8221; custom_padding__hover=&#8221;|||&#8221;][et_pb_text _builder_version=&#8221;4.19.4&#8243; _module_preset=&#8221;default&#8221; text_orientation=&#8221;center&#8221; global_colors_info=&#8221;{}&#8221;]<\/p>\n<p>No disponible todavia.<\/p>\n<p>[\/et_pb_text][\/et_pb_column][\/et_pb_row][et_pb_row _builder_version=&#8221;4.16&#8243; _module_preset=&#8221;default&#8221; global_colors_info=&#8221;{}&#8221;][et_pb_column type=&#8221;4_4&#8243; _builder_version=&#8221;4.16&#8243; _module_preset=&#8221;default&#8221; global_colors_info=&#8221;{}&#8221;][et_pb_text _builder_version=&#8221;4.16&#8243; text_font=&#8221;||||||||&#8221; text_font_size=&#8221;16px&#8221; text_line_height=&#8221;1.9em&#8221; header_font=&#8221;||||||||&#8221; header_2_font=&#8221;Roboto|300|||||||&#8221; header_2_font_size=&#8221;50px&#8221; header_2_line_height=&#8221;1.4em&#8221; text_orientation=&#8221;center&#8221; custom_padding=&#8221;84px|||||&#8221; header_2_font_size_tablet=&#8221;40px&#8221; header_2_font_size_phone=&#8221;32px&#8221; header_2_font_size_last_edited=&#8221;on|phone&#8221; locked=&#8221;off&#8221; global_colors_info=&#8221;{}&#8221;]<\/p>\n<h2>Presentaci\u00f3n<\/h2>\n<p>[\/et_pb_text][\/et_pb_column][\/et_pb_row][et_pb_row _builder_version=&#8221;4.16&#8243; _module_preset=&#8221;default&#8221; global_colors_info=&#8221;{}&#8221;][et_pb_column type=&#8221;4_4&#8243; _builder_version=&#8221;4.16&#8243; _module_preset=&#8221;default&#8221; global_colors_info=&#8221;{}&#8221;][et_pb_text _builder_version=&#8221;4.19.4&#8243; _module_preset=&#8221;default&#8221; background_image=&#8221;https:\/\/storage.googleapis.com\/wp-uploads.bucket.wp.uc3m.es\/wp-content\/uploads\/sites\/40\/2021\/05\/28095053\/column-background-02.png&#8221; background_size=&#8221;contain&#8221; text_orientation=&#8221;center&#8221; global_colors_info=&#8221;{}&#8221;]<\/p>\n<p><iframe loading=\"lazy\" title=\"Competencias_digitales_del_profesorado_universitario_para_la_educaci\u00f3n_abierta .pdf\" src=\"https:\/\/www.slideshare.net\/slideshow\/embed_code\/key\/NQrXiOg3FkMpJO\" width=\"427\" height=\"356\" frameborder=\"0\" marginwidth=\"0\" marginheight=\"0\" scrolling=\"no\" style=\"border:1px solid #CCC; border-width:1px; margin-bottom:5px; max-width: 100%;\" allowfullscreen> <\/iframe> <\/p>\n<div style=\"margin-bottom:5px\"> <strong> <a href=\"https:\/\/www.slideshare.net\/emadridnet\/competenciasdigitalesdelprofesoradouniversitarioparalaeducacinabierta-pdf\" title=\"Competencias_digitales_del_profesorado_universitario_para_la_educaci\u00f3n_abierta .pdf\" target=\"_blank\">Competencias_digitales_del_profesorado_universitario_para_la_educaci\u00f3n_abierta .pdf<\/a> <\/strong> from <strong><a href=\"https:\/\/www.slideshare.net\/emadridnet\" target=\"_blank\">eMadrid network<\/a><\/strong> <\/div>\n<\/p>\n<p>&nbsp;<\/p>\n<p>[\/et_pb_text][\/et_pb_column][\/et_pb_row][\/et_pb_section]<\/p>\n","protected":false},"excerpt":{"rendered":"<p>Open Education Global (OEG) y Universidad de Barcelona, Espa\u00f1a.\u00a0Resumen de la ponencia En esta ponencia se hablar\u00e1 sobre la relaci\u00f3n entre educaci\u00f3n abierta y competencias digitales en el contexto de la ense\u00f1anza superior, con una mirada internacional adquirida a trav\u00e9s de su liderazgo estrat\u00e9gico de la OEG Open Education Global (oeglobal.org), y de sus 9 [&hellip;]<\/p>\n","protected":false},"author":262,"featured_media":0,"comment_status":"closed","ping_status":"open","sticky":false,"template":"","format":"standard","meta":{"_et_pb_use_builder":"on","_et_pb_old_content":"","_et_gb_content_width":"","footnotes":""},"categories":[1],"tags":[],"class_list":["post-9593","post","type-post","status-publish","format-standard","hentry","category-sin-categorizar"],"_links":{"self":[{"href":"https:\/\/emadridnet.uc3m.es\/en\/wp-json\/wp\/v2\/posts\/9593","targetHints":{"allow":["GET"]}}],"collection":[{"href":"https:\/\/emadridnet.uc3m.es\/en\/wp-json\/wp\/v2\/posts"}],"about":[{"href":"https:\/\/emadridnet.uc3m.es\/en\/wp-json\/wp\/v2\/types\/post"}],"author":[{"embeddable":true,"href":"https:\/\/emadridnet.uc3m.es\/en\/wp-json\/wp\/v2\/users\/262"}],"replies":[{"embeddable":true,"href":"https:\/\/emadridnet.uc3m.es\/en\/wp-json\/wp\/v2\/comments?post=9593"}],"version-history":[{"count":20,"href":"https:\/\/emadridnet.uc3m.es\/en\/wp-json\/wp\/v2\/posts\/9593\/revisions"}],"predecessor-version":[{"id":9910,"href":"https:\/\/emadridnet.uc3m.es\/en\/wp-json\/wp\/v2\/posts\/9593\/revisions\/9910"}],"wp:attachment":[{"href":"https:\/\/emadridnet.uc3m.es\/en\/wp-json\/wp\/v2\/media?parent=9593"}],"wp:term":[{"taxonomy":"category","embeddable":true,"href":"https:\/\/emadridnet.uc3m.es\/en\/wp-json\/wp\/v2\/categories?post=9593"},{"taxonomy":"post_tag","embeddable":true,"href":"https:\/\/emadridnet.uc3m.es\/en\/wp-json\/wp\/v2\/tags?post=9593"}],"curies":[{"name":"wp","href":"https:\/\/api.w.org\/{rel}","templated":true}]}}